{"id":175559,"date":"2025-10-14T06:30:12","date_gmt":"2025-10-14T06:30:12","guid":{"rendered":"https:\/\/www.europesays.com\/es\/175559\/"},"modified":"2025-10-14T06:30:12","modified_gmt":"2025-10-14T06:30:12","slug":"ucam-murcia-cb-la-fiba-europe-cup-una-puerta-que-se-abre-a-los-secundarios","status":"publish","type":"post","link":"https:\/\/www.europesays.com\/es\/175559\/","title":{"rendered":"UCAM Murcia CB | La FIBA Europe Cup, una puerta que se abre a los secundarios"},"content":{"rendered":"<p class=\"ft-text\"><a class=\"ft-link ft-link--decoration\" href=\"https:\/\/www.laopiniondemurcia.es\/deportes\/2025\/10\/08\/hicks-tipico-jugador-egoista-busca-122415635.html\" target=\"_blank\" rel=\"nofollow noopener\">Zach Hicks, el reci\u00e9n llegado para sustituir al lesionado Kaiser Gates, ha jugado 7:09 minutos en las dos primeras jornadas de ACB<\/a>; <a class=\"ft-link ft-link--decoration\" href=\"https:\/\/www.laopiniondemurcia.es\/deportes\/2025\/07\/03\/moussa-diagne-ucam-murcia-aseguran-119329122.html\" target=\"_blank\" rel=\"nofollow noopener\">Moussa Diagne solo ha intervenido 5:57 en un partido, <\/a>en la jornada inaugural contra el MoraBanc Andorra; <strong>Dani Garc\u00eda se qued\u00f3 sin vestir en ambos duelos; y Rub\u00e9n L\u00f3pez de la Torre<\/strong>, quien no estaba recuperado en el primero de una lesi\u00f3n, ni siquiera lleg\u00f3 a viajar en el segundo a Girona.<\/p>\n<p class=\"ft-text\">Para estos cuatro jugadores, <strong>los secundarios hasta el momento para Sito <\/strong><a class=\"ft-link ft-link--decoration\" href=\"https:\/\/formula1.lne.es\/fernando-alonso\/\" rel=\"nofollow noopener\" target=\"_blank\"><strong>Alonso<\/strong><\/a><strong>, se abre un nuevo escenario esta semana con el arranque de la FIBA Europe Cup<\/strong>, la competici\u00f3n continental que <a class=\"ft-link ft-link--decoration\" href=\"https:\/\/www.laopiniondemurcia.es\/deportes\/2025\/10\/02\/ucam-murcia-horarios-fechas-clave-122210464.html\" target=\"_blank\" rel=\"nofollow noopener\">disputar\u00e1 esta temporada el equipo universitario despu\u00e9s de quedar apeado de la Basketball Champions League<\/a>. Y se abre porque el equipo necesita cinco cupos y, salvo Hicks, los otros tres que cumplen esa condici\u00f3n adem\u00e1s de Will Falk, Sander Raieste y Emanuel Cate. Por tanto, <strong>el t\u00e9cnico necesita entre Diagne, Dani Garc\u00eda y Rub\u00e9n L\u00f3pez a dos de ellos para esta competici\u00f3n<\/strong>, teniendo que hacer tambi\u00e9n un descarte que debe salir de la terna formada por <strong>David DeJulius, Michael Forrest, Dylan Ennis, Jonah Radebaugh, Howard Sant-Roos, Toni Nakic, Devontae Cacok o Zach Hicks<\/strong>. Teniendo en cuenta que el \u00faltimo es quien m\u00e1s rodaje necesita para adaptarse a la din\u00e1mica del equipo, todo apunta a que ser\u00e1 entre los otros siete jugadores donde estar\u00e1n los dos que descansar\u00e1n ma\u00f1ana mi\u00e9rcoles en el <strong>Palacio de los Deportes (20:30 horas, Popular Televisi\u00f3n) en el arranque del torneo. <\/strong><\/p>\n<p>Raieste, el que m\u00e1s juega<\/p>\n<p class=\"ft-text\">Hasta el momento, en la ACB, <a class=\"ft-link ft-link--decoration\" href=\"https:\/\/www.laopiniondemurcia.es\/deportes\/2025\/10\/08\/sander-raieste-pasa-frio-calor-122384044.html\" target=\"_blank\" rel=\"nofollow noopener\">el jugador que m\u00e1s minutos ha estado en pista ha sido el alero Sander Raieste, con 22:46.<\/a> Le sigue Dylan Ennis, con 21:52, y David DeJulius, con 20:09. El resto de jugadores est\u00e1n por debajo de los veinte minutos, un hecho diferencial sobre la campa\u00f1a pasada, donde hasta ocho jugadores acabaron por encima de esa barrera. Ennis fue el l\u00edder con 28:24, pero es que dos m\u00e1s, <strong>Rodions Kurucs (25:26) y Kaiser Gates (25:35)<\/strong> estuvieron por encima de los veinticinco. Y superando los veinte estuvieron Simon Birgander (22:02), Ludde Hakanson (22:49), Howard Sant-Roos (21:53), Jonah Radebaugh (21:35) Vladimir Brodziansky (21:01) en los 17 partidos que disput\u00f3 con el equipo.<\/p>\n<p><img decoding=\"async\" src=\"https:\/\/www.europesays.com\/es\/wp-content\/uploads\/2025\/10\/b547f611-daa0-4e72-bb3d-68da9f1c1b36_alta-libre-aspect-ratio_default_0.jpg\" width=\"1200\" height=\"799\" alt=\"Sander Raieste, uno de los m\u00e1s destacados del encuentro entre el UCAM Murcia y el Andorra.\" class=\"ft-helper-img-rd\" loading=\"lazy\" hasdataaida=\"true\"\/><\/p>\n<p class=\"ft-helper-fontColor-quaternary ft-helper-fontSize-body-S ft-helper-spacer-t-xxs\">Sander Raieste, uno de los m\u00e1s destacados del encuentro entre el UCAM Murcia y el Andorra.  \/ ISRAEL SANCHEZ<\/p>\n<p class=\"ft-text\">En el curso actual, al margen de Diagne y Hicks, que est\u00e1n por debajo de los diez minutos, <strong>siete jugadores est\u00e1n entre los diez y los veinte: Devontae Cacok (19:12), Radebaugh (19:50), Forrest (19:44), Nakic (19:48), Cate (17:49), Sant-Roos (14:26) y Fall (14:13). <\/strong>Por tanto, hasta el momento, el reparto que ha realizado el t\u00e9cnico ha sido m\u00e1s equilibrado que el llevado a cabo durante el curso pasado.<\/p>\n<p>Un rival b\u00falgaro para empezar<\/p>\n<p class=\"ft-text\">El Rilski Sportist, equipo de la ciudad de Samokov, donde se disput\u00f3 la fase previa de la BCL, es ma\u00f1ana el primer equipo que pasar\u00e1 por el Palacio de los Deportes en la FIBA Europe Cup. El conjunto b\u00falgaro, <strong>que perdi\u00f3 en el primer partido de la previa de la Champions, llega a Murcia invicto en las dos primeras jornadas de su campeonato liguero<\/strong>, encuentros donde han destacado en anotaci\u00f3n dos jugadores, <strong>Kamau Stokes, un base estadounidense de 1,84 metros<\/strong> que ha jugado en Europa en Polonia, Alemania, Suecia, Hungr\u00eda, Rep\u00fablica Checa, Finlandia y Lituania, y que el curso pasado estuvo en M\u00e9xico y Argentina -ha promediado hasta ahora 22 puntos-; y el ala p\u00edvot <strong>Miroslav Vasov, un b\u00falgaro que ha desarrollado toda su carrera en el club y que ha anotado 21 puntos<\/strong>. Estos dos y el estadounidense Alan Arnett, un alero que lleva ya cuatro temporadas en Bulgaria, han estado m\u00e1s de 30 minutos en pista en una rotaci\u00f3n de ocho jugadores, donde tambi\u00e9n destaca la presencia de otro americano, el p\u00edvot de 2,06 metros <strong>Mike Edwards que la campa\u00f1a pasada jug\u00f3 en Ruman\u00eda y Alemania.<\/strong> El tambi\u00e9n <strong>p\u00edvot Jalen Thomas<\/strong>, que ha llegado este verano desde la G League, y los b\u00falgaros <strong>Hristo Bachkov, ala p\u00edvot, y Deyan Karamfilov, base,<\/strong> dos jugadores m\u00e1s de la casa, conforman la columna vertebral de un equipo que est\u00e1 entrenado por <strong>Lubomir Kirov, quien est\u00e1 en el banquillo del Rilski Sportist desde 2017.<\/strong><\/p>\n","protected":false},"excerpt":{"rendered":"Zach Hicks, el reci\u00e9n llegado para sustituir al lesionado Kaiser Gates, ha jugado 7:09 minutos en las dos&hellip;\n","protected":false},"author":2,"featured_media":175560,"comment_status":"","ping_status":"","sticky":false,"template":"","format":"standard","meta":{"footnotes":""},"categories":[269],"tags":[490,1660,299,298,658,4842,5393,168,25,24,406,13863,25902,740,23,167,1402],"class_list":{"0":"post-175559","1":"post","2":"type-post","3":"status-publish","4":"format-standard","5":"has-post-thumbnail","7":"category-baloncesto","8":"tag-abre","9":"tag-alemania","10":"tag-baloncesto","11":"tag-basketball","12":"tag-campana","13":"tag-competicion","14":"tag-cup","15":"tag-deportes","16":"tag-es","17":"tag-espana","18":"tag-europe","19":"tag-fiba","20":"tag-palacio-de-los-deportes","21":"tag-puerta","22":"tag-spain","23":"tag-sports","24":"tag-ucam-murcia-cb"},"share_on_mastodon":{"url":"","error":""},"_links":{"self":[{"href":"https:\/\/www.europesays.com\/es\/wp-json\/wp\/v2\/posts\/175559","targetHints":{"allow":["GET"]}}],"collection":[{"href":"https:\/\/www.europesays.com\/es\/wp-json\/wp\/v2\/posts"}],"about":[{"href":"https:\/\/www.europesays.com\/es\/wp-json\/wp\/v2\/types\/post"}],"author":[{"embeddable":true,"href":"https:\/\/www.europesays.com\/es\/wp-json\/wp\/v2\/users\/2"}],"replies":[{"embeddable":true,"href":"https:\/\/www.europesays.com\/es\/wp-json\/wp\/v2\/comments?post=175559"}],"version-history":[{"count":0,"href":"https:\/\/www.europesays.com\/es\/wp-json\/wp\/v2\/posts\/175559\/revisions"}],"wp:featuredmedia":[{"embeddable":true,"href":"https:\/\/www.europesays.com\/es\/wp-json\/wp\/v2\/media\/175560"}],"wp:attachment":[{"href":"https:\/\/www.europesays.com\/es\/wp-json\/wp\/v2\/media?parent=175559"}],"wp:term":[{"taxonomy":"category","embeddable":true,"href":"https:\/\/www.europesays.com\/es\/wp-json\/wp\/v2\/categories?post=175559"},{"taxonomy":"post_tag","embeddable":true,"href":"https:\/\/www.europesays.com\/es\/wp-json\/wp\/v2\/tags?post=175559"}],"curies":[{"name":"wp","href":"https:\/\/api.w.org\/{rel}","templated":true}]}}