{"id":175573,"date":"2025-10-14T06:40:07","date_gmt":"2025-10-14T06:40:07","guid":{"rendered":"https:\/\/www.europesays.com\/es\/175573\/"},"modified":"2025-10-14T06:40:07","modified_gmt":"2025-10-14T06:40:07","slug":"prometo-cuidar-de-tus-hijas","status":"publish","type":"post","link":"https:\/\/www.europesays.com\/es\/175573\/","title":{"rendered":"Prometo cuidar de tus hijas"},"content":{"rendered":"<p class=\"c-paragraph\"><a href=\"https:\/\/www.20minutos.es\/tags\/personas\/sonia-monroy.html\" title=\"Sonia Monroy\" rel=\"nofollow noopener\" target=\"_blank\">Sonia Monroy<\/a> vive un momento muy duro con el<b> fallecimiento de su hermana<\/b>, comunicado por ella misma. La propia artista hab\u00eda comunicado, a su regreso de Supervivientes All Stars, que su hermana se encontraba en sus \u00faltimos d\u00edas de vida.<\/p>\n<p class=\"c-paragraph\">Este lunes por la noche se ha producido la triste noticia.\u00a0\u00abA veces el destino no nos quita el camino, solo nos cambia el rumbo para llevarnos donde el alma debe estar\u00bb.<\/p>\n<p class=\"c-paragraph\">\u00ab<b>No era en una isla donde deb\u00eda seguir luchando, era contigo, hermana<\/b>, para tomarte la mano y decirte adi\u00f3s, antes de que el cielo abriera sus puertas para ti\u00bb, escribe Monroy en su perfil de Instagram.<\/p>\n<p class=\"c-paragraph\">\u00ab<b>Tu partida me ha destrozado<\/b>, pero tu recuerdo ser\u00e1 mi fuerza para seguir adelante. P<b>rometo cuidar de tus hijas <\/b>como si llevaran tu coraz\u00f3n latiendo en el m\u00edo con la misma fuerza y valent\u00eda que t\u00fa nos mostraste tener\u00bb, contin\u00faa.<\/p>\n<p class=\"c-paragraph\">\u00ab<b>Hoy nuestros cuatro \u00e1ngeles estar\u00e1n esper\u00e1ndote en las puertas del cielo, para recibirte con todo su amor<\/b>. Vuela alto, mi guerrera eterna, que desde la tierra seguir\u00e9 am\u00e1ndote hasta volver a encontrarnos\u00bb, se despide la artista de su familiar.<\/p>\n","protected":false},"excerpt":{"rendered":"Sonia Monroy vive un momento muy duro con el fallecimiento de su hermana, comunicado por ella misma. La&hellip;\n","protected":false},"author":2,"featured_media":175574,"comment_status":"","ping_status":"","sticky":false,"template":"","format":"standard","meta":{"footnotes":""},"categories":[91],"tags":[146,147,25,24,11317,26027,8938,2687,26026,23],"class_list":{"0":"post-175573","1":"post","2":"type-post","3":"status-publish","4":"format-standard","5":"has-post-thumbnail","7":"category-entretenimiento","8":"tag-entertainment","9":"tag-entretenimiento","10":"tag-es","11":"tag-espana","12":"tag-hermana","13":"tag-monroy","14":"tag-muere","15":"tag-rota","16":"tag-sonia","17":"tag-spain"},"share_on_mastodon":{"url":"","error":""},"_links":{"self":[{"href":"https:\/\/www.europesays.com\/es\/wp-json\/wp\/v2\/posts\/175573","targetHints":{"allow":["GET"]}}],"collection":[{"href":"https:\/\/www.europesays.com\/es\/wp-json\/wp\/v2\/posts"}],"about":[{"href":"https:\/\/www.europesays.com\/es\/wp-json\/wp\/v2\/types\/post"}],"author":[{"embeddable":true,"href":"https:\/\/www.europesays.com\/es\/wp-json\/wp\/v2\/users\/2"}],"replies":[{"embeddable":true,"href":"https:\/\/www.europesays.com\/es\/wp-json\/wp\/v2\/comments?post=175573"}],"version-history":[{"count":0,"href":"https:\/\/www.europesays.com\/es\/wp-json\/wp\/v2\/posts\/175573\/revisions"}],"wp:featuredmedia":[{"embeddable":true,"href":"https:\/\/www.europesays.com\/es\/wp-json\/wp\/v2\/media\/175574"}],"wp:attachment":[{"href":"https:\/\/www.europesays.com\/es\/wp-json\/wp\/v2\/media?parent=175573"}],"wp:term":[{"taxonomy":"category","embeddable":true,"href":"https:\/\/www.europesays.com\/es\/wp-json\/wp\/v2\/categories?post=175573"},{"taxonomy":"post_tag","embeddable":true,"href":"https:\/\/www.europesays.com\/es\/wp-json\/wp\/v2\/tags?post=175573"}],"curies":[{"name":"wp","href":"https:\/\/api.w.org\/{rel}","templated":true}]}}