{"id":175579,"date":"2025-10-14T06:43:03","date_gmt":"2025-10-14T06:43:03","guid":{"rendered":"https:\/\/www.europesays.com\/es\/175579\/"},"modified":"2025-10-14T06:43:03","modified_gmt":"2025-10-14T06:43:03","slug":"ultima-hora-del-acuerdo-en-gaza-en-directo-trump-defiende-la-reconstruccion-de-gaza-pero-elude-el-reconocimiento-de-un-estado-palestino-internacional","status":"publish","type":"post","link":"https:\/\/www.europesays.com\/es\/175579\/","title":{"rendered":"\u00daltima hora del acuerdo en Gaza, en directo | Trump defiende la reconstrucci\u00f3n de Gaza pero elude el reconocimiento de un Estado palestino | Internacional"},"content":{"rendered":"<p class=\"ev-title\">Trump defiende la reconstrucci\u00f3n de Gaza pero elude el reconocimiento de un Estado palestino<\/p>\n<p>El presidente de Estados Unidos, Donald Trump, se neg\u00f3 este lunes a abordar directamente si apoya el reconocimiento de un Estado palestino despu\u00e9s de que \u00e9l y varios l\u00edderes mundiales firmaran un acuerdo de alto el fuego en Gaza durante una cumbre en Egipto y acudieran a una reuni\u00f3n sobre el futuro y la reconstrucci\u00f3n de Gaza.<\/p>\n<p>\u201cNo voy a hablar de un solo Estado ni a un doble Estado ni a dos Estados; nos referimos a la reconstrucci\u00f3n de Gaza\u201d, declar\u00f3 Trump a la prensa a bordo del Air Force One durante su vuelo de regreso a Washington desde Oriente Pr\u00f3ximo. El mandatario reconoci\u00f3 que \u201cmucha gente\u201d, como el caso de la mayor\u00eda de l\u00edderes \u00e1rabes, demanda una soluci\u00f3n al conflicto palestino-israel\u00ed con dos Estados y qu\u00e9 \u00e9l no tiene una posici\u00f3n. \u201cHabr\u00e1 que ver. No he comentado nada al respecto\u201d, a\u00f1adi\u00f3.<\/p>\n<p>No obstante, el mes pasado, durante un discurso ante la Asamblea General de las Naciones Unidas, el l\u00edder estadounidense se refiri\u00f3 al impulso de la soluci\u00f3n de dos Estados como una \u201crecompensa\u201d para Ham\u00e1s.<\/p>\n<p>La Casa Blanca public\u00f3 este lunes la declaraci\u00f3n firmada por los pa\u00edses mediadores entre Israel y Ham\u00e1s \u2014Estados Unidos, Egipto, Qatar y Turqu\u00eda\u2014 sobre el acuerdo de paz en la Franja de Gaza, donde las cuatro naciones se comprometen a implementar el pacto para asegurar la estabilidad en la regi\u00f3n tanto para palestinos como para israel\u00edes.\u00a0 Del mismo modo, Trump reconoci\u00f3 que no puede garantizar que la paz en Gaza vaya a mantenerse despu\u00e9s de su presidencia, pero saldr\u00e1 \u201ca luchar\u201d para que se mantenga \u201ccon quien haga falta\u201d. (Efe)<\/p>\n","protected":false},"excerpt":{"rendered":"Trump defiende la reconstrucci\u00f3n de Gaza pero elude el reconocimiento de un Estado palestino El presidente de Estados&hellip;\n","protected":false},"author":2,"featured_media":175580,"comment_status":"","ping_status":"","sticky":false,"template":"","format":"standard","meta":{"footnotes":""},"categories":[42],"tags":[4163,17,18,68,70,71,72,13,14,73,69,75,11,61,62,63,64,74,19,20,10729,9,10,15,16,77,76,12,21,22,65,66,67],"class_list":{"0":"post-175579","1":"post","2":"type-post","3":"status-publish","4":"format-standard","5":"has-post-thumbnail","7":"category-internacional","8":"tag-alto-el-fuego","9":"tag-breaking-news","10":"tag-breakingnews","11":"tag-conflicto-arabe-israeli","12":"tag-conflictos","13":"tag-conflictos-armados","14":"tag-conflictos-internacionales","15":"tag-featured-news","16":"tag-featurednews","17":"tag-franja-gaza","18":"tag-guerra","19":"tag-hamas","20":"tag-headlines","21":"tag-internacional","22":"tag-international","23":"tag-international-news","24":"tag-internationalnews","25":"tag-israel","26":"tag-latest-news","27":"tag-latestnews","28":"tag-negociaciones-paz","29":"tag-news","30":"tag-noticias","31":"tag-noticias-destacadas","32":"tag-noticiasdestacadas","33":"tag-oriente-proximo","34":"tag-palestina","35":"tag-titulares","36":"tag-ultimas-noticias","37":"tag-ultimasnoticias","38":"tag-world","39":"tag-world-news","40":"tag-worldnews"},"share_on_mastodon":{"url":"","error":""},"_links":{"self":[{"href":"https:\/\/www.europesays.com\/es\/wp-json\/wp\/v2\/posts\/175579","targetHints":{"allow":["GET"]}}],"collection":[{"href":"https:\/\/www.europesays.com\/es\/wp-json\/wp\/v2\/posts"}],"about":[{"href":"https:\/\/www.europesays.com\/es\/wp-json\/wp\/v2\/types\/post"}],"author":[{"embeddable":true,"href":"https:\/\/www.europesays.com\/es\/wp-json\/wp\/v2\/users\/2"}],"replies":[{"embeddable":true,"href":"https:\/\/www.europesays.com\/es\/wp-json\/wp\/v2\/comments?post=175579"}],"version-history":[{"count":0,"href":"https:\/\/www.europesays.com\/es\/wp-json\/wp\/v2\/posts\/175579\/revisions"}],"wp:featuredmedia":[{"embeddable":true,"href":"https:\/\/www.europesays.com\/es\/wp-json\/wp\/v2\/media\/175580"}],"wp:attachment":[{"href":"https:\/\/www.europesays.com\/es\/wp-json\/wp\/v2\/media?parent=175579"}],"wp:term":[{"taxonomy":"category","embeddable":true,"href":"https:\/\/www.europesays.com\/es\/wp-json\/wp\/v2\/categories?post=175579"},{"taxonomy":"post_tag","embeddable":true,"href":"https:\/\/www.europesays.com\/es\/wp-json\/wp\/v2\/tags?post=175579"}],"curies":[{"name":"wp","href":"https:\/\/api.w.org\/{rel}","templated":true}]}}