{"id":175585,"date":"2025-10-14T06:46:32","date_gmt":"2025-10-14T06:46:32","guid":{"rendered":"https:\/\/www.europesays.com\/es\/175585\/"},"modified":"2025-10-14T06:46:32","modified_gmt":"2025-10-14T06:46:32","slug":"el-rocasa-gran-canaria-se-queda-a-las-puertas-de-la-remontada-ante-el-costa-del-sol-malaga","status":"publish","type":"post","link":"https:\/\/www.europesays.com\/es\/175585\/","title":{"rendered":"El Rocasa Gran Canaria se queda a las puertas de la remontada ante el Costa del Sol M\u00e1laga"},"content":{"rendered":"<p style=\"text-align:justify;\">Tras la derrota sufrida el pasado mi\u00e9rcoles en Navarra, el Rocasa Gran Canaria volv\u00eda a su feudo este s\u00e1bado con la urgencia de sumar una victoria ante el Costa del Sol M\u00e1laga. El encuentro, m\u00e1s all\u00e1 de su relevancia deportiva, estuvo marcado por una causa solidaria: la colaboraci\u00f3n con la Asociaci\u00f3n Canaria Contra el C\u00e1ncer de Mama (ACCM), en una jornada de concienciaci\u00f3n y recaudaci\u00f3n de fondos en la lucha contra esta enfermedad. En honor a la ocasi\u00f3n, el conjunto isle\u00f1o visti\u00f3 su equipaci\u00f3n rosa.<\/p>\n<p style=\"text-align:justify;\">\u00a0<\/p>\n<p style=\"text-align:justify;\">El choque arranc\u00f3 con un ritmo vertiginoso y defensas f\u00e9rreas por parte de ambos equipos. El Costa del Sol M\u00e1laga mostr\u00f3 desde el primer minuto mayor claridad en ataque y orden defensivo, lo que le permiti\u00f3 tomar la delantera r\u00e1pidamente. La exclusi\u00f3n temprana de Isabelle Medeiros, en el minuto 7, marc\u00f3 el inicio de una serie de sanciones que condicionar\u00edan el desarrollo del primer acto.<\/p>\n<p style=\"text-align:justify;\">\u00a0<\/p>\n<p style=\"text-align:justify;\">Una exclusi\u00f3n clave fue la de Larissa Da Silva, que permiti\u00f3 a las visitantes abrir una brecha en el marcador. A pesar de ello, la propia Da Silva junto a Eider Poles mantuvieron a flote la ofensiva del Rocasa. Un tiempo muerto solicitado por Carlos Herrera busc\u00f3 reactivar al equipo, que mostr\u00f3 entrega pero no logr\u00f3 reducir distancias.<\/p>\n<p style=\"text-align:justify;\">\u00a0<\/p>\n<p style=\"text-align:justify;\">Ya en los compases finales del primer tiempo, otra exclusi\u00f3n \u2014esta vez a Maja Portillo\u2014 dej\u00f3 a las canarias en inferioridad. Sin embargo, las intervenciones de una inspirada Silvia Navarro en porter\u00eda evitaron que el M\u00e1laga se despegara a\u00fan m\u00e1s. La exclusi\u00f3n de Rita Bento restableci\u00f3 la igualdad num\u00e9rica y, aunque Suso Gallardo pidi\u00f3 un tiempo muerto a falta de minuto y medio para ampliar la ventaja, la defensa isle\u00f1a resisti\u00f3. Un contraataque culminado por Martina Lang y un golpe franco errado por las visitantes dejaron el marcador en un apretado 9-11 al descanso.<\/p>\n<p style=\"text-align:justify;\">\u00a0<\/p>\n<p style=\"text-align:justify;\"><img decoding=\"async\" alt=\"[Img #32803]\" class=\"RichTextAlignCenter\" src=\"https:\/\/www.europesays.com\/es\/wp-content\/uploads\/2025\/10\/537_03ben_3177.jpg\"\/><\/p>\n<p style=\"text-align:justify;\">\u00a0<\/p>\n<p style=\"text-align:justify;\">El Rocasa regres\u00f3 del vestuario con \u00edmpetu, decidido a dar la vuelta al resultado. Pero el guion no sali\u00f3 como esperaba el cuadro de Carlos Herrera. En apenas cinco minutos, el Costa del Sol firm\u00f3 un parcial de 0-4 que dej\u00f3 helado al pabell\u00f3n teldense. La solidez defensiva del cuadro andaluz fue infranqueable, y la falta de claridad en ataque pas\u00f3 factura a las locales, que ve\u00edan c\u00f3mo el marcador se estiraba hasta un preocupante 11-17 en el minuto 38.<\/p>\n<p style=\"text-align:justify;\">\u00a0<\/p>\n<p style=\"text-align:justify;\">La segunda exclusi\u00f3n de Maja Portillo complic\u00f3 a\u00fan m\u00e1s el panorama para las canarias. Aun as\u00ed, un golpe sobre el rostro de Mar\u00eda Zald\u00faa provoc\u00f3 una sanci\u00f3n de dos minutos para Nicxon Hiobi, lo que brind\u00f3 al Rocasa una leve esperanza de recortar distancias. Las locales aprovecharon el momento y, con una mejor\u00eda en defensa y ataques m\u00e1s fluidos, lograron reducir la diferencia a cuatro goles.<\/p>\n<p style=\"text-align:justify;\">\u00a0<\/p>\n<p style=\"text-align:justify;\">Ni siquiera la exclusi\u00f3n de Martina Lang en el minuto 52 fren\u00f3 la reacci\u00f3n isle\u00f1a. Con car\u00e1cter y el empuje de sus referentes sudamericanas, Larissa Da Silva y la propia Lang, el Rocasa apret\u00f3 el marcador hasta dejarlo en un 21-25 final, que refleja mejor la lucha que el resultado.<\/p>\n<p style=\"text-align:justify;\">\u00a0<\/p>\n<p style=\"text-align:justify;\">La m\u00e1xima anotadora del Rocasa fue la sueca Linnea Sundholm, con seis tantos, quien asumi\u00f3 con solvencia la responsabilidad ante la ausencia de la habitual goleadora, Mar\u00eda Gonz\u00e1lez, baja por una lesi\u00f3n a\u00fan sin diagn\u00f3stico definitivo.<\/p>\n<p style=\"text-align:justify;\">\u00a0<\/p>\n<p style=\"text-align:justify;\">Esta derrota deja al Rocasa Gran Canaria con 6 puntos en la 6\u00aa posici\u00f3n de la Liga Guerreras Iberdrola, a la espera de los resultados del resto de la jornada 6. Cabe destacar que el encuentro entre Elda y Porri\u00f1o ya se disput\u00f3, con triunfo para las gallegas por un ajustado 28-27.<\/p>\n<p style=\"text-align:justify;\">\u00a0<\/p>\n<p style=\"text-align:justify;\"><img decoding=\"async\" alt=\"[Img #32804]\" class=\"RichTextAlignCenter\" src=\"https:\/\/www.europesays.com\/es\/wp-content\/uploads\/2025\/10\/6312_01ben_3079.jpg\"\/><\/p>\n<p style=\"text-align:justify;\">\u00a0<\/p>\n<p style=\"text-align:justify;\"><strong>FICHA T\u00c9CNICA<\/strong><\/p>\n<p style=\"text-align:justify;\">\u00a0<\/p>\n<p style=\"text-align:justify;\"><strong>Rocasa Gran Canaria 21 (9+12):<\/strong> Linnea Sundholm (6), Almudena Rodr\u00edguez (3), Martina Lang (2), Larissa Da Silva (5), Lulu Guerra, Mavi de Oliveira (1), Silvia Navarro, Maja Portillo, In\u00e9s Collado, Mika Bocchieri (2), Mar\u00eda Zald\u00faa, Yassira Ram\u00edrez, Ana Medina y Eider Poles (2). Entrenador: Carlos Herrera<\/p>\n<p style=\"text-align:justify;\">\u00a0<\/p>\n<p style=\"text-align:justify;\"><strong>Costa del Sol M\u00e1laga 25 (11+14):<\/strong> Alice Fernandes , Martina Romero (3), Nayra Sol\u00eds, Estela Doiro (4), Soledad L\u00f3pez (2), Rita Bento, Estitxu Berasategui, Roc\u00edo Campigli (2), Barbara Pi\u00f1eira(2), Isabelle Medeiros (5), Merche Castellanos, Maider Baros, Nicxon Hiobi (1) y Joana Resende (6). Entrenador: Suso Gallardo<\/p>\n<p style=\"text-align:justify;\">\u00a0<\/p>\n<p style=\"text-align:justify;\"><strong>Parciales:\u00a0<\/strong> 2-3, 3-4, 4-8, 5-8, 7-10, 9-11, Descanso, 10-15, 11-18, 13-19, 15-21, 18-22 y\u00a0<\/p>\n<p style=\"text-align:justify;\">\u00a0<\/p>\n<p style=\"text-align:justify;\"><strong>\u00c1rbitros: <\/strong>Albert P\u00e9rez y Daniel Toro (CTA Catalu\u00f1a)<\/p>\n<p style=\"text-align:justify;\">\u00a0<\/p>\n<p style=\"text-align:justify;\"><strong>Exclusiones:<\/strong><\/p>\n<p style=\"text-align:justify;\">Rocasa Gran Canaria: Larissa Da Silva (05:07 y 48:15), Maja Portillo (26:07 y 37:54) y Martina Lang (21:54)<\/p>\n<p style=\"text-align:justify;\">Costa del Sol M\u00e1laga: Isabelle Medeiros (06:56), Rita Bento (26:58) y Nicxon Hiobi (41:12)<\/p>\n","protected":false},"excerpt":{"rendered":"Tras la derrota sufrida el pasado mi\u00e9rcoles en Navarra, el Rocasa Gran Canaria volv\u00eda a su feudo este&hellip;\n","protected":false},"author":2,"featured_media":175586,"comment_status":"","ping_status":"","sticky":false,"template":"","format":"standard","meta":{"footnotes":""},"categories":[278],"tags":[376,168,25,24,375,12595,23,167],"class_list":{"0":"post-175585","1":"post","2":"type-post","3":"status-publish","4":"format-standard","5":"has-post-thumbnail","7":"category-balonmano","8":"tag-balonmano","9":"tag-deportes","10":"tag-es","11":"tag-espana","12":"tag-handball","13":"tag-informacion-del-noroeste-de-gran-canaria","14":"tag-spain","15":"tag-sports"},"share_on_mastodon":{"url":"","error":""},"_links":{"self":[{"href":"https:\/\/www.europesays.com\/es\/wp-json\/wp\/v2\/posts\/175585","targetHints":{"allow":["GET"]}}],"collection":[{"href":"https:\/\/www.europesays.com\/es\/wp-json\/wp\/v2\/posts"}],"about":[{"href":"https:\/\/www.europesays.com\/es\/wp-json\/wp\/v2\/types\/post"}],"author":[{"embeddable":true,"href":"https:\/\/www.europesays.com\/es\/wp-json\/wp\/v2\/users\/2"}],"replies":[{"embeddable":true,"href":"https:\/\/www.europesays.com\/es\/wp-json\/wp\/v2\/comments?post=175585"}],"version-history":[{"count":0,"href":"https:\/\/www.europesays.com\/es\/wp-json\/wp\/v2\/posts\/175585\/revisions"}],"wp:featuredmedia":[{"embeddable":true,"href":"https:\/\/www.europesays.com\/es\/wp-json\/wp\/v2\/media\/175586"}],"wp:attachment":[{"href":"https:\/\/www.europesays.com\/es\/wp-json\/wp\/v2\/media?parent=175585"}],"wp:term":[{"taxonomy":"category","embeddable":true,"href":"https:\/\/www.europesays.com\/es\/wp-json\/wp\/v2\/categories?post=175585"},{"taxonomy":"post_tag","embeddable":true,"href":"https:\/\/www.europesays.com\/es\/wp-json\/wp\/v2\/tags?post=175585"}],"curies":[{"name":"wp","href":"https:\/\/api.w.org\/{rel}","templated":true}]}}