{"id":175597,"date":"2025-10-14T06:55:09","date_gmt":"2025-10-14T06:55:09","guid":{"rendered":"https:\/\/www.europesays.com\/es\/175597\/"},"modified":"2025-10-14T06:55:09","modified_gmt":"2025-10-14T06:55:09","slug":"este-es-su-paradero-junto-a-su-novia","status":"publish","type":"post","link":"https:\/\/www.europesays.com\/es\/175597\/","title":{"rendered":"este es su paradero junto a su novia"},"content":{"rendered":"<p id=\"er3FJTKPaE\" data-wc=\"86\">La corte noruega ha tenido \u00e9pocas mejores y parece una decisi\u00f3n meditada la de alejar a las nuevas generaciones de Oslo, al menos por el momento. Tal vez es algo estrat\u00e9gico o quiz\u00e1s se trate simplemente de un pr\u00edncipe enamorado buscando estar al lado de su novia. En cualquier caso, <a class=\"hm-link ho-link\" href=\"https:\/\/www.hola.com\/realeza\/casa_noruega\/20250619839212\/ingrid-sverre-magnus-noruega-primer-acto-solitario\/\" data-mrf-recirculation=\"article-body-link\" rel=\"nofollow noopener\" target=\"_blank\">Sverre Magnus de Noruega<\/a>, cuyo papel a\u00fan est\u00e1 por definir dentro de la Corona, igual que su futuro acad\u00e9mico o profesional, se ha trasladado a Italia, como ha confirmado la Casa Real a Se og Hor.\u00a0<\/p>\n<p> <img src=\"https:\/\/www.europesays.com\/es\/wp-content\/uploads\/2025\/10\/2a193b4359d5-sverrre1.jpg\"   width=\"1006\" height=\"1024\" loading=\"lazy\" decoding=\"async\" alt=\"Imagen de archivo de Sverre Magnus y su novia\" fetchpriority=\"auto\" class=\"image ho-image\"\/><\/p>\n<p id=\"ekHIJbS8CL\" data-wc=\"105\">Se da la circunstancia de que en Mil\u00e1n, en concreto en la universidad de Bocconi, estudia <a class=\"hm-link ho-link\" href=\"https:\/\/www.hola.com\/realeza\/casa_noruega\/20250710843528\/sverre-magnus-afianza-su-romance-el-gesto-que-demuestra-que-es-una-mas-de-la-familia-real-noruega\/\" data-mrf-recirculation=\"article-body-link\" rel=\"nofollow noopener\" target=\"_blank\">su novia Amalie Giaever Mcleod<\/a>. Hace d\u00edas que los medios noruegos especulaban con que el hermano de la princesa Ingrid se hab\u00eda mudado junto a ella. Palacio no ha dado tantos detalles, simplemente ha confirmado que se encuentra en Italia \u00abexplorando diversas oportunidades, incluso en cine y fotograf\u00eda, y aprendiendo m\u00e1s sobre ello\u00bb. No es una sorpresa la devoci\u00f3n de Sverre Magnus por el s\u00e9ptimo arte ya que este verano sali\u00f3 a la luz que hab\u00eda fundado su propia empresa, Sverre Magnus Productions, dedicada precisamente a la producci\u00f3n audiovisual.\u00a0<\/p>\n<p id=\"e2N1v56Dk8\" data-wc=\"64\">Hasta ahora nada se sab\u00eda de los pasos del hijo mejor de Haakon y Mette-Marit de Noruega. Tan solo que estuvo<a class=\"hm-link ho-link\" href=\"https:\/\/www.hola.com\/realeza\/casa_noruega\/20240911717609\/mette-marit-de-noruega-confirma-hijo-sverre-independizado\/\" data-mrf-recirculation=\"article-body-link\" rel=\"nofollow noopener\" target=\"_blank\">\u00a0trabajando un a\u00f1o en la ciudad de Trondheim<\/a> y despu\u00e9s pas\u00f3 seis meses viajando. Era una inc\u00f3gnita, sin embargo, lo que har\u00eda en oto\u00f1o y, aunque la Casa Real no ha concretado demasiado, s\u00ed sabemos que el nido de Skaugum se queda vac\u00edo.\u00a0<\/p>\n<p> <img src=\"https:\/\/www.europesays.com\/es\/wp-content\/uploads\/2025\/10\/296bedf197ff-mette-marit-cordon4.jpg\"   width=\"1024\" height=\"682\" loading=\"lazy\" decoding=\"async\" alt=\"Media Image\" fetchpriority=\"auto\" class=\"image ho-image\"\/>\u00a9 Cordon Press<\/p>\n<p> <img src=\"https:\/\/www.europesays.com\/es\/wp-content\/uploads\/2025\/10\/3c2e4aad1a88-noruegos-cordon1.jpg\"   width=\"1024\" height=\"682\" loading=\"lazy\" decoding=\"async\" alt=\"Ingrid y Sverre de Noruega con la Familia Real de Noruega\" fetchpriority=\"auto\" class=\"image ho-image\"\/>\u00a9 Cordon Press<\/p>\n<p id=\"eYtdooIFQx\" data-wc=\"106\">Sverre Magnus de Noruega cumple 20 a\u00f1os en diciembre, por lo que su papel al lado de su hermana, la futura reina de Noruega, nunca ha llegado a estar del todo definido. A\u00fan as\u00ed, este \u00faltimo a\u00f1o, ha dado pasos<a class=\"hm-link ho-link\" href=\"https:\/\/www.hola.com\/realeza\/casa_noruega\/20250610836928\/sverre-de-noruega-que-marca-un-nuevo-camino-en-la-realeza\/\" data-mrf-recirculation=\"article-body-link\" rel=\"nofollow noopener\" target=\"_blank\">\u00a0importantes a nivel institucional\u00a0<\/a>que hacen pensar que su figura ser\u00e1 relevante. Debut\u00f3 en solitario y tambi\u00e9n junto a la princesa Ingrid, lo que hizo intuir un protagonismo creciente en la agenda p\u00fablica. En cualquier caso, los dos hermanos, el fututo de la Corona noruega, tomar\u00e1 distancia durante un tiempo muy conveniente, teniendo en cuenta que la monarqu\u00eda n\u00f3rdica vive inmersa en mil y una crisis.\u00a0<\/p>\n<p> <img src=\"https:\/\/www.europesays.com\/es\/wp-content\/uploads\/2025\/10\/b30218be560c-74r5fxvjpm.jpg\"   width=\"1024\" height=\"682\" loading=\"lazy\" decoding=\"async\" alt=\"Media Image\" fetchpriority=\"auto\" class=\"image ho-image\"\/><\/p>\n<p id=\"emenoI_Fta\" data-wc=\"125\">M\u00e1s all\u00e1 de la situaci\u00f3n que atraviesa la Casa Real noruega, el joven pr\u00edncipe vive su historia de amor que parece es la que ha guiado en buena medida este movimiento. La pareja hizo su presentaci\u00f3n oficial en una de las citas con mayor repercusi\u00f3n del pasado a\u00f1o: la boda de la princesa Marta Luisa de Noruega y Durek Verret, el \u00faltimo fin de semana de agosto de 2024. \u00a0<strong>Amalie form\u00f3 parte de todas las actividades enmarcadas en este enlace, que tuvo lugar en el impresionante fiordo Geiranger y del que\u00a0<\/strong><a class=\"hm-link ho-link\" href=\"https:\/\/www.hola.com\/actualidad\/20240904716039\/marta-luisa-noruega-durek-verrett-boda-espectacular-imagenes-detalles\/\" data-mrf-recirculation=\"article-body-link\" rel=\"nofollow noopener\" target=\"_blank\">\u00a1HOLA! mostr\u00f3 todos los detalles en exclusiva mundial.<\/a> E incluso, tom\u00f3 prestado un vestido de gala vintage de la princesa Mette-Marit, que llev\u00f3 en la boda de Guillermo y M\u00e1xima de los Pa\u00edses Bajos.\u00a0<\/p>\n","protected":false},"excerpt":{"rendered":"La corte noruega ha tenido \u00e9pocas mejores y parece una decisi\u00f3n meditada la de alejar a las nuevas&hellip;\n","protected":false},"author":2,"featured_media":175598,"comment_status":"","ping_status":"","sticky":false,"template":"","format":"standard","meta":{"footnotes":""},"categories":[174],"tags":[255,146,147,25,24,256,1027,8158,23,15272],"class_list":{"0":"post-175597","1":"post","2":"type-post","3":"status-publish","4":"format-standard","5":"has-post-thumbnail","7":"category-famosos","8":"tag-celebrities","9":"tag-entertainment","10":"tag-entretenimiento","11":"tag-es","12":"tag-espana","13":"tag-famosos","14":"tag-realeza","15":"tag-realeza-noruega","16":"tag-spain","17":"tag-sverre-magnus-de-noruega"},"share_on_mastodon":{"url":"","error":""},"_links":{"self":[{"href":"https:\/\/www.europesays.com\/es\/wp-json\/wp\/v2\/posts\/175597","targetHints":{"allow":["GET"]}}],"collection":[{"href":"https:\/\/www.europesays.com\/es\/wp-json\/wp\/v2\/posts"}],"about":[{"href":"https:\/\/www.europesays.com\/es\/wp-json\/wp\/v2\/types\/post"}],"author":[{"embeddable":true,"href":"https:\/\/www.europesays.com\/es\/wp-json\/wp\/v2\/users\/2"}],"replies":[{"embeddable":true,"href":"https:\/\/www.europesays.com\/es\/wp-json\/wp\/v2\/comments?post=175597"}],"version-history":[{"count":0,"href":"https:\/\/www.europesays.com\/es\/wp-json\/wp\/v2\/posts\/175597\/revisions"}],"wp:featuredmedia":[{"embeddable":true,"href":"https:\/\/www.europesays.com\/es\/wp-json\/wp\/v2\/media\/175598"}],"wp:attachment":[{"href":"https:\/\/www.europesays.com\/es\/wp-json\/wp\/v2\/media?parent=175597"}],"wp:term":[{"taxonomy":"category","embeddable":true,"href":"https:\/\/www.europesays.com\/es\/wp-json\/wp\/v2\/categories?post=175597"},{"taxonomy":"post_tag","embeddable":true,"href":"https:\/\/www.europesays.com\/es\/wp-json\/wp\/v2\/tags?post=175597"}],"curies":[{"name":"wp","href":"https:\/\/api.w.org\/{rel}","templated":true}]}}