{"id":175612,"date":"2025-10-14T07:07:09","date_gmt":"2025-10-14T07:07:09","guid":{"rendered":"https:\/\/www.europesays.com\/es\/175612\/"},"modified":"2025-10-14T07:07:09","modified_gmt":"2025-10-14T07:07:09","slug":"tras-la-concesion-del-premio-nobel-a-maria-corina-venezuela-cierra-la-embajada-en-noruega","status":"publish","type":"post","link":"https:\/\/www.europesays.com\/es\/175612\/","title":{"rendered":"Tras la concesi\u00f3n del premio Nobel a Mar\u00eda Corina, Venezuela cierra la Embajada en Noruega"},"content":{"rendered":"<p style=\"\"><a href=\"https:\/\/www.abc.es\/espana\/premio-nobel-paz-maria-corina-machado-vuelve-20251011194702-nt.html\" target=\"_self\" data-voc-vtm-id=\"in-text-traffic\" title=\"El chavismo\" data-mrf-link=\"www.abc.es\" rel=\"nofollow noopener\">El chavismo<\/a> anunci\u00f3 este lunes el cierre de sus Embajadas en Noruega y Australia, una decisi\u00f3n que llega apenas tres d\u00edas despu\u00e9s de que la l\u00edder opositora <a href=\"https:\/\/www.abc.es\/espana\/premio-nobel-paz-maria-corina-machado-vuelve-20251011194702-nt.html\" target=\"_self\" data-voc-vtm-id=\"in-text-traffic\" title=\"Mar\u00eda Corina Machado\" rel=\"nofollow noopener\">Mar\u00eda Corina Machado<\/a> recibiera el <a href=\"https:\/\/www.abc.es\/internacional\/nicolas-maduro-reta-nobel-maria-corina-machado-20251013014446-nt.html\" target=\"_self\" data-voc-vtm-id=\"in-text-traffic\" title=\"premio Nobel de la Paz\" rel=\"nofollow noopener\">premio Nobel de la Paz<\/a>. Aunque Caracas no ha vinculado  &#8230; oficialmente ambos hechos, el gesto ha sido interpretado por varios observadores como una respuesta pol\u00edtica en un contexto de creciente aislamiento diplom\u00e1tico del Gobierno de Nicol\u00e1s Maduro.<\/p>\n<p class=\"voc-p\" style=\"\">En un comunicado, el Ministerio de Relaciones Exteriores chavista asegur\u00f3 que el cierre forma parte de una \u00abreasignaci\u00f3n estrat\u00e9gica de recursos\u00bb y de los esfuerzos del Gobierno para \u00abfortalecer las alianzas con el sur global\u00bb. Las relaciones bilaterales y la atenci\u00f3n consular a los venezolanos residentes en <strong>Noruega<\/strong> y <strong>Australia<\/strong> pasar\u00e1n a ser gestionadas desde \u00abmisiones diplom\u00e1ticas concurrentes\u00bb, cuyos detalles se dar\u00e1n a conocer en los pr\u00f3ximos d\u00edas.<\/p>\n<p class=\"voc-p\" style=\"\">\u00abVenezuela ratifica que estas acciones reflejan su voluntad inquebrantable de defender la soberan\u00eda nacional y contribuir activamente a la construcci\u00f3n de un nuevo orden mundial, basado en la justicia, la solidaridad y la inclusi\u00f3n\u00bb, se\u00f1al\u00f3 el Ejecutivo en su nota oficial.<\/p>\n<p class=\"voc-p\" style=\"\">El cierre de la embajada en Oslo ha generado malestar en el Gobierno noruego, que lament\u00f3 la decisi\u00f3n y la calific\u00f3 de \u00abinjustificada\u00bb. \u00abEs lamentable\u00bb, declar\u00f3 <strong>Cecilie Roang<\/strong>, portavoz del Ministerio de Asuntos Exteriores de Noruega. \u00abPese a que tenemos opiniones diferentes sobre varios temas, Noruega quiere mantener abierto el di\u00e1logo con Venezuela y trabajar\u00e1 para ello\u00bb, a\u00f1adi\u00f3.<\/p>\n<p class=\"voc-p\" style=\"\">Noruega ha sido en los \u00faltimos a\u00f1os un actor clave en los intentos de mediaci\u00f3n entre el Gobierno y la oposici\u00f3n venezolana, promoviendo procesos de di\u00e1logo en los que participaron representantes de ambos bandos. El cierre de la embajada supone, en ese sentido, un nuevo golpe a los canales diplom\u00e1ticos entre Caracas y uno de los pa\u00edses europeos que m\u00e1s esfuerzos ha realizado por facilitar una salida negociada a la crisis pol\u00edtica venezolana.<\/p>\n<p class=\"voc-p\" style=\"\">El anuncio coincide con un clima de alta tensi\u00f3n entre el chavismo y la comunidad internacional. Desde las elecciones presidenciales del 28 de julio de 2024 , en las que gan\u00f3 <a href=\"https:\/\/www.abc.es\/internacional\/maria-corina-machado-agradece-nobel-paz-inyeccion-20251010182817-nt.html\" target=\"_self\" data-voc-vtm-id=\"in-text-traffic\" title=\"Edmundo Gonz\u00e1lez\" rel=\"nofollow noopener\">Edmundo Gonz\u00e1lez<\/a> y cuyo resultado fue desconocido por el r\u00e9gimen, Venezuela ha roto relaciones con Argentina, Chile, Costa Rica, Per\u00fa, Panam\u00e1, Rep\u00fablica Dominicana y Uruguay, cuyos gobiernos rechazaron el &#8216;resultado oficial&#8217; de los comicios. En un solo d\u00eda, Caracas orden\u00f3 el cierre de sus embajadas en esos pa\u00edses y la suspensi\u00f3n inmediata de contactos diplom\u00e1ticos.<\/p>\n<p class=\"voc-p\" style=\"\">En paralelo, el Gobierno de Maduro anunci\u00f3 la apertura de nuevas sedes diplom\u00e1ticas en <strong>Zimbabue<\/strong> y <strong>Burkina Faso<\/strong>, pa\u00edses con los que busca \u00abreforzar los lazos hist\u00f3ricos con el continente africano\u00bb y establecer \u00abmisiones diplom\u00e1ticas residentes en dos naciones hermanas, socios estrat\u00e9gicos en la lucha anticolonial y la resistencia frente a presiones hegem\u00f3nicas\u00bb. Seg\u00fan el comunicado oficial, estas embajadas servir\u00e1n como \u00abplataformas clave\u00bb para impulsar proyectos de cooperaci\u00f3n en agricultura, energ\u00eda, educaci\u00f3n, miner\u00eda y otras \u00e1reas de inter\u00e9s com\u00fan.<\/p>\n<p class=\"voc-p\" style=\"\">La reconfiguraci\u00f3n de la red diplom\u00e1tica venezolana se produce tambi\u00e9n en un momento de fricci\u00f3n con Washington, tras el despliegue de unidades militares estadounidenses en aguas del mar Caribe. Mientras Estados Unidos sostiene que se trata de una operaci\u00f3n contra el narcotr\u00e1fico, Caracas denuncia una \u00abamenaza directa\u00bb y una maniobra para propiciar un \u00abcambio de r\u00e9gimen\u00bb. La coincidencia temporal entre <a href=\"https:\/\/www.abc.es\/internacional\/jose-rodriguez-elizondo-promotor-nobel-maria-corina-20251013042937-nt.html\" target=\"_self\" data-voc-vtm-id=\"in-text-traffic\" title=\"la entrega del Nobel\" data-mrf-link=\"www.abc.es\" rel=\"nofollow noopener\">la entrega del Nobel<\/a> y el cierre de la Embajada ha despertado suspicacias dentro y fuera del pa\u00eds. La opositora, que contin\u00faa inhabilitada pol\u00edticamente, fue reconocida por el Comit\u00e9 Noruego del Nobel por su \u00ablucha pac\u00edfica y persistente por la democracia en Venezuela\u00bb, un gesto que Caracas interpret\u00f3 en su momento como una \u00abprovocaci\u00f3n\u00bb.<\/p>\n","protected":false},"excerpt":{"rendered":"El chavismo anunci\u00f3 este lunes el cierre de sus Embajadas en Noruega y Australia, una decisi\u00f3n que llega&hellip;\n","protected":false},"author":2,"featured_media":175613,"comment_status":"","ping_status":"","sticky":false,"template":"","format":"standard","meta":{"footnotes":""},"categories":[42],"tags":[17,18,500,14086,35106,50422,13,14,11,61,62,63,64,19,20,1932,9,35262,4907,10,15,16,843,12,575,21,22,1192,65,66,67],"class_list":{"0":"post-175612","1":"post","2":"type-post","3":"status-publish","4":"format-standard","5":"has-post-thumbnail","7":"category-internacional","8":"tag-breaking-news","9":"tag-breakingnews","10":"tag-cierra","11":"tag-concesion","12":"tag-corina","13":"tag-embajada","14":"tag-featured-news","15":"tag-featurednews","16":"tag-headlines","17":"tag-internacional","18":"tag-international","19":"tag-international-news","20":"tag-internationalnews","21":"tag-latest-news","22":"tag-latestnews","23":"tag-maria","24":"tag-news","25":"tag-nobel","26":"tag-noruega","27":"tag-noticias","28":"tag-noticias-destacadas","29":"tag-noticiasdestacadas","30":"tag-premio","31":"tag-titulares","32":"tag-tras","33":"tag-ultimas-noticias","34":"tag-ultimasnoticias","35":"tag-venezuela","36":"tag-world","37":"tag-world-news","38":"tag-worldnews"},"share_on_mastodon":{"url":"","error":""},"_links":{"self":[{"href":"https:\/\/www.europesays.com\/es\/wp-json\/wp\/v2\/posts\/175612","targetHints":{"allow":["GET"]}}],"collection":[{"href":"https:\/\/www.europesays.com\/es\/wp-json\/wp\/v2\/posts"}],"about":[{"href":"https:\/\/www.europesays.com\/es\/wp-json\/wp\/v2\/types\/post"}],"author":[{"embeddable":true,"href":"https:\/\/www.europesays.com\/es\/wp-json\/wp\/v2\/users\/2"}],"replies":[{"embeddable":true,"href":"https:\/\/www.europesays.com\/es\/wp-json\/wp\/v2\/comments?post=175612"}],"version-history":[{"count":0,"href":"https:\/\/www.europesays.com\/es\/wp-json\/wp\/v2\/posts\/175612\/revisions"}],"wp:featuredmedia":[{"embeddable":true,"href":"https:\/\/www.europesays.com\/es\/wp-json\/wp\/v2\/media\/175613"}],"wp:attachment":[{"href":"https:\/\/www.europesays.com\/es\/wp-json\/wp\/v2\/media?parent=175612"}],"wp:term":[{"taxonomy":"category","embeddable":true,"href":"https:\/\/www.europesays.com\/es\/wp-json\/wp\/v2\/categories?post=175612"},{"taxonomy":"post_tag","embeddable":true,"href":"https:\/\/www.europesays.com\/es\/wp-json\/wp\/v2\/tags?post=175612"}],"curies":[{"name":"wp","href":"https:\/\/api.w.org\/{rel}","templated":true}]}}