{"id":175620,"date":"2025-10-14T07:11:08","date_gmt":"2025-10-14T07:11:08","guid":{"rendered":"https:\/\/www.europesays.com\/es\/175620\/"},"modified":"2025-10-14T07:11:08","modified_gmt":"2025-10-14T07:11:08","slug":"la-cruzada-de-los-campbell-se-presenta-en-el-foro-taurino-del-casino-de-agricultura-de-valencia-avance-taurino","status":"publish","type":"post","link":"https:\/\/www.europesays.com\/es\/175620\/","title":{"rendered":"\u201cLa cruzada de los Campbell\u201d se presenta en el Foro Taurino del Casino de Agricultura de Valencia \u2013 Avance Taurino"},"content":{"rendered":"<p class=\"yiv5712027543ydp7c31ac4cyiv7250236133ydpee70d98cyiv0984242973ydp1f653ab3yiv2442820368ydp979d9260msonormal\">El Foro Taurino del Casino de Agricultura de Valencia fue marco de la presentaci\u00f3n del libro \u201cLa cruzada de los Campbell\u201c, de Nuria Poza-Latorre y Jos\u00e9 Manuel Pardos-Gotor<\/p>\n<p class=\"yiv5712027543ydp7c31ac4cyiv7250236133ydpee70d98cyiv0984242973ydp1f653ab3yiv2442820368ydp979d9260msonormal\">Intervenieron\u00a0apadrinando el acto, \u00a0que fue presentado por Enrique Amat, director del Foro Taurino del Casino de Agricultura de Valencia, los matadores de toros Javier V\u00e1zquez y Manolo Carri\u00f3n<\/p>\n<p class=\"yiv5712027543ydp7c31ac4cyiv7250236133ydpee70d98cyiv0984242973ydp1f653ab3yiv2442820368ydp979d9260msonormal\">Nuria Poza-Latorre y Jos\u00e9 Manuel\u00a0Pardos-Gotor, hicieron una sugestiva, interesante y m\u00e1s que apasionante presentaci\u00f3n al alim\u00f3n, o por colleras, valgan las expresiones taurinas, de una novela protagonizada por el, poeta sudafricano Roy Campbell y su mujer, la pintora Mary Campbell.<\/p>\n<p>A lo largo de la narraci\u00f3n se hace un recorrido por la Espa\u00f1a de los a\u00f1os 30 hasta el a\u00f1o 1957. Una apasionante singlara, la de esta pareja, testigos de una etapa convulsa de la historia de Espa\u00f1a. Penetraron en su idiosoincrasia, la cultura, y no falt\u00f3 su incursi\u00f3n en el mundo de la tauromaquia. Y es que Roy, reportero en la guerra civil espa\u00f1ola, esp\u00eda\u00a0en la Segunda Guerra Mundial e intelectual en la posguerra, defiende su fascinaci\u00f3n por la tauromaquia, un arte trascendente que se convierte en el s\u00edmbolo de su filosof\u00eda del sufrimiento y la gracia.<\/p>\n<p>Tanto en su desempe\u00f1o puntual de labores taurina como arenero, picador y mulillero, como en su relaci\u00f3n con matadores de toros como con intelectuales relacionados con la tauromaquia, el toreo es un pulso que late en las aventuras de los Campbell. El fracaso taurino de Roy en la Provenza francesa se redime en Espa\u00f1a a trav\u00e9s de una inmersi\u00f3n en el mundo taurino. En su peregrinaci\u00f3n por la piel de toro se cruza con toreros \u00a0como \u00a0Rafael G\u00f3mez El\u00a0Gallo,\u00a0Domingo Ortega,\u00a0Ignacio S\u00e1nchez Mej\u00edas,\u00a0Nicanor\u00a0Villalta,\u00a0Manolete,\u00a0Pepe Luis V\u00e1zquez. Y sobre los toros y la\u00a0cultura europea debate con\u00a0personalidades de la talla de Federico Garc\u00eda Lorca,\u00a0Jos\u00e9 Ortega\u00a0y Gasset\u00a0y\u00a0Jos\u00e9 Mar\u00eda de Coss\u00edo.<\/p>\n<p class=\"yiv5712027543ydp7c31ac4cyiv7250236133ydpee70d98cyiv0984242973ydp1f653ab3yiv2442820368ydp979d9260msonormal\">Una presentaci\u00f3n muy documentada y apoyada con un PowerPoint pleno de ilustraciones de los avatares de este viaje por Espa\u00f1a que les conduce a lugares como Barcelona, Valencia, Altea, Toledo<b>\u00a0<\/b>son ejemplos de la primera parte de la disyuntiva, pero hay otros como\u00a0Madrid, Salamanca, Burgos, Segovia, Talavera de la Reina o Sevilla\u00a0que tambi\u00e9n le acogieron para desarrollar infinidad de acciones relacionadas con una vida laboral y oficios ciertamente variopintos: escritor, periodista, monosabio, picador de toros, chal\u00e1n, corresponsal de guerra o, incluso, esp\u00eda para los intereses brit\u00e1nicos en los albores de la Segunda Guerra Mundial.<\/p>\n<p class=\"yiv5712027543ydp7c31ac4cyiv7250236133ydp949f7099msonormal\">Entre\u00a0los asistentes estuvieron <b>Julio Aguado<\/b>, en representaci\u00f3n del Casino de Agricultura de Valencia, el pol\u00edtico y gran aficionado <b>Modesto Mart\u00ednez<\/b>, <b>Jos\u00e9 Javier Aguado<\/b>, funcionario del Ayuntammiento de Valencia, el\u00a0novillero <b>Alberto Donaire<\/b>, acompa\u00f1ado de sus padres, as\u00ed como el tambi\u00e9n novillero\u00a0de Chelva <b>Vicente Garc\u00eda<\/b> y\u00a0el\u00a0que\u00a0fuera banderillero y actual restaurador <b>Juanjo Castellar<\/b>.<\/p>\n<p class=\"yiv5712027543ydp7c31ac4cyiv7250236133ydp1f22430eyiv8089868249ydp1278a409msonormal\">No falt\u00f3 uno de los\u00a0presidentes de la plaza de toros de Valencia, <b>Luis Maicas<\/b> y\u00a0relevantes\u00a0aficionados\u00a0como\u00a0<b>Ximo Morales<\/b>,\u00a0<b>Vicente Ramos<\/b>, <b>Juan Ferr\u00e1ndez<\/b>, el\u00a0abogado <b>Vicente Jorro<\/b>, el ingeniero <b>Enrique P\u00e9rez<\/b>, el empresario <b>Javier Tom\u00e1s<\/b>,\u00a0y la economista Amparo P\u00e9rez.<\/p>\n<p class=\"yiv5712027543ydp7c31ac4cyiv7250236133ydp1f22430eyiv8089868249ydp1278a409msonormal\">\u00a0Y asimismo asistieron escritores como\u00a0<b>Javier Garc\u00eda Gibert<\/b>, <b>Manuel Hern\u00e1ndez<\/b> y\u00a0<b>Santiago Celestino<\/b>, \u00a0el fot\u00f3grafo <b>Rafael Mateo<\/b>,\u00a0<b>Juan Garc\u00eda Palmero Joanot<\/b>, un embolador de referencia y el escultor de Meliana <b>Rafa Mir<\/b>, quien obsequi\u00f3 con sendas figuras a los autores.<\/p>\n","protected":false},"excerpt":{"rendered":"El Foro Taurino del Casino de Agricultura de Valencia fue marco de la presentaci\u00f3n del libro \u201cLa cruzada&hellip;\n","protected":false},"author":2,"featured_media":175621,"comment_status":"","ping_status":"","sticky":false,"template":"","format":"standard","meta":{"footnotes":""},"categories":[277],"tags":[373,168,25,24,23,167,374],"class_list":{"0":"post-175620","1":"post","2":"type-post","3":"status-publish","4":"format-standard","5":"has-post-thumbnail","7":"category-toreo","8":"tag-bullfighting","9":"tag-deportes","10":"tag-es","11":"tag-espana","12":"tag-spain","13":"tag-sports","14":"tag-toreo"},"share_on_mastodon":{"url":"","error":""},"_links":{"self":[{"href":"https:\/\/www.europesays.com\/es\/wp-json\/wp\/v2\/posts\/175620","targetHints":{"allow":["GET"]}}],"collection":[{"href":"https:\/\/www.europesays.com\/es\/wp-json\/wp\/v2\/posts"}],"about":[{"href":"https:\/\/www.europesays.com\/es\/wp-json\/wp\/v2\/types\/post"}],"author":[{"embeddable":true,"href":"https:\/\/www.europesays.com\/es\/wp-json\/wp\/v2\/users\/2"}],"replies":[{"embeddable":true,"href":"https:\/\/www.europesays.com\/es\/wp-json\/wp\/v2\/comments?post=175620"}],"version-history":[{"count":0,"href":"https:\/\/www.europesays.com\/es\/wp-json\/wp\/v2\/posts\/175620\/revisions"}],"wp:featuredmedia":[{"embeddable":true,"href":"https:\/\/www.europesays.com\/es\/wp-json\/wp\/v2\/media\/175621"}],"wp:attachment":[{"href":"https:\/\/www.europesays.com\/es\/wp-json\/wp\/v2\/media?parent=175620"}],"wp:term":[{"taxonomy":"category","embeddable":true,"href":"https:\/\/www.europesays.com\/es\/wp-json\/wp\/v2\/categories?post=175620"},{"taxonomy":"post_tag","embeddable":true,"href":"https:\/\/www.europesays.com\/es\/wp-json\/wp\/v2\/tags?post=175620"}],"curies":[{"name":"wp","href":"https:\/\/api.w.org\/{rel}","templated":true}]}}