{"id":175626,"date":"2025-10-14T07:16:11","date_gmt":"2025-10-14T07:16:11","guid":{"rendered":"https:\/\/www.europesays.com\/es\/175626\/"},"modified":"2025-10-14T07:16:11","modified_gmt":"2025-10-14T07:16:11","slug":"no-habra-una-revolucion-pronto-en-ferrari-f1-pero-llegaran-refuerzos","status":"publish","type":"post","link":"https:\/\/www.europesays.com\/es\/175626\/","title":{"rendered":"No habr\u00e1 una revoluci\u00f3n pronto en Ferrari F1, pero llegar\u00e1n refuerzos"},"content":{"rendered":"<p>            <img decoding=\"async\" width=\"1200\" height=\"801\" src=\"https:\/\/www.europesays.com\/es\/wp-content\/uploads\/2025\/10\/12259.jpg\" class=\"attachment-full size-full wp-post-image\" alt=\"\" loading=\"lazy\"\/><\/p>\n<p style=\"display:none\">No habr\u00e1 una revoluci\u00f3n pronto en Ferrari F1, pero llegar\u00e1n refuerzos<\/p>\n<p style=\"display:none\">Hace un a\u00f1o, Ferrari consigui\u00f3 un rotundo doblete en Austin: Charles Leclerc fue primero por delante de su compa\u00f1ero Carlos Sainz y la Scuderia mantuvo abiertas sus esperanzas de luchar con McLaren&#8230;<\/p>\n<p>\n            Hace un a\u00f1o, Ferrari consigui\u00f3 un rotundo doblete en Austin: Charles Leclerc fue primero por delante de su compa\u00f1ero Carlos Sainz y la Scuderia mantuvo abiertas sus esperanzas de luchar con McLaren por el t\u00edtulo de constructores hasta Abu Dhabi, pero finalmente termin\u00f3 14 puntos por detr\u00e1s.<br \/>Ahora la m\u00fasica ha cambiado: en doce meses el mundo del Cavallino Rampante ha dado un vuelco. Los &#8230;<a class=\"more\" href=\"https:\/\/es.motorsport.com\/f1\/news\/no-revolucion-ferrari-refuerzos\/10767320\/?utm_source=RSS&amp;utm_medium=referral&amp;utm_campaign=RSS-ALL&amp;utm_term=News&amp;utm_content=es\" rel=\"nofollow noopener\" target=\"_blank\">Sigue leyendo<\/a><\/p>\n<p>Fuente: <a target=\"_blank\" href=\"https:\/\/es.motorsport.com\/f1\/news\/no-revolucion-ferrari-refuerzos\/10767320\/?utm_source=RSS&amp;utm_medium=referral&amp;utm_campaign=RSS-ALL&amp;utm_term=News&amp;utm_content=es\" rel=\"nofollow noopener\">https:\/\/es.motorsport.com\/f1\/news\/no-revolucion-ferrari-refuerzos\/10767320\/?utm_source=RSS&amp;utm_medium=referral&amp;utm_campaign=RSS-ALL&amp;utm_term=News&amp;utm_content=es<\/a><\/p>\n","protected":false},"excerpt":{"rendered":"No habr\u00e1 una revoluci\u00f3n pronto en Ferrari F1, pero llegar\u00e1n refuerzos Hace un a\u00f1o, Ferrari consigui\u00f3 un rotundo&hellip;\n","protected":false},"author":2,"featured_media":175627,"comment_status":"","ping_status":"","sticky":false,"template":"","format":"standard","meta":{"footnotes":""},"categories":[270],"tags":[168,25,24,306,271,272,23,167],"class_list":{"0":"post-175626","1":"post","2":"type-post","3":"status-publish","4":"format-standard","5":"has-post-thumbnail","7":"category-formula-1","8":"tag-deportes","9":"tag-es","10":"tag-espana","11":"tag-f1","12":"tag-formula-1","13":"tag-formula1","14":"tag-spain","15":"tag-sports"},"share_on_mastodon":{"url":"","error":""},"_links":{"self":[{"href":"https:\/\/www.europesays.com\/es\/wp-json\/wp\/v2\/posts\/175626","targetHints":{"allow":["GET"]}}],"collection":[{"href":"https:\/\/www.europesays.com\/es\/wp-json\/wp\/v2\/posts"}],"about":[{"href":"https:\/\/www.europesays.com\/es\/wp-json\/wp\/v2\/types\/post"}],"author":[{"embeddable":true,"href":"https:\/\/www.europesays.com\/es\/wp-json\/wp\/v2\/users\/2"}],"replies":[{"embeddable":true,"href":"https:\/\/www.europesays.com\/es\/wp-json\/wp\/v2\/comments?post=175626"}],"version-history":[{"count":0,"href":"https:\/\/www.europesays.com\/es\/wp-json\/wp\/v2\/posts\/175626\/revisions"}],"wp:featuredmedia":[{"embeddable":true,"href":"https:\/\/www.europesays.com\/es\/wp-json\/wp\/v2\/media\/175627"}],"wp:attachment":[{"href":"https:\/\/www.europesays.com\/es\/wp-json\/wp\/v2\/media?parent=175626"}],"wp:term":[{"taxonomy":"category","embeddable":true,"href":"https:\/\/www.europesays.com\/es\/wp-json\/wp\/v2\/categories?post=175626"},{"taxonomy":"post_tag","embeddable":true,"href":"https:\/\/www.europesays.com\/es\/wp-json\/wp\/v2\/tags?post=175626"}],"curies":[{"name":"wp","href":"https:\/\/api.w.org\/{rel}","templated":true}]}}