{"id":175634,"date":"2025-10-14T07:20:18","date_gmt":"2025-10-14T07:20:18","guid":{"rendered":"https:\/\/www.europesays.com\/es\/175634\/"},"modified":"2025-10-14T07:20:18","modified_gmt":"2025-10-14T07:20:18","slug":"la-baraja-del-250-aniversario-de-artes-y-oficios-entra-en-el-museo-de-bellas-artes","status":"publish","type":"post","link":"https:\/\/www.europesays.com\/es\/175634\/","title":{"rendered":"La baraja del 250 aniversario de Artes y Oficios entra en el Museo de Bellas Artes"},"content":{"rendered":"<p>\n        La pasada primavera, la <strong>Escuela de Artes y Oficios y Naipes Fournier<\/strong> presentaron una<strong> <\/strong><a href=\"https:\/\/www.noticiasdealava.eus\/cultura\/2025\/05\/31\/naipes-fournier-valor-vitoria-cultura-araba-alava-gasteiz-9703815.html\" title=\"baraja especial\" target=\"_blank\" class=\"link copy\" rel=\"nofollow noopener\">baraja especial<\/a> nacida a partir los respectivos aniversarios de ambas entidades: <strong>250 del centro formativo<\/strong> y <strong>155 de la empresa<\/strong>. Con ella entre las manos, este s\u00e1bado se produce en el Bellas Artes de \u00c1lava una nueva cita del ciclo Conversaciones en el Museo. All\u00ed estar\u00e1 junto a las personas asistentes Nuria P\u00e9rez-Carcamo, artista que ha realizado la ilustraci\u00f3n de estas cartas conmemorativas.\n<\/p>\n<p>            <a href=\"https:\/\/www.noticiasdealava.eus\/cultura\/2025\/05\/28\/fournier-lanza-baraja-unica-homenajea-9689173.html\" title=\"Fournier lanza una baraja \u00fanica que homenajea a las mujeres de la cultura\" class=\"new__media\" rel=\"nofollow noopener\" target=\"_blank\"><\/p>\n<p>                <img alt=\"Fournier lanza una baraja \u00fanica que homenajea a las mujeres de la cultura\" data-src=\"https:\/\/www.europesays.com\/es\/wp-content\/uploads\/2025\/10\/c475e670-b0e5-4991-ad4a-0e834f45d314_16-9-aspect-ratio_default_0_x926y165.jpg\" class=\"lozad\"\/><\/p>\n<p>        <\/a><\/p>\n<p>        <a href=\"https:\/\/www.noticiasdealava.eus\/cultura\/2025\/05\/28\/fournier-lanza-baraja-unica-homenajea-9689173.html\" title=\"Fournier lanza una baraja \u00fanica que homenajea a las mujeres de la cultura\" class=\"new__headline\" rel=\"nofollow noopener\" target=\"_blank\"><br \/>\n            Fournier lanza una baraja \u00fanica que homenajea a las mujeres de la cultura<br \/>\n        <\/a><\/p>\n<p class=\"article-body__text \">\n        Como es habitual, el encuentro con el p\u00fablico se producir\u00e1 a partir de las <strong>12.00 horas<\/strong>, siendo el a<strong>cceso gratuito hasta completar el aforo<\/strong>. De la mano de la Asociaci\u00f3n de Amigos del Museo de Bellas Artes de \u00c1lava (AMBA), la <strong>artista alavesa<\/strong>, y tambi\u00e9n<strong> profesora<\/strong> de Artes y Oficios, se adentrar\u00e1<strong> en los secretos de una baraja<\/strong>, que dirige la atenci\u00f3n hacia aquellas<strong> mujeres<\/strong> que, habiendo sido parte de la escuela y de Fournier, han quedado eclipsadas en la historia. Poniendo nombres y apellidos y dotando de presencia a las personas que fueron relevantes en la conquista social del desarrollo de las mujeres en el \u00e1mbito personal y profesional, <strong>aqu\u00ed son rescatadas del olvido y pasan a ser protagonistas.<\/strong>\n<\/p>\n<p>    <a href=\"https:\/\/www.noticiasdealava.eus\/fotos\/general\/2025\/05\/31\/imagenes-campeonato-mus-escuela-artes-9703901.html\" rel=\"nofollow noopener\" target=\"_blank\"><\/p>\n<p>    <img loading=\"lazy\" decoding=\"async\" class=\"lazy-place\" src=\"data:image\/svg+xml,%3Csvg xmlns=&quot;http:\/\/www.w3.org\/2000\/svg&quot; viewBox=&quot;0 0 880 495&quot;%3E%3C\/svg%3E\" height=\"495\" width=\"880\" alt=\"\" style=\"width:100%; height:auto; max-width:100%;\"\/><\/p>\n<p>    <\/a><\/p>\n<p>    <a href=\"https:\/\/www.noticiasdealava.eus\/fotos\/general\/2025\/05\/31\/imagenes-campeonato-mus-escuela-artes-9703901.html\" class=\"article-photo__multimedia\" rel=\"nofollow noopener\" target=\"_blank\"><\/p>\n<p>        14<br \/>\n    <\/a><\/p>\n<p class=\"article-photo__footer\">\n        En im\u00e1genes: Campeonato de mus en la Escuela de Artes y Oficios\n            <\/p>\n<p class=\"article-body__text \">\n        Adem\u00e1s, durante la charla sobre la baraja \u2013en cuya realizaci\u00f3n tambi\u00e9n ha sido fundamental el trabajo de <strong>Blanca Garaluce<\/strong>\u2013 se dar\u00e1n detalles de la<strong> relaci\u00f3n entre el centro y la empresa a lo largo de las centenarias historias de ambas entidades.<\/strong>\n<\/p>\n<p class=\"article-body__text \">\n        Un nuevo reconocimiento a la trayectoria de la artista gasteiztarra <a href=\"https:\/\/www.noticiasdealava.eus\/cultura\/2025\/06\/24\/artista-vitoriana-gala-knoerr-gana-residencia-artistica-malaga-casa-picasso-9801963.html\" title=\"Gala Kn\u00f6rr\" target=\"_blank\" class=\"link copy\" rel=\"nofollow noopener\">Gala Kn\u00f6rr<\/a> ha llegado a sus manos este mismo mes de octubre. <strong>La autora ha sido distinguida con el premio <\/strong><a href=\"https:\/\/www.instagram.com\/premiviladrich\/?hl=es\" title=\"Miquel Viladrich\" rel=\"nofollow noopener\" target=\"_blank\" class=\"link copy\"><strong>Miquel Viladrich<\/strong><\/a><strong> 2025 <\/strong>en la categor\u00eda<strong> pintura <\/strong>de la mano de la obra <strong>Non Dago Nire Etxea<\/strong> (2023), que form\u00f3 parte de la exposici\u00f3n <strong>Soy tu Huckleberry<\/strong> (2023), realizada en el <strong>DA2 de Salamanca.<\/strong>\n<\/p>\n<p class=\"article-body__text \">\n        El jurado compuesto por <strong>Frederic Montorn\u00e9s, Gl\u00f2ria Picazo, Roser San Juan, Manel Margalef, Jes\u00fas Navarro y Alselmo Pedrix<\/strong> ha distinguido a la artista alavesa por una pintura que<strong> \u201cnos obliga a mirar m\u00e1s all\u00e1 de la pantalla<\/strong>. Esta obra, presentada en formato tr\u00edptico, refleja perfectamente la pr\u00e1ctica pintada de Kn\u00f6rr: <strong>examinando el poder de las im\u00e1genes en nuestra conciencia colectiva<\/strong>. <strong>Estilo crudo, lleno de colores intensos y saturados<\/strong>. La artista imita pixelaci\u00f3n y distorsi\u00f3n digital. La narrativa es sutil: una figura aislada en un paisaje. Pero el mensaje es poderoso\u201d.\n<\/p>\n<p>            <script async src=\"\/\/www.instagram.com\/embed.js\"><\/script><\/p>\n","protected":false},"excerpt":{"rendered":"La pasada primavera, la Escuela de Artes y Oficios y Naipes Fournier presentaron una baraja especial nacida a&hellip;\n","protected":false},"author":2,"featured_media":175635,"comment_status":"","ping_status":"","sticky":false,"template":"","format":"standard","meta":{"footnotes":""},"categories":[173],"tags":[5760,9807,229,233,1968,231,230,50426,232,234,146,147,25,24,50427,38648,49656,50428,23],"class_list":{"0":"post-175634","1":"post","2":"type-post","3":"status-publish","4":"format-standard","5":"has-post-thumbnail","7":"category-arte-y-diseno","8":"tag-5760","9":"tag-aniversario","10":"tag-arte","11":"tag-arte-y-diseno","12":"tag-artes","13":"tag-arts","14":"tag-arts-and-design","15":"tag-baraja","16":"tag-design","17":"tag-diseno","18":"tag-entertainment","19":"tag-entretenimiento","20":"tag-es","21":"tag-espana","22":"tag-gala-knorr","23":"tag-museo-bellas-artes","24":"tag-oficios","25":"tag-premio-miquel-viladrich","26":"tag-spain"},"share_on_mastodon":{"url":"","error":""},"_links":{"self":[{"href":"https:\/\/www.europesays.com\/es\/wp-json\/wp\/v2\/posts\/175634","targetHints":{"allow":["GET"]}}],"collection":[{"href":"https:\/\/www.europesays.com\/es\/wp-json\/wp\/v2\/posts"}],"about":[{"href":"https:\/\/www.europesays.com\/es\/wp-json\/wp\/v2\/types\/post"}],"author":[{"embeddable":true,"href":"https:\/\/www.europesays.com\/es\/wp-json\/wp\/v2\/users\/2"}],"replies":[{"embeddable":true,"href":"https:\/\/www.europesays.com\/es\/wp-json\/wp\/v2\/comments?post=175634"}],"version-history":[{"count":0,"href":"https:\/\/www.europesays.com\/es\/wp-json\/wp\/v2\/posts\/175634\/revisions"}],"wp:featuredmedia":[{"embeddable":true,"href":"https:\/\/www.europesays.com\/es\/wp-json\/wp\/v2\/media\/175635"}],"wp:attachment":[{"href":"https:\/\/www.europesays.com\/es\/wp-json\/wp\/v2\/media?parent=175634"}],"wp:term":[{"taxonomy":"category","embeddable":true,"href":"https:\/\/www.europesays.com\/es\/wp-json\/wp\/v2\/categories?post=175634"},{"taxonomy":"post_tag","embeddable":true,"href":"https:\/\/www.europesays.com\/es\/wp-json\/wp\/v2\/tags?post=175634"}],"curies":[{"name":"wp","href":"https:\/\/api.w.org\/{rel}","templated":true}]}}