{"id":175638,"date":"2025-10-14T07:23:08","date_gmt":"2025-10-14T07:23:08","guid":{"rendered":"https:\/\/www.europesays.com\/es\/175638\/"},"modified":"2025-10-14T07:23:08","modified_gmt":"2025-10-14T07:23:08","slug":"activa-el-modo-las-guerreras-k-pop-en-whatsapp-y-personaliza-tu-chat","status":"publish","type":"post","link":"https:\/\/www.europesays.com\/es\/175638\/","title":{"rendered":"Activa el modo \u2018Las guerreras K-pop\u2019 en WhatsApp y personaliza tu chat"},"content":{"rendered":"<p>Los fans de \u2018<strong>Las guerreras K-pop<\/strong>\u2018 llevan su amor por la pel\u00edcula a <strong>WhatsApp<\/strong> con un modo que permite <strong>cambiar fondos, \u00edconos y sonidos<\/strong> inspirados en el universo musical del filme.<\/p>\n<p>M\u00e1s noticias<strong>El K-pop lleg\u00f3 a los tel\u00e9fonos<\/strong><\/p>\n<p>Si viste en <strong>Netflix<\/strong> la pel\u00edcula <strong>Las guerreras K-pop<\/strong>, seguramente quedaste atrapado con su energ\u00eda, su est\u00e9tica y su m\u00fasica. Ahora, los fans est\u00e1n llevando su amor por esta historia a otro nivel al activar el <strong>modo \u2018Las guerreras K-pop\u2019 en WhatsApp<\/strong>, una tendencia que se ha vuelto viral por permitir que los usuarios personalicen su app con los colores, personajes y canciones del filme.<\/p>\n<p>Aunque no es una funci\u00f3n oficial de <strong>la app<\/strong>, este modo permite darle un look completamente nuevo a tus chats. <\/p>\n<p><strong>C\u00f3mo activar el fondo de chats al estilo K-pop<\/strong><\/p>\n<p>Para empezar, lo primero es descargar una <strong>imagen de la pel\u00edcula<\/strong>. Luego, basta con seguir estos pasos:<\/p>\n<ol class=\"wp-block-list\">\n<li>Abre WhatsApp y ve a Ajustes \u2192 Chats \u2192 Tema predeterminado del chat.<\/li>\n<li>Toca Fondo \u2192 Selecciona de la galer\u00eda.<\/li>\n<li>Escoge la imagen, ajusta el tama\u00f1o y brillo, y presiona el \u00edcono verde de confirmaci\u00f3n.<\/li>\n<\/ol>\n<p>As\u00ed, tu pantalla de chat quedar\u00e1 inspirada en el universo de \u2018Las guerreras K-pop\u2019.<\/p>\n<p><strong>C\u00f3mo cambiar el tono de las notificaciones <\/strong>\ud83c\udfb5<\/p>\n<p>Si quieres llevar la experiencia m\u00e1s all\u00e1, tambi\u00e9n puedes <strong>personalizar<\/strong> el <strong>tono de notificaciones<\/strong> con una canci\u00f3n de la banda sonora. Solo necesitas descargar el audio en tu celular y seguir este proceso:<\/p>\n<ol class=\"wp-block-list\">\n<li>Abre WhatsApp y entra a Ajustes \u2192 Notificaciones.<\/li>\n<li>Pulsa Tono de notificaci\u00f3n y selecciona Agregar tono.<\/li>\n<li>Escoge el archivo musical que descargaste.<\/li>\n<\/ol>\n<p>Listo. Cada mensaje sonar\u00e1 con ritmo de <strong>K-pop<\/strong>, d\u00e1ndole a tus chats una vibra m\u00e1s divertida y poderosa.<\/p>\n<p><strong>No es oficial, pero s\u00ed muy cool <\/strong>\ud83c\udf08<\/p>\n<p>Es importante tener claro que este modo no forma parte de las <strong>actualizaciones oficiales de WhatsApp<\/strong>. Se trata m\u00e1s bien de <strong>una personalizaci\u00f3n est\u00e9tica<\/strong>, ideal para quienes disfrutan de modificar sus apps al m\u00e1ximo.<\/p>\n","protected":false},"excerpt":{"rendered":"Los fans de \u2018Las guerreras K-pop\u2018 llevan su amor por la pel\u00edcula a WhatsApp con un modo que&hellip;\n","protected":false},"author":2,"featured_media":175639,"comment_status":"","ping_status":"","sticky":false,"template":"","format":"standard","meta":{"footnotes":""},"categories":[170],"tags":[26802,146,147,25,24,2502,3013,184,185,1922,23,2922,137],"class_list":{"0":"post-175638","1":"post","2":"type-post","3":"status-publish","4":"format-standard","5":"has-post-thumbnail","7":"category-musica","8":"tag-chat","9":"tag-entertainment","10":"tag-entretenimiento","11":"tag-es","12":"tag-espana","13":"tag-k-pop","14":"tag-mundo","15":"tag-music","16":"tag-musica","17":"tag-redes-sociales","18":"tag-spain","19":"tag-tendencias","20":"tag-whatsapp"},"share_on_mastodon":{"url":"","error":""},"_links":{"self":[{"href":"https:\/\/www.europesays.com\/es\/wp-json\/wp\/v2\/posts\/175638","targetHints":{"allow":["GET"]}}],"collection":[{"href":"https:\/\/www.europesays.com\/es\/wp-json\/wp\/v2\/posts"}],"about":[{"href":"https:\/\/www.europesays.com\/es\/wp-json\/wp\/v2\/types\/post"}],"author":[{"embeddable":true,"href":"https:\/\/www.europesays.com\/es\/wp-json\/wp\/v2\/users\/2"}],"replies":[{"embeddable":true,"href":"https:\/\/www.europesays.com\/es\/wp-json\/wp\/v2\/comments?post=175638"}],"version-history":[{"count":0,"href":"https:\/\/www.europesays.com\/es\/wp-json\/wp\/v2\/posts\/175638\/revisions"}],"wp:featuredmedia":[{"embeddable":true,"href":"https:\/\/www.europesays.com\/es\/wp-json\/wp\/v2\/media\/175639"}],"wp:attachment":[{"href":"https:\/\/www.europesays.com\/es\/wp-json\/wp\/v2\/media?parent=175638"}],"wp:term":[{"taxonomy":"category","embeddable":true,"href":"https:\/\/www.europesays.com\/es\/wp-json\/wp\/v2\/categories?post=175638"},{"taxonomy":"post_tag","embeddable":true,"href":"https:\/\/www.europesays.com\/es\/wp-json\/wp\/v2\/tags?post=175638"}],"curies":[{"name":"wp","href":"https:\/\/api.w.org\/{rel}","templated":true}]}}