{"id":175640,"date":"2025-10-14T07:24:06","date_gmt":"2025-10-14T07:24:06","guid":{"rendered":"https:\/\/www.europesays.com\/es\/175640\/"},"modified":"2025-10-14T07:24:06","modified_gmt":"2025-10-14T07:24:06","slug":"la-razon-por-la-que-jim-caviezel-no-volvera-a-ser-jesus","status":"publish","type":"post","link":"https:\/\/www.europesays.com\/es\/175640\/","title":{"rendered":"la raz\u00f3n por la que Jim Caviezel no volver\u00e1 a ser Jes\u00fas"},"content":{"rendered":"<p>M\u00e1s de dos d\u00e9cadas despu\u00e9s de que su rostro se convirtiera en un \u00edcono del cine religioso, el actor<b> Jim Caviezel no volver\u00e1 a interpretar a Jes\u00fas<\/b> en la esperada secuela de &#8216;La Pasi\u00f3n de Cristo&#8217;.<\/p>\n<p>La decisi\u00f3n, tomada por el director Mel Gibson, marca un punto de inflexi\u00f3n para el proyecto y revela detalles clave sobre el nuevo y ambicioso enfoque que tendr\u00e1 la pel\u00edcula, titulada &#8216;La pasi\u00f3n de Cristo: Resurrecci\u00f3n&#8217;.<\/p>\n<p>La decisi\u00f3n de buscar un nuevo actor no responde a ning\u00fan conflicto con Caviezel, sino a una necesidad puramente narrativa y conceptual de Mel Gibson.<\/p>\n<p>La secuela no ser\u00e1 una simple continuaci\u00f3n, sino que se adentrar\u00e1 en uno de los pasajes teol\u00f3gicamente m\u00e1s complejos y visualmente m\u00e1s desafiantes del cristianismo: los tres d\u00edas entre la crucifixi\u00f3n y la resurrecci\u00f3n.<\/p>\n<p class=\"c-cuerpo__media__txt\">Jim Caviezel interpret\u00f3 a Jes\u00fas. Foto:Archivo. EL TIEMPO<\/p>\n<p>Seg\u00fan ha trascendido, la pel\u00edcula se centrar\u00e1 en el \u00abdescenso de Cristo a los infiernos\u00bb o el \u00abHarrowing of Hell\u00bb, un concepto que describe el viaje de Jes\u00fas al reino de los muertos para liberar a las almas justas que hab\u00edan fallecido antes de su sacrificio.<\/p>\n<p>Esta narrativa transforma la historia de una de sufrimiento pasivo a una de combate espiritual activo. Gibson imagina este pasaje como una batalla \u00e9pica, en la que Jes\u00fas se enfrenta directamente a fuerzas demon\u00edacas y a Satan\u00e1s en su propio reino. Para esta visi\u00f3n, el director consider\u00f3 que era necesario un actor m\u00e1s joven, capaz de proyectar una energ\u00eda diferente a la del Jes\u00fas sufriente y ensangrentado que Caviezel encarn\u00f3 de manera tan memorable.<\/p>\n<p>De la pasi\u00f3n f\u00edsica a la guerra espiritual<\/p>\n<p>La primera pel\u00edcula se centr\u00f3, de manera expl\u00edcita y cruda, en el tormento f\u00edsico de las \u00faltimas horas de Jes\u00fas. Su secuela, en cambio, promete ser un drama de car\u00e1cter mucho m\u00e1s metaf\u00edsico y fant\u00e1stico. El enfoque se traslada del cuerpo al esp\u00edritu, de la crucifixi\u00f3n en el G\u00f3lgota a una confrontaci\u00f3n en las profundidades del inframundo.<\/p>\n<p>Este cambio tem\u00e1tico es la clave para entender el recasting. Gibson no busca al mismo personaje, sino una faceta completamente distinta. Necesita un protagonista que pueda encarnar a un guerrero espiritual, una figura de poder y autoridad divina en un entorno hostil y sobrenatural.<\/p>\n<p>El fin de una era y la b\u00fasqueda de un nuevo rostro<\/p>\n<p>Durante a\u00f1os, <b>Jim Caviezel hab\u00eda expresado p\u00fablicamente su deseo y su convicci\u00f3n de que volver\u00eda a trabajar con Gibson en la secuela<\/b>. Su interpretaci\u00f3n en la pel\u00edcula de 2004 no solo fue un hito en su carrera, sino que se convirti\u00f3 en una parte definitoria de su identidad p\u00fablica.<\/p>\n<p>Ahora, la atenci\u00f3n se centra en qui\u00e9n ser\u00e1 el elegido para asumir un papel tan ic\u00f3nico. Aunque han circulado rumores, como el del actor italiano Francesco De Vito (quien interpret\u00f3 a Pedro en la cinta original), a\u00fan no hay una confirmaci\u00f3n oficial.<\/p>\n<p class=\"c-cuerpo__media__txt\">Mel Gibson Foto:AFP<\/p>\n<p>Lo que s\u00ed es seguro es que la decisi\u00f3n de cambiar de protagonista es la se\u00f1al m\u00e1s clara de que &#8216;Resurrecci\u00f3n&#8217; no buscar\u00e1 replicar la f\u00f3rmula de su predecesora. Mel Gibson se prepara para ofrecer una pel\u00edcula radicalmente diferente, un viaje que promete llevar al p\u00fablico desde la oscuridad de la tumba hasta un enfrentamiento de dimensiones c\u00f3smicas, y para ese viaje, ha decidido que se necesita un nuevo rostro para liderar el camino.<\/p>\n<p><b>*Este contenido fue reescrito con la asistencia de una inteligencia artificial*<\/b><\/p>\n","protected":false},"excerpt":{"rendered":"M\u00e1s de dos d\u00e9cadas despu\u00e9s de que su rostro se convirtiera en un \u00edcono del cine religioso, el&hellip;\n","protected":false},"author":2,"featured_media":175641,"comment_status":"","ping_status":"","sticky":false,"template":"","format":"standard","meta":{"footnotes":""},"categories":[169],"tags":[10903,177,6088,3008,146,147,25,24,176,1783,175,13511,23],"class_list":{"0":"post-175640","1":"post","2":"type-post","3":"status-publish","4":"format-standard","5":"has-post-thumbnail","7":"category-cine","8":"tag-10903","9":"tag-cine","10":"tag-cristo","11":"tag-de","12":"tag-entertainment","13":"tag-entretenimiento","14":"tag-es","15":"tag-espana","16":"tag-film","17":"tag-la","18":"tag-movies","19":"tag-pasion","20":"tag-spain"},"share_on_mastodon":{"url":"","error":""},"_links":{"self":[{"href":"https:\/\/www.europesays.com\/es\/wp-json\/wp\/v2\/posts\/175640","targetHints":{"allow":["GET"]}}],"collection":[{"href":"https:\/\/www.europesays.com\/es\/wp-json\/wp\/v2\/posts"}],"about":[{"href":"https:\/\/www.europesays.com\/es\/wp-json\/wp\/v2\/types\/post"}],"author":[{"embeddable":true,"href":"https:\/\/www.europesays.com\/es\/wp-json\/wp\/v2\/users\/2"}],"replies":[{"embeddable":true,"href":"https:\/\/www.europesays.com\/es\/wp-json\/wp\/v2\/comments?post=175640"}],"version-history":[{"count":0,"href":"https:\/\/www.europesays.com\/es\/wp-json\/wp\/v2\/posts\/175640\/revisions"}],"wp:featuredmedia":[{"embeddable":true,"href":"https:\/\/www.europesays.com\/es\/wp-json\/wp\/v2\/media\/175641"}],"wp:attachment":[{"href":"https:\/\/www.europesays.com\/es\/wp-json\/wp\/v2\/media?parent=175640"}],"wp:term":[{"taxonomy":"category","embeddable":true,"href":"https:\/\/www.europesays.com\/es\/wp-json\/wp\/v2\/categories?post=175640"},{"taxonomy":"post_tag","embeddable":true,"href":"https:\/\/www.europesays.com\/es\/wp-json\/wp\/v2\/tags?post=175640"}],"curies":[{"name":"wp","href":"https:\/\/api.w.org\/{rel}","templated":true}]}}