{"id":175670,"date":"2025-10-14T07:43:11","date_gmt":"2025-10-14T07:43:11","guid":{"rendered":"https:\/\/www.europesays.com\/es\/175670\/"},"modified":"2025-10-14T07:43:11","modified_gmt":"2025-10-14T07:43:11","slug":"el-palacio-de-todos-los-canarios-cumple-25-anos-la-sede-de-presidencia-en-tenerife-celebra-su-legado-arquitectonico","status":"publish","type":"post","link":"https:\/\/www.europesays.com\/es\/175670\/","title":{"rendered":"El &#8216;palacio de todos los canarios&#8217; cumple 25 a\u00f1os: la sede de Presidencia en Tenerife celebra su legado arquitect\u00f3nico"},"content":{"rendered":"<p class=\"v-mdl-ath__p v-mdl-ath__p--2\">\nEfe\n<\/p>\n<p class=\"v-mdl-ath__p v-mdl-ath__p--3\">\nSanta Cruz de Tenerife\n<\/p>\n<p class=\"v-mdl-ath__p v-mdl-ath__p--6\">\nLunes, 13 de octubre 2025, 15:49<\/p>\n<p class=\"v-p\">El edificio de la Presidencia del Gobierno de Canarias en Santa Cruz de Tenerife, conocido por su autor como <strong>&#8216;el palacio de todos los canarios&#8217;, cumple 25 a\u00f1os<\/strong>. La obra, dise\u00f1ada por el equipo de arquitectos Artengo-Menis-Pastrana, se levanta con hormig\u00f3n, piedra volc\u00e1nica de las siete islas y madera de tea procedente de la hist\u00f3rica Casa Hamilton, conformando un espacio que respira los alisios y busca reflejar la esencia del archipi\u00e9lago.<\/p>\n<p class=\"v-p\">El arquitecto Fernando Menis, uno de sus creadores junto a Felipe Artengo y Jos\u00e9 Mar\u00eda Rodr\u00edguez Pastrana, record\u00f3 durante una visita a la exposici\u00f3n conmemorativa \u2014celebrada este lunes junto al presidente Fernando Clavijo y su equipo de Gobierno\u2014 <strong>los or\u00edgenes del proyecto, impulsado por el entonces presidente auton\u00f3mico Jer\u00f3nimo Saavedra<\/strong>.<\/p>\n<p class=\"v-p\">El edificio se levant\u00f3 en los terrenos del antiguo cuartel de San Carlos y la iglesia de San Telmo, tras el desv\u00edo de la calle Bravo Murillo, lo que permiti\u00f3 unificar toda la zona en una \u00fanica parcela. \u00abEsa fue una de las razones por las que ganamos el concurso\u00bb, explic\u00f3 Menis.<\/p>\n<p class=\"v-p\">Uno de los elementos m\u00e1s singulares del inmueble es su patio central, en torno al cual se reutilizaron las escaleras y balcones de la Casa Hamilton, permitiendo una ventilaci\u00f3n natural impulsada por los alisios. \u00abEl edificio respira sin aire acondicionado\u00bb, destac\u00f3 el arquitecto.<\/p>\n<p class=\"v-p\">Menis record\u00f3 tambi\u00e9n la voluntad de Saavedra de que el proyecto <strong>incorporara piedra de cada isla<\/strong> \u2014de Tindaya (Fuerteventura), La Gomera, Gran Canaria, Lanzarote, La Palma y Tenerife\u2014, como s\u00edmbolo de unidad. \u00abQuer\u00edamos que un pedacito de cada isla estuviera aqu\u00ed, que la gente se sintiera identificada con este lugar, que dentro de 2.000 a\u00f1os siguiera en pie\u00bb, afirm\u00f3.<\/p>\n<p class=\"v-p\">Adem\u00e1s, el edificio alberga obras de destacados artistas canarios, como Fernando \u00c1lamo, Pedro Gonz\u00e1lez, Juan Gopar y Juan Bordes, integradas en el proceso constructivo como parte de su identidad est\u00e9tica y cultural.<\/p>\n<p class=\"v-p\">Menis propuso que en el futuro se realicen visitas guiadas para escolares y grupos peque\u00f1os, para que la ciudadan\u00eda conozca un espacio que, \u00abdesde fuera parece pesado, potente, como debe ser un palacio, pero por dentro acoge\u00bb.<\/p>\n<p class=\"v-p\">El viceconsejero de Presidencia, Alfonso Cabello, defini\u00f3 el inmueble como \u00abuna escultura habitable\u00bb, s\u00edmbolo de la Santa Cruz de finales de los 90, que apost\u00f3 por una arquitectura c\u00edvica y monumental \u00abcapaz de integrar arte, convivencia y proyecci\u00f3n internacional\u00bb.<\/p>\n<p class=\"v-p\">La exposici\u00f3n conmemorativa, impulsada por Dulce Xerach P\u00e9rez \u2014fallecida recientemente y esposa de Menis\u2014, repasa el proceso creativo de un edificio que, 25 a\u00f1os despu\u00e9s, sigue siendo referente arquitect\u00f3nico y simb\u00f3lico de la Comunidad Aut\u00f3noma.<\/p>\n<p>Reporta un error<\/p>\n","protected":false},"excerpt":{"rendered":"Efe Santa Cruz de Tenerife Lunes, 13 de octubre 2025, 15:49 El edificio de la Presidencia del Gobierno&hellip;\n","protected":false},"author":2,"featured_media":175671,"comment_status":"","ping_status":"","sticky":false,"template":"","format":"standard","meta":{"footnotes":""},"categories":[173],"tags":[988,34363,229,233,231,230,29067,6951,7677,232,234,146,147,25,24,363,6481,15913,4569,23,1370],"class_list":{"0":"post-175670","1":"post","2":"type-post","3":"status-publish","4":"format-standard","5":"has-post-thumbnail","7":"category-arte-y-diseno","8":"tag-anos","9":"tag-arquitectonico","10":"tag-arte","11":"tag-arte-y-diseno","12":"tag-arts","13":"tag-arts-and-design","14":"tag-canarios","15":"tag-celebra","16":"tag-cumple","17":"tag-design","18":"tag-diseno","19":"tag-entertainment","20":"tag-entretenimiento","21":"tag-es","22":"tag-espana","23":"tag-legado","24":"tag-palacio","25":"tag-presidencia","26":"tag-sede","27":"tag-spain","28":"tag-tenerife"},"share_on_mastodon":{"url":"","error":""},"_links":{"self":[{"href":"https:\/\/www.europesays.com\/es\/wp-json\/wp\/v2\/posts\/175670","targetHints":{"allow":["GET"]}}],"collection":[{"href":"https:\/\/www.europesays.com\/es\/wp-json\/wp\/v2\/posts"}],"about":[{"href":"https:\/\/www.europesays.com\/es\/wp-json\/wp\/v2\/types\/post"}],"author":[{"embeddable":true,"href":"https:\/\/www.europesays.com\/es\/wp-json\/wp\/v2\/users\/2"}],"replies":[{"embeddable":true,"href":"https:\/\/www.europesays.com\/es\/wp-json\/wp\/v2\/comments?post=175670"}],"version-history":[{"count":0,"href":"https:\/\/www.europesays.com\/es\/wp-json\/wp\/v2\/posts\/175670\/revisions"}],"wp:featuredmedia":[{"embeddable":true,"href":"https:\/\/www.europesays.com\/es\/wp-json\/wp\/v2\/media\/175671"}],"wp:attachment":[{"href":"https:\/\/www.europesays.com\/es\/wp-json\/wp\/v2\/media?parent=175670"}],"wp:term":[{"taxonomy":"category","embeddable":true,"href":"https:\/\/www.europesays.com\/es\/wp-json\/wp\/v2\/categories?post=175670"},{"taxonomy":"post_tag","embeddable":true,"href":"https:\/\/www.europesays.com\/es\/wp-json\/wp\/v2\/tags?post=175670"}],"curies":[{"name":"wp","href":"https:\/\/api.w.org\/{rel}","templated":true}]}}