{"id":175718,"date":"2025-10-14T08:10:15","date_gmt":"2025-10-14T08:10:15","guid":{"rendered":"https:\/\/www.europesays.com\/es\/175718\/"},"modified":"2025-10-14T08:10:15","modified_gmt":"2025-10-14T08:10:15","slug":"arsenio-mayo-estrena-su-primera-pelicula-por-el-camino-de-en-medio-en-zamora","status":"publish","type":"post","link":"https:\/\/www.europesays.com\/es\/175718\/","title":{"rendered":"Arsenio Mayo estrena su primera pel\u00edcula \u00abPor el camino de en medio\u00bb en Zamora"},"content":{"rendered":"<p class=\"ft-text ft-helper-closenews\">Mar\u00eda Gracia, Sylvana Velasco, Tony Antonio, \u00c1ngel Jodra, Rosario Pardo, Manolo Cal, <a class=\"ft-link ft-link--decoration\" href=\"https:\/\/www.laopiniondezamora.es\/zamora\/2023\/02\/07\/hablar-acoso-escolar-siento-aporto-82587677.html\" rel=\"nofollow noopener\" target=\"_blank\">Javier Los\u00e1n<\/a>, \u00c1ngeles Afuera, <a class=\"ft-link ft-link--decoration\" href=\"https:\/\/www.laopiniondezamora.es\/deportes\/2025\/01\/27\/locura-cope-primer-gol-manu-113756321.html\" rel=\"nofollow noopener\" target=\"_blank\">Manolo Lama<\/a> o <a class=\"ft-link ft-link--decoration\" href=\"https:\/\/www.laopiniondezamora.es\/ultima\/2007\/05\/15\/famosos-resisten-tentacion-1608618.html\" rel=\"nofollow noopener\" target=\"_blank\">Juan Luis Cano<\/a> representan algunos de <strong>los 56 rostros conocidos que ha sido int\u00e9rpretes, <\/strong>desinteresadamente, en la pel\u00edcula <strong>\u00abPor el camino de en medio\u00bb.<\/strong><\/p>\n<p><img decoding=\"async\" src=\"https:\/\/www.europesays.com\/es\/wp-content\/uploads\/2025\/10\/ca1d4f50-4296-41ff-a05a-9b2dd53cd968_alta-libre-aspect-ratio_default_0.jpg\" width=\"1200\" height=\"677\" alt=\"Estreno de &quot;Por el camino de en medio&quot;\" class=\"ft-helper-img-rd\" loading=\"lazy\" hasdataaida=\"true\"\/><\/p>\n<p class=\"ft-helper-fontColor-quaternary ft-helper-fontSize-body-S ft-helper-spacer-t-xxs\">Estreno de \u00abPor el camino de en medio\u00bb <\/p>\n<p class=\"ft-text\">El <strong>proyecto <\/strong>surgi\u00f3 de la cabeza del <a class=\"ft-link ft-link--decoration\" href=\"https:\/\/www.laopiniondezamora.es\/zamora\/\" rel=\"nofollow noopener\" target=\"_blank\">zamorano<\/a><strong> Arsenio Mayo<\/strong>, quien a\u00f1os atr\u00e1s ya grabara \u00abEl funcionario asesino\u00bb con Francisco Rabal en la ciudad del Duero, <strong>cuando tras la muerte de su madre <\/strong>tuvo que enfrentarse a <strong>mucha burocracia. <\/strong><\/p>\n<p>Historia<\/p>\n<p class=\"ft-text\">El zamorano en este trabajo presenta a<strong> un hombre maduro <\/strong>que vive en<strong> <\/strong><a class=\"ft-link ft-link--decoration\" href=\"https:\/\/www.laopiniondezamora.es\/zamora\/2025\/10\/11\/artista-zamorano-dispuesto-conquistar-madrid-122510362.html\" rel=\"nofollow noopener\" target=\"_blank\"><strong>Carabanchel<\/strong><\/a><strong>, <\/strong>que capea los problemas diarios siendo un buen ciudadano y respetando las normas. A este hombre sencillo se le muere su madre de manera repentina, lo que<strong> conlleva \u00abuna ruptura con su ser m\u00e1s \u00edntimo\u00bb y <\/strong>algo<strong> ins\u00f3lito sucede en su alrededor, a<\/strong>delanta el director que define la<strong> pel\u00edcula como \u00abmuy espa\u00f1ola, <\/strong>de estilo<strong> surrealista con influencias <\/strong>de <strong>Azcona y <\/strong><a class=\"ft-link ft-link--decoration\" href=\"https:\/\/www.laopiniondezamora.es\/cultura\/2010\/11\/15\/ultimo-adios-berlanga-1457221.html\" rel=\"nofollow noopener\" target=\"_blank\">Berlanga<\/a>\u00ab.<\/p>\n<p><img decoding=\"async\" src=\"https:\/\/www.europesays.com\/es\/wp-content\/uploads\/2025\/10\/a8a237a5-43f1-4a93-96f5-28d0dd146d3d_alta-libre-aspect-ratio_default_0.jpg\" width=\"1200\" height=\"760\" alt=\"Estreno de &quot;Por el camino de en medio&quot;\" class=\"ft-helper-img-rd\" loading=\"lazy\" hasdataaida=\"true\"\/><\/p>\n<p class=\"ft-helper-fontColor-quaternary ft-helper-fontSize-body-S ft-helper-spacer-t-xxs\">Estreno de \u00abPor el camino de en medio\u00bb <\/p>\n<p class=\"ft-text\">La cinta ha salido adelante<strong> solo con 26.000 euros<\/strong> procedentes de \u00abla venta de bocadillos en un puesto en San Isidro y los otros 8.000 euros de mi bolsillo\u00bb atestigua Arsenio Mayo, quien ha carecido a subvenciones p\u00fablicas para este trabajo \u00abcoral\u00bb.<\/p>\n<p class=\"ft-text\">El <strong>rodaje<\/strong> de \u00abPor el camino de en medio\u00bb se he llevado a cabo en Carabanchel \u00aben \u00fanicamente<strong> 64 d\u00edas<\/strong>\u00bb con un equipo integrado por muchos<strong> alumnos del IES Puerta Bonita<\/strong> \u00abque se ha implicado totalmente\u00bb agradece el zamorano, que ejemplifica que si \u00abun mi\u00e9rcoles rod\u00e1bamos, los chicos que ten\u00edan clases por la ma\u00f1ana ven\u00edan por la tarde y los que ten\u00edan clase por la tarde por las ma\u00f1anas, com\u00edan un bocata y se iban al instituto\u00bb.<\/p>\n<p><img decoding=\"async\" src=\"https:\/\/www.europesays.com\/es\/wp-content\/uploads\/2025\/10\/db5b8778-9ca6-43d2-b9d4-fb2f24e5dc83_alta-libre-aspect-ratio_default_0.jpg\" width=\"1200\" height=\"738\" alt=\"Estreno de &quot;Por el camino de en medio&quot;\" class=\"ft-helper-img-rd\" loading=\"lazy\" hasdataaida=\"true\"\/><\/p>\n<p class=\"ft-helper-fontColor-quaternary ft-helper-fontSize-body-S ft-helper-spacer-t-xxs\">Estreno de \u00abPor el camino de en medio\u00bb <\/p>\n<p class=\"ft-text\">Desde su punto de vista, el secreto para que tantos colectivos culturales de Carabanchel y personas particulares <strong>se hayan implicado en el proyecto \u00abes que tiene verdad\u00bb<\/strong>. \u00abSi t\u00fa les presentas un proyecto con alma y con un inter\u00e9s, se apuntan\u00bb, certifica.<\/p>\n<p><img decoding=\"async\" src=\"https:\/\/www.europesays.com\/es\/wp-content\/uploads\/2025\/10\/f54dd783-a19b-4d04-8eaa-dfea524131a6_alta-libre-aspect-ratio_default_0.jpg\" width=\"1200\" height=\"766\" alt=\"Estreno de &quot;Por el camino de en medio&quot;\" class=\"ft-helper-img-rd\" loading=\"lazy\" hasdataaida=\"true\"\/><\/p>\n<p class=\"ft-helper-fontColor-quaternary ft-helper-fontSize-body-S ft-helper-spacer-t-xxs\">Estreno de \u00abPor el camino de en medio\u00bb <\/p>\n<p class=\"ft-text\"><strong>\u00abPor el camino de en medio<\/strong>\u00bb ha tenido su <strong>presentaci\u00f3n <\/strong>en los cines Yelmo de Islazul, en <strong>Madrid<\/strong>, pero vivir\u00e1 s<strong>u estreno <\/strong>en la ciudad de<strong> Zamora,<\/strong> este jueves<strong> d\u00eda 18 de octubre a las 19.30 horas en <\/strong><a class=\"ft-link ft-link--decoration\" href=\"https:\/\/www.laopiniondezamora.es\/ocio\/planes\/2025\/09\/30\/multicines-zamora-entradas-disponibles-estreno-122109608.html\" rel=\"nofollow noopener\" target=\"_blank\">Multicines<\/a>.<\/p>\n<p class=\"ft-text\">\u00abDesde hace 20 a\u00f1os vivo en Madrid por motivos de trabajo, pero nunca me olvido de la que considero mi ciudad y en Multicines Zamora siempre apoyan el cine\u00bb, se\u00f1ala el director que tiene en cartera el llevar a cabo un largometraje sobre \u00ablo que verdaderamente sucedi\u00f3 en <a class=\"ft-link ft-link--decoration\" href=\"https:\/\/www.laopiniondezamora.es\/tags\/cerco-de-zamora\/\" rel=\"nofollow noopener\" target=\"_blank\">El Cerco de Zamora<\/a>\u00ab.<\/p>\n<p data-close=\"closedContent\" class=\"subscribeHideForDisplay\">Suscr\u00edbete para seguir leyendo<\/p>\n","protected":false},"excerpt":{"rendered":"Mar\u00eda Gracia, Sylvana Velasco, Tony Antonio, \u00c1ngel Jodra, Rosario Pardo, Manolo Cal, Javier Los\u00e1n, \u00c1ngeles Afuera, Manolo Lama&hellip;\n","protected":false},"author":2,"featured_media":175719,"comment_status":"","ping_status":"","sticky":false,"template":"","format":"standard","meta":{"footnotes":""},"categories":[169],"tags":[50450,177,146,147,25,24,1719,176,10695,175,50451,1257,1078,23],"class_list":{"0":"post-175718","1":"post","2":"type-post","3":"status-publish","4":"format-standard","5":"has-post-thumbnail","7":"category-cine","8":"tag-arsenio","9":"tag-cine","10":"tag-entertainment","11":"tag-entretenimiento","12":"tag-es","13":"tag-espana","14":"tag-estrena","15":"tag-film","16":"tag-mayo","17":"tag-movies","18":"tag-multicines-zamora","19":"tag-pelicula","20":"tag-primera","21":"tag-spain"},"share_on_mastodon":{"url":"","error":""},"_links":{"self":[{"href":"https:\/\/www.europesays.com\/es\/wp-json\/wp\/v2\/posts\/175718","targetHints":{"allow":["GET"]}}],"collection":[{"href":"https:\/\/www.europesays.com\/es\/wp-json\/wp\/v2\/posts"}],"about":[{"href":"https:\/\/www.europesays.com\/es\/wp-json\/wp\/v2\/types\/post"}],"author":[{"embeddable":true,"href":"https:\/\/www.europesays.com\/es\/wp-json\/wp\/v2\/users\/2"}],"replies":[{"embeddable":true,"href":"https:\/\/www.europesays.com\/es\/wp-json\/wp\/v2\/comments?post=175718"}],"version-history":[{"count":0,"href":"https:\/\/www.europesays.com\/es\/wp-json\/wp\/v2\/posts\/175718\/revisions"}],"wp:featuredmedia":[{"embeddable":true,"href":"https:\/\/www.europesays.com\/es\/wp-json\/wp\/v2\/media\/175719"}],"wp:attachment":[{"href":"https:\/\/www.europesays.com\/es\/wp-json\/wp\/v2\/media?parent=175718"}],"wp:term":[{"taxonomy":"category","embeddable":true,"href":"https:\/\/www.europesays.com\/es\/wp-json\/wp\/v2\/categories?post=175718"},{"taxonomy":"post_tag","embeddable":true,"href":"https:\/\/www.europesays.com\/es\/wp-json\/wp\/v2\/tags?post=175718"}],"curies":[{"name":"wp","href":"https:\/\/api.w.org\/{rel}","templated":true}]}}