{"id":17572,"date":"2025-08-01T02:04:09","date_gmt":"2025-08-01T02:04:09","guid":{"rendered":"https:\/\/www.europesays.com\/es\/17572\/"},"modified":"2025-08-01T02:04:09","modified_gmt":"2025-08-01T02:04:09","slug":"un-detenido-en-ferrol-por-una-agresion-sexual-a-una-joven-que-fue-acorralada-por-varios-hombres","status":"publish","type":"post","link":"https:\/\/www.europesays.com\/es\/17572\/","title":{"rendered":"Un detenido en Ferrol por una agresi\u00f3n sexual a una joven que fue acorralada por varios hombres"},"content":{"rendered":"<p class=\"paragraph\" id=\"paragraph_1\">Una joven de 18 a\u00f1os fue agredida y violada por varias personas la pasada noche del martes al mi\u00e9rcoles en el centro de Ferrol.<\/p>\n<p class=\"paragraph\" id=\"paragraph_2\">Por el momento tan solo hay una persona detenida por la supuesta agresi\u00f3n a una mujer, que se encuentra en dependencias policiales a la espera de declarar.<\/p>\n<p class=\"paragraph\" id=\"paragraph_3\">Seg\u00fan han confirmado a Europa Press fuentes conocedoras de la investigaci\u00f3n, la joven fue arrastrada a unos soportales de la plaza de Espa\u00f1a por varios hombres, donde la golpearon y la agredieron sexualmente.<\/p>\n<p class=\"paragraph\" id=\"paragraph_4\">El detenido se encuentra en dependencias policiales, donde prestar\u00e1 declaraci\u00f3n, antes de continuar el procedimiento en el \u00e1mbito judicial.<\/p>\n","protected":false},"excerpt":{"rendered":"Una joven de 18 a\u00f1os fue agredida y violada por varias personas la pasada noche del martes al&hellip;\n","protected":false},"author":2,"featured_media":17573,"comment_status":"","ping_status":"","sticky":false,"template":"","format":"standard","meta":{"footnotes":""},"categories":[5],"tags":[17,18,11242,25,24,13,14,11241,11243,816,11,19,20,9,10,15,16,23,12,21,22],"class_list":{"0":"post-17572","1":"post","2":"type-post","3":"status-publish","4":"format-standard","5":"has-post-thumbnail","7":"category-titulares","8":"tag-breaking-news","9":"tag-breakingnews","10":"tag-comarca-de-ferrol","11":"tag-es","12":"tag-espana","13":"tag-featured-news","14":"tag-featurednews","15":"tag-ferrol","16":"tag-ferrolterra","17":"tag-galicia","18":"tag-headlines","19":"tag-latest-news","20":"tag-latestnews","21":"tag-news","22":"tag-noticias","23":"tag-noticias-destacadas","24":"tag-noticiasdestacadas","25":"tag-spain","26":"tag-titulares","27":"tag-ultimas-noticias","28":"tag-ultimasnoticias"},"share_on_mastodon":{"url":"","error":""},"_links":{"self":[{"href":"https:\/\/www.europesays.com\/es\/wp-json\/wp\/v2\/posts\/17572","targetHints":{"allow":["GET"]}}],"collection":[{"href":"https:\/\/www.europesays.com\/es\/wp-json\/wp\/v2\/posts"}],"about":[{"href":"https:\/\/www.europesays.com\/es\/wp-json\/wp\/v2\/types\/post"}],"author":[{"embeddable":true,"href":"https:\/\/www.europesays.com\/es\/wp-json\/wp\/v2\/users\/2"}],"replies":[{"embeddable":true,"href":"https:\/\/www.europesays.com\/es\/wp-json\/wp\/v2\/comments?post=17572"}],"version-history":[{"count":0,"href":"https:\/\/www.europesays.com\/es\/wp-json\/wp\/v2\/posts\/17572\/revisions"}],"wp:featuredmedia":[{"embeddable":true,"href":"https:\/\/www.europesays.com\/es\/wp-json\/wp\/v2\/media\/17573"}],"wp:attachment":[{"href":"https:\/\/www.europesays.com\/es\/wp-json\/wp\/v2\/media?parent=17572"}],"wp:term":[{"taxonomy":"category","embeddable":true,"href":"https:\/\/www.europesays.com\/es\/wp-json\/wp\/v2\/categories?post=17572"},{"taxonomy":"post_tag","embeddable":true,"href":"https:\/\/www.europesays.com\/es\/wp-json\/wp\/v2\/tags?post=17572"}],"curies":[{"name":"wp","href":"https:\/\/api.w.org\/{rel}","templated":true}]}}