{"id":175724,"date":"2025-10-14T08:13:07","date_gmt":"2025-10-14T08:13:07","guid":{"rendered":"https:\/\/www.europesays.com\/es\/175724\/"},"modified":"2025-10-14T08:13:07","modified_gmt":"2025-10-14T08:13:07","slug":"el-comico-j-j-vaquero-habla-de-como-supero-sus-problemas-con-el-alcohol-me-vi-borracho-en-el-entierro-de-mi-suegra-es-muy-peligroso-gente","status":"publish","type":"post","link":"https:\/\/www.europesays.com\/es\/175724\/","title":{"rendered":"El c\u00f3mico J. J. Vaquero habla de c\u00f3mo super\u00f3 sus problemas con el alcohol: \u201cMe vi borracho en el entierro de mi suegra. Es muy peligroso\u201d | Gente"},"content":{"rendered":"<p class=\"\">El humorista <a href=\"http:\/\/www.jjvaquero.com\/\" rel=\"nofollow noopener\" target=\"_blank\">Jos\u00e9 Juan Vaquero<\/a> visit\u00f3 este lunes, 13 de octubre, El hormiguero para presentar su \u00faltima pel\u00edcula junto al tambi\u00e9n c\u00f3mico Goyo Jim\u00e9nez. Se titula Suj\u00e9tame el cubata y mezcla realidad y ficci\u00f3n. Vaquero interpreta a un personaje que har\u00e1 lo posible por salvar su bar: \u201cVa sobre El Erizo, mi bar, donde hac\u00edamos mon\u00f3logos, lo tuve 16 a\u00f1os. Hac\u00edamos cosas muy locas\u201d, le cont\u00f3 al presentador del programa, Pablo Motos. <\/p>\n<p class=\"\">Durante la entrevista, Vaquero explic\u00f3 su relaci\u00f3n m\u00e1s personal con la fiesta y c\u00f3mo super\u00f3 sus problemas con el alcohol. \u201c\u00bfC\u00f3mo pasa esto de la vida de la noche, la vida de la fiesta, y decir \u2018hasta aqu\u00ed\u2019 y ahora cambio\u201d, le pregunt\u00f3 Motos. \u201c\u00bfQuieres la verdad? Me vi borracho en el entierro de mi suegra\u201d, le contest\u00f3 el c\u00f3mico, mientras el presentador le hac\u00eda un gesto de cari\u00f1o con la mano.<\/p>\n<p>M\u00e1s informaci\u00f3n<\/p>\n<p class=\"\">\u201cPed\u00ed ayuda a un profesional y todo. No me gusta mandar el mensaje de que con el deporte puedes dejar lo que creas que puedes dejar. Por favor, si alguien cree que tiene un problema que busque ayuda profesional\u201d, se\u00f1al\u00f3. Y a\u00f1adi\u00f3 que el deporte tambi\u00e9n ayuda \u201ca comer, a dormir, a estar sano\u201d. \u201cMe gusta mucho, soy competitivo conmigo mismo. Es una ayuda para cualquier persona a la que se le est\u00e9 yendo la mano con la noche y quiera salir ya, que se haya hartado o que vea que no es el sitio, o que pensaba que lo controlaba y se d\u00e9 cuenta por un segundo de que ya no lo controla\u201d, agreg\u00f3.<\/p>\n<p class=\"\">\u201cYo me vi minti\u00e9ndome a m\u00ed mismo. Yo ment\u00eda a la gente\u201d, insisti\u00f3 el tambi\u00e9n actor, que explic\u00f3 c\u00f3mo dec\u00eda que bajaba a la panader\u00eda a comprar pan cuando en realidad iba al bar, una mentira que al principio le dijo a los dem\u00e1s y luego se la dijo a s\u00ed mismo. \u201cDije, esto no puede ser\u201d, relat\u00f3 en el programa. As\u00ed fue como busc\u00f3 ayuda profesional para cambiar de vida, dejar todo lo que le \u201csobraba\u201d y regresar al gimnasio. <\/p>\n<p class=\"\">Por \u00faltimo, ante la petici\u00f3n de Motos, Vaquero lanz\u00f3 un mensaje a la gente que est\u00e1 sufriendo algo similar: \u201cSolo se lo dije una vez a mi mujer: \u2018Oye, quiero dejar de salir de fiesta\u2019. Y funcion\u00f3 porque mi mujer se puso manos a la obra, y mi familia. Cuando alguien piense que est\u00e1 saliendo mucho de fiesta y se vea que sigue saliendo pero quiere dejarlo y que \u00e9l solo no lo puede frenar, que busque gente cerca en la que conf\u00ede y que se lo diga en alto. A partir de ah\u00ed hay que tener fuerza de voluntad, pero tienes que tener muy claro lo que te est\u00e1 quitando\u201d, concluy\u00f3 el humorista.<\/p>\n<p class=\"\">En este sentido, record\u00f3 que no enviaba este mensaje a la gente que le gustase \u201ctomar un vino comiendo\u201d, sino a la gente que, como \u00e9l, que \u201cno sabe parar\u201d. Y quiso enfatizar que el alcohol \u201ces muy peligroso\u201d: \u201cLa gente que tiene tendencia a ser adicto a algo que huya del alcohol, es la \u00fanica droga que tienes que justificar por qu\u00e9 no la tomas\u201d.<\/p>\n","protected":false},"excerpt":{"rendered":"El humorista Jos\u00e9 Juan Vaquero visit\u00f3 este lunes, 13 de octubre, El hormiguero para presentar su \u00faltima pel\u00edcula&hellip;\n","protected":false},"author":2,"featured_media":175725,"comment_status":"","ping_status":"","sticky":false,"template":"","format":"standard","meta":{"footnotes":""},"categories":[91],"tags":[1014,7587,794,5813,146,147,25,24,256,260,23,807],"class_list":{"0":"post-175724","1":"post","2":"type-post","3":"status-publish","4":"format-standard","5":"has-post-thumbnail","7":"category-entretenimiento","8":"tag-actores","9":"tag-alcoholismo","10":"tag-drogas","11":"tag-el-hormiguero","12":"tag-entertainment","13":"tag-entretenimiento","14":"tag-es","15":"tag-espana","16":"tag-famosos","17":"tag-gente","18":"tag-spain","19":"tag-television"},"share_on_mastodon":{"url":"","error":""},"_links":{"self":[{"href":"https:\/\/www.europesays.com\/es\/wp-json\/wp\/v2\/posts\/175724","targetHints":{"allow":["GET"]}}],"collection":[{"href":"https:\/\/www.europesays.com\/es\/wp-json\/wp\/v2\/posts"}],"about":[{"href":"https:\/\/www.europesays.com\/es\/wp-json\/wp\/v2\/types\/post"}],"author":[{"embeddable":true,"href":"https:\/\/www.europesays.com\/es\/wp-json\/wp\/v2\/users\/2"}],"replies":[{"embeddable":true,"href":"https:\/\/www.europesays.com\/es\/wp-json\/wp\/v2\/comments?post=175724"}],"version-history":[{"count":0,"href":"https:\/\/www.europesays.com\/es\/wp-json\/wp\/v2\/posts\/175724\/revisions"}],"wp:featuredmedia":[{"embeddable":true,"href":"https:\/\/www.europesays.com\/es\/wp-json\/wp\/v2\/media\/175725"}],"wp:attachment":[{"href":"https:\/\/www.europesays.com\/es\/wp-json\/wp\/v2\/media?parent=175724"}],"wp:term":[{"taxonomy":"category","embeddable":true,"href":"https:\/\/www.europesays.com\/es\/wp-json\/wp\/v2\/categories?post=175724"},{"taxonomy":"post_tag","embeddable":true,"href":"https:\/\/www.europesays.com\/es\/wp-json\/wp\/v2\/tags?post=175724"}],"curies":[{"name":"wp","href":"https:\/\/api.w.org\/{rel}","templated":true}]}}