{"id":175728,"date":"2025-10-14T08:15:11","date_gmt":"2025-10-14T08:15:11","guid":{"rendered":"https:\/\/www.europesays.com\/es\/175728\/"},"modified":"2025-10-14T08:15:11","modified_gmt":"2025-10-14T08:15:11","slug":"las-existencias-finales-de-aceite-de-oliva-se-quedan-en-290-220-toneladas-70-000-menos-que-la-media-de-las-ultimas-campanas","status":"publish","type":"post","link":"https:\/\/www.europesays.com\/es\/175728\/","title":{"rendered":"Las existencias finales de aceite de oliva se quedan en 290.220 toneladas, 70.000 menos que la media de las \u00faltimas campa\u00f1as"},"content":{"rendered":"<p>En esta campa\u00f1a de comercializaci\u00f3n 2024\/25 del aceite de oliva destacan los siguientes datos:<\/p>\n<p>La producci\u00f3n total de campa\u00f1a sube hasta las 1.419.127,66 toneladas, con los ajustes de final de campa\u00f1a. Las salidas de aceite al mercado, en septiembre se situar\u00edan en el entorno de las 130.829 t. Las salidas acumuladas a la finalizaci\u00f3n de la campa\u00f1a son de 1.526.100 t.<\/p>\n<p>Para el c\u00e1lculo de las salidas durante septiembre se han estimado unas importaciones de 13.000 t, inferior a lo importado en el mismo mes de la campa\u00f1a pasada y equivalente a las importaciones de los meses previos de esta campa\u00f1a y que se confirmar\u00e1n una vez Aduanas publique los datos consolidados.<\/p>\n<p>\u00a0Con estos datos, se estima que las exportaciones en el mes de septiembre van a estar alrededor de las 87.868 t (total al final de campa\u00f1a estimado 1.025.000 t) y unas 42.960 t habr\u00edan sido destinadas al mercado interior (total campa\u00f1a 501.000 t).<\/p>\n<p>Por lo que respecta a las salidas de aceite de almazara durante este mes, se sit\u00faan en 103.844,54 t, con un total acumulado en estos doce meses de campa\u00f1a 1.425.823,88 t.<\/p>\n<p>En cuanto al reparto de las existencias. a 30 de septiembre es el siguiente:<\/p>\n<ul class=\"wp-block-list\">\n<li>Las existencias de final de campa\u00f1a 23\/24 se mantienen en 186.869 t.<\/li>\n<li>Las existencias en almazaras se sit\u00faan en 138.077,86 t (103.844 t menos que en agosto).<\/li>\n<li>Las existencias en envasadoras son de 149.197 t (17.425 t menos que el mes anterior).<\/li>\n<li>Las existencias en el Patrimonio Comunal Olivarero se sit\u00faan en las 2.943,27 t, (401 t menos que en agosto).<\/li>\n<li>Las existencias totales a final de campa\u00f1a son de 290.220 t, (114.470 t menos que en agosto).<\/li>\n<\/ul>\n<p>Aceituna de mesa<\/p>\n<p>Con respecto a la ACEITUNA DE MESA, los datos m\u00e1s relevantes correspondientes al primer mes de la campa\u00f1a 2025\/26 son:<\/p>\n<p>Las existencias iniciales de la campa\u00f1a quedan establecidas en 306.965,51 t. El volumen de aceituna entamada en septiembre comunicada es de 109.190,09 t, de las cuales 96.896 t se han entamado en Andaluc\u00eda y 12.780 t en Extremadura.<\/p>\n<p>Las importaciones en este primer mes de campa\u00f1a han sido de 2.134,49 t. (dato mes: 2.134,49 t.). Las exportaciones acumuladas durante este mes de septiembre se situar\u00edan en 25.961,45 t (dato mes: 25.961,45 t). La ACM destinada al mercado interior se estima haya sido hasta esta fecha de 11.240,95 t. (dato mes 11.240,95 t)<\/p>\n<p>Las existencias acumuladas a 30 de septiembre son de 369.473,53 t (dato mes: +62.508,02 t).<\/p>\n<p><img fetchpriority=\"high\" decoding=\"async\" width=\"781\" height=\"609\" src=\"https:\/\/www.europesays.com\/es\/wp-content\/uploads\/2025\/10\/Captura-de-pantalla-2025-10-14-100049.png\" alt=\"\" class=\"wp-image-90738\"  \/><\/p>\n<p>Estos datos corresponden a las declaraciones mensuales a la AICA con el fin de obtener informes sobre los mercados del aceite de oliva y la aceituna de mesa.<\/p>\n","protected":false},"excerpt":{"rendered":"En esta campa\u00f1a de comercializaci\u00f3n 2024\/25 del aceite de oliva destacan los siguientes datos: La producci\u00f3n total de&hellip;\n","protected":false},"author":2,"featured_media":175729,"comment_status":"","ping_status":"","sticky":false,"template":"","format":"standard","meta":{"footnotes":""},"categories":[80],"tags":[22439,50454,82,658,95,94,25,24,1239,23,24870],"class_list":{"0":"post-175728","1":"post","2":"type-post","3":"status-publish","4":"format-standard","5":"has-post-thumbnail","7":"category-economia","8":"tag-aceite-de-oliva","9":"tag-aceituna-de-mesa","10":"tag-business","11":"tag-campana","12":"tag-economia","13":"tag-economy","14":"tag-es","15":"tag-espana","16":"tag-mercado","17":"tag-spain","18":"tag-toneladas"},"share_on_mastodon":{"url":"","error":""},"_links":{"self":[{"href":"https:\/\/www.europesays.com\/es\/wp-json\/wp\/v2\/posts\/175728","targetHints":{"allow":["GET"]}}],"collection":[{"href":"https:\/\/www.europesays.com\/es\/wp-json\/wp\/v2\/posts"}],"about":[{"href":"https:\/\/www.europesays.com\/es\/wp-json\/wp\/v2\/types\/post"}],"author":[{"embeddable":true,"href":"https:\/\/www.europesays.com\/es\/wp-json\/wp\/v2\/users\/2"}],"replies":[{"embeddable":true,"href":"https:\/\/www.europesays.com\/es\/wp-json\/wp\/v2\/comments?post=175728"}],"version-history":[{"count":0,"href":"https:\/\/www.europesays.com\/es\/wp-json\/wp\/v2\/posts\/175728\/revisions"}],"wp:featuredmedia":[{"embeddable":true,"href":"https:\/\/www.europesays.com\/es\/wp-json\/wp\/v2\/media\/175729"}],"wp:attachment":[{"href":"https:\/\/www.europesays.com\/es\/wp-json\/wp\/v2\/media?parent=175728"}],"wp:term":[{"taxonomy":"category","embeddable":true,"href":"https:\/\/www.europesays.com\/es\/wp-json\/wp\/v2\/categories?post=175728"},{"taxonomy":"post_tag","embeddable":true,"href":"https:\/\/www.europesays.com\/es\/wp-json\/wp\/v2\/tags?post=175728"}],"curies":[{"name":"wp","href":"https:\/\/api.w.org\/{rel}","templated":true}]}}