{"id":175730,"date":"2025-10-14T08:16:09","date_gmt":"2025-10-14T08:16:09","guid":{"rendered":"https:\/\/www.europesays.com\/es\/175730\/"},"modified":"2025-10-14T08:16:09","modified_gmt":"2025-10-14T08:16:09","slug":"el-chef-jose-andres-convencido-de-lo-que-llevara-a-donald-trump-a-ganar-el-proximo-nobel-de-la-paz-puedes-hacerlo","status":"publish","type":"post","link":"https:\/\/www.europesays.com\/es\/175730\/","title":{"rendered":"El chef Jos\u00e9 Andr\u00e9s, convencido de lo que llevar\u00e1 a Donald Trump a ganar el pr\u00f3ximo Nobel de la Paz: \u00abPuedes hacerlo\u00bb"},"content":{"rendered":"<p style=\"\"><a href=\"https:\/\/new22-www.abc.es\/internacional\/maria-corina-machado-premio-nobel-paz-20251010110146-nt.html\" title=\"new22-www.abc.es\" data-voc-vtm-id=\"in-text-traffic\" data-mrf-link=\"new22-www.abc.es\" rel=\"nofollow noopener\" target=\"_blank\">Maria Corina Machado ha ganado el <\/a><strong>Premio Nobel de la Paz 2025<\/strong>, noticia que ha dado la vuelta al mundo y ha causado todo tipo de opiniones. <\/p>\n<p style=\"\">La l\u00edder opositora venezolana y fundadora de Vente Venezuela ha recibido el distinguido galard\u00f3n en reconocimiento a  &#8230; <strong>su trabajo en la promoci\u00f3n de los derechos democr\u00e1ticos<\/strong> del <a href=\"https:\/\/new22-www.abc.es\/internacional\/maria-corina-machado-20250718100152-nt.html\" title=\"new22-www.abc.es\" data-voc-vtm-id=\"in-text-traffic\" data-mrf-link=\"new22-www.abc.es\" rel=\"nofollow noopener\" target=\"_blank\">pueblo venezolano <\/a>y su lucha por una transici\u00f3n pac\u00edfica de la dictadura a la democracia en su pa\u00eds. <\/p>\n<p class=\"voc-p\" style=\"\">Machado, quien ha enfrentado una fuerte represi\u00f3n por parte del r\u00e9gimen de Nicol\u00e1s Maduro durante a\u00f1os, dedic\u00f3 el premio a quienes han resistido con coraje y dignidad la violencia estatal en Venezuela, afirmando que este reconocimiento representa <strong>un respaldo internacional crucial para la causa democr\u00e1tica de su pa\u00eds<\/strong>.<\/p>\n<p class=\"voc-p\" style=\"\">Entre las diferentes reacciones al conocer que Machado se llev\u00f3 el Nobel de la Paz, ha destacado la del <a href=\"https:\/\/new22-www.abc.es\/internacional\/trump-sobre-nobel-paz-machado-dijo-aceptaba-20251011013353-nt.html\" title=\"new22-www.abc.es\" data-voc-vtm-id=\"in-text-traffic\" data-mrf-link=\"new22-www.abc.es\" rel=\"nofollow noopener\" target=\"_blank\">presidente de Estados Unidos<\/a>, <strong>Donald Trump, quien lleva meses postul\u00e1ndose p\u00fablicamente para que le dieran este reconocimiento<\/strong>. Entre varios de los motivos, alega su actuaci\u00f3n en la consecuci\u00f3n de la paz en Gaza y haber sido clave para el fin de otras guerras, incluso llegando a dar a entender que ser\u00eda un insulto no considerarlo. <\/p>\n<p class=\"voc-p\" style=\"\">En este sentido, el presidente afirm\u00f3 que <a href=\"https:\/\/www.abc.es\/espana\/trump-dice-maria-corina-machado-amable-dedicarle-20251011010908-vi.html\" title=\"www.abc.es\" data-voc-vtm-id=\"in-text-traffic\" data-mrf-link=\"www.abc.es\" rel=\"nofollow noopener\" target=\"_blank\">Machado le llam\u00f3 <\/a>para hacerle part\u00edcipe de haber conseguido el Nobel de la Paz, indicando que lo hab\u00eda ganado en su honor, y Trump insisti\u00f3 en sus m\u00e9ritos de haber ayudado a la venezolana en su lucha por la democracia y en otros aspectos: \u00abLa persona que recibi\u00f3 el Premio Nobel hoy me llam\u00f3 y me dijo: <strong>&#8216;Estoy aceptando esto en tu honor porque realmente te lo merec\u00edas&#8217;<\/strong>\ufeff, una cosa muy amable de su parte\u00bb, dijo Trump en una comparecencia de prensa en la Casa Blanca<\/p>\n<p>\nEl chef Jos\u00e9 Andr\u00e9s, claro con Trump sobre c\u00f3mo conseguir ganar el Nobel de la Paz\n<\/p>\n<p class=\"voc-p\" style=\"\">En medio de este escenario de cierta tensi\u00f3n pol\u00edtica, el conocido <strong>chef espa\u00f1ol Jos\u00e9 Andr\u00e9s<\/strong>, reconocido mundialmente por su labor humanitaria a trav\u00e9s de su organizaci\u00f3n World Central Kitchen, ha querido dejar un mensaje a Trump tras no haber ganado el Nobel de la Paz.<\/p>\n<p class=\"voc-p\" style=\"\">En \u00e9l, Jos\u00e9 Andr\u00e9s se muestra de acuerdo con Trump ante el hecho de que haya sido clave para que Maria Corina ganase el galard\u00f3n, a la vez que <strong>parece animar al presidente de EE.UU a continuar con sus labores de paz<\/strong> y poder, por fin, hacerse con su tan ansiado premio. <\/p>\n<blockquote class=\"twitter-tweet\">\n<p lang=\"en\" dir=\"ltr\">.<a href=\"https:\/\/twitter.com\/POTUS?ref_src=twsrc%5Etfw\" rel=\"nofollow noopener\" target=\"_blank\">@POTUS<\/a> <a href=\"https:\/\/twitter.com\/realDonaldTrump?ref_src=twsrc%5Etfw\" rel=\"nofollow noopener\" target=\"_blank\">@realdonaldtrump<\/a> in a way Sir, this is your win too. I applaud your stance in ending Maduro\u2019s hold to power in Venezuela and she is fighting for the same thing within! She is your partner! As you supported her before\u2026Thanks for your efforts in Gaza, and please let\u2019s end\u2026 <a href=\"https:\/\/t.co\/5l0VgPzIrg\" rel=\"nofollow\">https:\/\/t.co\/5l0VgPzIrg<\/a><\/p>\n<p>\u2014 Chef Jos\u00e9 Andr\u00e9s \ud83d\udd4a\ufe0f\ud83e\udd58\ud83c\udf73 (@chefjoseandres) <a href=\"https:\/\/twitter.com\/chefjoseandres\/status\/1976617266310516749?ref_src=twsrc%5Etfw\" rel=\"nofollow noopener\" target=\"_blank\">October 10, 2025<\/a><\/p><\/blockquote>\n<p class=\"voc-p\" style=\"\">De este modo, el chef espa\u00f1ol parece estar convencido de <strong>c\u00f3mo Trump puede ganar este galard\u00f3n<\/strong>. Adem\u00e1s, estar\u00eda posicion\u00e1ndose, en parte, a favor de que Trump se lleve el Nobel de la Paz, agradeciendo su labor por la paz en Gaza, aunque tambi\u00e9n lanz\u00e1ndole un recordatorio sobre su<strong> responsabilidad e influencia para acabar con otras guerras <\/strong>como la de Rusia y Ucrania.<\/p>\n<p><script async src=\"https:\/\/platform.twitter.com\/widgets.js\" charset=\"utf-8\"><\/script><\/p>\n","protected":false},"excerpt":{"rendered":"Maria Corina Machado ha ganado el Premio Nobel de la Paz 2025, noticia que ha dado la vuelta&hellip;\n","protected":false},"author":2,"featured_media":175731,"comment_status":"","ping_status":"","sticky":false,"template":"","format":"standard","meta":{"footnotes":""},"categories":[42],"tags":[2987,17,18,6437,22485,12069,13,14,2000,9916,11,61,62,63,64,2467,19,20,13844,9,35262,10,15,16,11506,3444,1411,12,936,21,22,65,66,67],"class_list":{"0":"post-175730","1":"post","2":"type-post","3":"status-publish","4":"format-standard","5":"has-post-thumbnail","7":"category-internacional","8":"tag-andres","9":"tag-breaking-news","10":"tag-breakingnews","11":"tag-chef","12":"tag-convencido","13":"tag-donald","14":"tag-featured-news","15":"tag-featurednews","16":"tag-ganar","17":"tag-hacerlo","18":"tag-headlines","19":"tag-internacional","20":"tag-international","21":"tag-international-news","22":"tag-internationalnews","23":"tag-jose","24":"tag-latest-news","25":"tag-latestnews","26":"tag-llevara","27":"tag-news","28":"tag-nobel","29":"tag-noticias","30":"tag-noticias-destacadas","31":"tag-noticiasdestacadas","32":"tag-paz","33":"tag-proximo","34":"tag-puedes","35":"tag-titulares","36":"tag-trump","37":"tag-ultimas-noticias","38":"tag-ultimasnoticias","39":"tag-world","40":"tag-world-news","41":"tag-worldnews"},"share_on_mastodon":{"url":"","error":""},"_links":{"self":[{"href":"https:\/\/www.europesays.com\/es\/wp-json\/wp\/v2\/posts\/175730","targetHints":{"allow":["GET"]}}],"collection":[{"href":"https:\/\/www.europesays.com\/es\/wp-json\/wp\/v2\/posts"}],"about":[{"href":"https:\/\/www.europesays.com\/es\/wp-json\/wp\/v2\/types\/post"}],"author":[{"embeddable":true,"href":"https:\/\/www.europesays.com\/es\/wp-json\/wp\/v2\/users\/2"}],"replies":[{"embeddable":true,"href":"https:\/\/www.europesays.com\/es\/wp-json\/wp\/v2\/comments?post=175730"}],"version-history":[{"count":0,"href":"https:\/\/www.europesays.com\/es\/wp-json\/wp\/v2\/posts\/175730\/revisions"}],"wp:featuredmedia":[{"embeddable":true,"href":"https:\/\/www.europesays.com\/es\/wp-json\/wp\/v2\/media\/175731"}],"wp:attachment":[{"href":"https:\/\/www.europesays.com\/es\/wp-json\/wp\/v2\/media?parent=175730"}],"wp:term":[{"taxonomy":"category","embeddable":true,"href":"https:\/\/www.europesays.com\/es\/wp-json\/wp\/v2\/categories?post=175730"},{"taxonomy":"post_tag","embeddable":true,"href":"https:\/\/www.europesays.com\/es\/wp-json\/wp\/v2\/tags?post=175730"}],"curies":[{"name":"wp","href":"https:\/\/api.w.org\/{rel}","templated":true}]}}