{"id":175732,"date":"2025-10-14T08:17:14","date_gmt":"2025-10-14T08:17:14","guid":{"rendered":"https:\/\/www.europesays.com\/es\/175732\/"},"modified":"2025-10-14T08:17:14","modified_gmt":"2025-10-14T08:17:14","slug":"los-cargos-publicos-de-la-flotilla-siguieron-cobrando-durante-el-viaje","status":"publish","type":"post","link":"https:\/\/www.europesays.com\/es\/175732\/","title":{"rendered":"Los cargos p\u00fablicos de la flotilla siguieron cobrando durante el viaje"},"content":{"rendered":"<p style=\"\">Los cuatro cargos p\u00fablicos que participaron en la <a href=\"https:\/\/www.abc.es\/internacional\/activistas-flotilla-global-sumud-llegan-aeropuerto-tunez-20251008212107-vi.html\" target=\"_self\" data-voc-vtm-id=\"in-text-traffic\" title=\"Global Sumud Flotilla\" data-mrf-link=\"www.abc.es\" rel=\"nofollow noopener\">Global Sumud Flotilla<\/a>, representantes de distintos partidos pol\u00edticos en diferentes instituciones \u2013principalmente de Catalu\u00f1a\u2013, se han embolsado un total de<strong> 12.569 euros durante el mes que han pasado en alta mar<\/strong>, a bordo  &#8230; de una de las 44 embarcaciones que formaban la comitiva.<\/p>\n<p class=\"voc-p\" style=\"\">Juan Bardera, Pilar Castillejo, Jordi Coronas y Luc\u00eda Mu\u00f1oz, de Comprom\u00eds, la CUP, ERC o Podemos respectivamente, <strong>se han ausentado m\u00e1s de treinta d\u00edas de su puesto<\/strong> de trabajo sin pedirse una excedencia ni renunciar a su salario mensual. Los cuatro ya hab\u00edan gozado de vacaciones en verano.<\/p>\n<p class=\"voc-p\" style=\"\">Durante el tiempo que han participado en la Global Sumud Flotilla, poco m\u00e1s de un mes, los cuatro pol\u00edticos en activo han cobrado entre 2.700 y 4.128 euros netos. <strong>Se trata de la retribuci\u00f3n \u00edntegra del salario<\/strong> que reciben por el ejercicio de sus funciones, pese a que no las realizaron, ya que no pasar por su despacho en todo septiembre.<\/p>\n<p class=\"voc-p\" style=\"\">La pol\u00edtica que cambi\u00f3 su trabajo por el activismo que m\u00e1s cobr\u00f3 fue la diputada de la CUP en el Parlament de Catalu\u00f1a, Pilar Castillejo, que esta semana pasada volvi\u00f3 a participar en el pleno de la C\u00e1mara catalana, donde fue recibida por su presidente, Josep Rull, al que acompa\u00f1aron varios miembros de la Mesa del parlamento auton\u00f3mico. <strong>Su n\u00f3mina neta, tras un mes surcando los mares, ha sido de 4.128 euros<\/strong>.<\/p>\n<p class=\"voc-p\" style=\"\">Otro pol\u00edtico independentista catal\u00e1n, el concejal de ERC en Barcelona, Jordi <strong>Coronas, ha recibido en su cuenta bancaria un ingreso de 2.897 euros<\/strong>. El edil en la ciudad condal considera \u00abnormal\u00bb cobrar su salario \u00edntegro pese a no haber acudido a su puesto de trabajo. Coronas, en una entrevista en El M\u00f3n a RAC1, descart\u00f3 en todo momento que hubiera pensado en pedir una excedencia durante esos d\u00edas.<\/p>\n<p class=\"voc-p\" style=\"\">Luc\u00eda Mu\u00f1oz Dalda, diputada auton\u00f3mica de Podemos en Baleares, tampoco ha renunciado a su retribuci\u00f3n por un trabajo que no ha realizado. En el caso de la parlamentaria morada, que form\u00f3 parte del \u00faltimo grupo de espa\u00f1oles en ser liberado por parte de Israel, <strong>ha cobrado 2.844 euros<\/strong>.<\/p>\n<p>La diputada de Podemos pag\u00f3 la multa de la acusada de morder a una pol\u00edcia<\/p>\n<p><img decoding=\"async\" loading=\"lazy\" src=\"https:\/\/www.europesays.com\/es\/wp-content\/uploads\/2025\/10\/1501641498-U04226635126ADs-268x166@diario_abc.JPG\" class=\"voc-p__img\" width=\"268\" height=\"166\" alt=\"Luc\u00eda Mu\u00f1oz\"\/><\/p>\n<p>Luc\u00eda Mu\u00f1oz<br \/>\nEFE<\/p>\n<p class=\"voc-p\">Luc\u00eda Mu\u00f1oz, la diputada de Podemos en el parlamento de Baleares, ha empleado el sueldo que cobr\u00f3 durante la traves\u00eda para pagar la multa econ\u00f3mica de 2.650 euros que los tribunales de Israel le impusieron a su compatriota isle\u00f1a Reyes Rigo. La activista permaneci\u00f3 varios d\u00edas detenida tras ser acusada de morder a una polic\u00eda israel\u00ed.<\/p>\n<p class=\"voc-p\">Mu\u00f1oz, seg\u00fan informaron fuentes de la formaci\u00f3n morada, se hizo cargo de la totalidad de la sanci\u00f3n, empleando para ello gran parte de los 2.844 euros que ha cobradosin haber ido a trabajar.<\/p>\n<p class=\"voc-p\">El abono de la multa permiti\u00f3 a Reyes Rigo lograr la libertad y ser repatriada a Espa\u00f1a, varios d\u00edas despu\u00e9s de la llegada del resto de activistas espa\u00f1oles que formaban parte de la flotilla.<\/p>\n<p class=\"voc-p\" style=\"\">El cuarto cargo p\u00fablico espa\u00f1ol que embarc\u00f3 en la Global Sumud Flotilla, sin renunciar a los emolumentos mensuales que recibe como diputado en las Cortes Valencianas, fue el parlamentario de Comprom\u00eds, Juan Bordera. En su caso el sueldo que cobr\u00f3 durante este tiempo fue de <strong>2.700 euros<\/strong>.<\/p>\n<p>\nEl coste de su repatriaci\u00f3n\n<\/p>\n<p class=\"voc-p\" style=\"\">El Ministerio de Asuntos Exteriores, Uni\u00f3n Europea y Cooperaci\u00f3n, que dirige Jos\u00e9 Manuel Albares, se hizo cargo de costear la compra de los billetes de avi\u00f3n de todos los espa\u00f1oles que participaron en la flotilla \u00abpara agilizar su salida\u00bb. Un d\u00eda despu\u00e9s de la <a href=\"https:\/\/www.abc.es\/internacional\/activistas-flotilla-aterrizan-barcelona-tras-liberados-israel-20251007092109-vi.html\" target=\"_self\" data-voc-vtm-id=\"in-text-traffic\" title=\"salida del primer grupo\" data-mrf-link=\"www.abc.es\" rel=\"nofollow noopener\">salida del primer grupo<\/a>, el Ministerio de Defensa, en coordinaci\u00f3n con Exteriores, mand\u00f3 un<strong> avi\u00f3n del Ej\u00e9rcito del Aire y del Espacio para evacuar<\/strong> a trav\u00e9s del aeropuerto de Atenas al resto de los integrantes.<\/p>\n<p class=\"voc-p\" style=\"\">Espa\u00f1a ha sido uno de los pocos pa\u00edses, de todos los que ten\u00edan a nacionales a bordo de los barcos, que <strong>no pedir\u00e1 a los repatriados que reintegren el coste de los viajes de vuelta<\/strong>, algo que ocurre habitualmente cuando los servicios de emergencia se tienen que movilizar para rescates por imprudencia, algo asemejable a lo que ha ocurrido con la flotilla. Aunque desde Exteriores, seg\u00fan explican fuentes del departamento a este peri\u00f3dico, deefienden que los miembros de la flotilla estaban en una situaci\u00f3n vulnerable evidente. En casos como esete, indican, siempre se act\u00faa de la misma forma cuando hay una situaci\u00f3n de riesgo.<\/p>\n<p class=\"voc-p\" style=\"\">El coste total que ha tenido que asumir el Estado para la repatrici\u00f3n de todos los miembros espa\u00f1oles de la flotilla, seg\u00fan los c\u00e1lculos realizados por ABC con la ayuda de fuentes de las Fuerzas Armadas, <strong>superar\u00eda los 160.000 euros<\/strong> \u2013sin tener en cuenta el env\u00edo de la fragata Furor, que sali\u00f3 de Cartagena para escoltar a los buques durante la parte final de la traves\u00eda.<\/p>\n<p class=\"voc-p\" style=\"\">De estos 160.000 euros aproximados que cost\u00f3 el despliegue organizado por el departamento de Albares, <strong>la mayor parte fue destinado al avi\u00f3n militar<\/strong> A400M del Ej\u00e9rcito del Aire, que trajo a 27 personas desde Atenas a Madrid. El consumo de esta aeronave es de m\u00ednimo unos 3.500 litros de combustible por hora, por lo que teniendo en cuenta que ir y volver de Madrid a Atenas supone unas siete horas, el avi\u00f3n requiri\u00f3 m\u00e1s de 24.000 litros de combustible. <\/p>\n<p class=\"voc-p\" style=\"\">Al precio que va el queroseno y teniendo en cuenta otros gastos operativos, se estima que <strong>el precio total de este vuelo militar pudo alcanzar los 150.000 euros<\/strong>. A eso hay que sumarle los alrededor de 8.000 euros que costaron los billetes de avi\u00f3n que Exteriores <a href=\"https:\/\/www.abc.es\/espana\/aterrizan-espana-primeros-espanoles-repatriados-flotilla-gaza-20251005223610-nt.html\" target=\"_self\" data-voc-vtm-id=\"in-text-traffic\" title=\"pag\u00f3 para el primer grupo de liberados\" data-mrf-link=\"www.abc.es\" rel=\"nofollow noopener\">pag\u00f3 para el primer grupo de liberados<\/a>, entre ellos la exalcaldesa de Barcelona, Ada Colau, el concejal de ERC en la ciudad condal, Jordi Coronas y la diputada de la CUP en el Parlament, Pilar Castillejo.<\/p>\n<p class=\"voc-p\" style=\"\"><strong>Portugal, Sud\u00e1frica y Suiza han mandado la factura de la repatriaci\u00f3n<\/strong> a sus nacionales, oblig\u00e1ndoles as\u00ed a<a href=\"https:\/\/www.abc.es\/internacional\/portugal-obliga-repatriados-flotilla-pagarse-vuelo-israel-20251008124733-nt.html\" target=\"_self\" data-voc-vtm-id=\"in-text-traffic\" title=\" hacerse cargo de su vuelo de retorno\" data-mrf-link=\"www.abc.es\" rel=\"nofollow noopener\"> hacerse cargo de su vuelo de retorno<\/a>. Una decisi\u00f3n muy distinta a la de Espa\u00f1a, que ha optado por hacerse cargo de todo para evitar m\u00e1s cr\u00edticas a su izquierda. En el caso de Italia y Grecia fue Israel el que pag\u00f3 la deportaci\u00f3n. Portugal alega que esto es es \u00abhabitual\u00bb cuando no concurren \u00abcausas humanitarias o de emergencia\u00bb<\/p>\n","protected":false},"excerpt":{"rendered":"Los cuatro cargos p\u00fablicos que participaron en la Global Sumud Flotilla, representantes de distintos partidos pol\u00edticos en diferentes&hellip;\n","protected":false},"author":2,"featured_media":175733,"comment_status":"","ping_status":"","sticky":false,"template":"","format":"standard","meta":{"footnotes":""},"categories":[8],"tags":[50455,17,18,14887,6634,25,24,1557,13,14,9144,11,19,20,9,10,15,16,5539,23,12,21,22],"class_list":{"0":"post-175732","1":"post","2":"type-post","3":"status-publish","4":"format-standard","5":"has-post-thumbnail","7":"category-espana","8":"tag-50455","9":"tag-breaking-news","10":"tag-breakingnews","11":"tag-cargos","12":"tag-cobrado","13":"tag-es","14":"tag-espana","15":"tag-euros","16":"tag-featured-news","17":"tag-featurednews","18":"tag-flotilla","19":"tag-headlines","20":"tag-latest-news","21":"tag-latestnews","22":"tag-news","23":"tag-noticias","24":"tag-noticias-destacadas","25":"tag-noticiasdestacadas","26":"tag-publicos","27":"tag-spain","28":"tag-titulares","29":"tag-ultimas-noticias","30":"tag-ultimasnoticias"},"share_on_mastodon":{"url":"","error":""},"_links":{"self":[{"href":"https:\/\/www.europesays.com\/es\/wp-json\/wp\/v2\/posts\/175732","targetHints":{"allow":["GET"]}}],"collection":[{"href":"https:\/\/www.europesays.com\/es\/wp-json\/wp\/v2\/posts"}],"about":[{"href":"https:\/\/www.europesays.com\/es\/wp-json\/wp\/v2\/types\/post"}],"author":[{"embeddable":true,"href":"https:\/\/www.europesays.com\/es\/wp-json\/wp\/v2\/users\/2"}],"replies":[{"embeddable":true,"href":"https:\/\/www.europesays.com\/es\/wp-json\/wp\/v2\/comments?post=175732"}],"version-history":[{"count":0,"href":"https:\/\/www.europesays.com\/es\/wp-json\/wp\/v2\/posts\/175732\/revisions"}],"wp:featuredmedia":[{"embeddable":true,"href":"https:\/\/www.europesays.com\/es\/wp-json\/wp\/v2\/media\/175733"}],"wp:attachment":[{"href":"https:\/\/www.europesays.com\/es\/wp-json\/wp\/v2\/media?parent=175732"}],"wp:term":[{"taxonomy":"category","embeddable":true,"href":"https:\/\/www.europesays.com\/es\/wp-json\/wp\/v2\/categories?post=175732"},{"taxonomy":"post_tag","embeddable":true,"href":"https:\/\/www.europesays.com\/es\/wp-json\/wp\/v2\/tags?post=175732"}],"curies":[{"name":"wp","href":"https:\/\/api.w.org\/{rel}","templated":true}]}}