{"id":175734,"date":"2025-10-14T08:18:10","date_gmt":"2025-10-14T08:18:10","guid":{"rendered":"https:\/\/www.europesays.com\/es\/175734\/"},"modified":"2025-10-14T08:18:10","modified_gmt":"2025-10-14T08:18:10","slug":"acuerdos-de-la-junta-de-gobierno-celebrada-el-dia-14-de-octubre-de-2025","status":"publish","type":"post","link":"https:\/\/www.europesays.com\/es\/175734\/","title":{"rendered":"Acuerdos de la Junta de Gobierno celebrada el d\u00eda 14 de octubre de 2025"},"content":{"rendered":"<p>Descripci\u00f3n<\/p>\n<p class=\"cmParagraph cmAlignjustify\">La Junta de Gobierno del Ayuntamiento de Valladolid, presidida por el alcalde, Jes\u00fas Julio Carnero, ha aprobado los asuntos que a continuaci\u00f3n figuran en el orden del d\u00eda:<\/p>\n<p class=\"cmParagraph cmAlignjustify\"><strong>ACTA DE LA SESI\u00d3N ANTERIOR<\/strong><\/p>\n<p class=\"cmParagraph cmAlignjustify\">Aprobar, si procede, el borrador del acta de la sesi\u00f3n ordinaria de 6 de octubre de 2025.<\/p>\n<p class=\"cmParagraph cmAlignjustify\"><strong>DESPACHO ORDINARIO.<\/strong><\/p>\n<p class=\"cmParagraph cmAlignjustify\"><strong>ASUNTOS DEL \u00c1REA DE HACIENDA, PERSONAL YMODERNIZACI\u00d3N ADMINISTRATIVA<\/strong><\/p>\n<p class=\"cmParagraph cmAlignjustify\">1.-Aprobar nombramiento del puesto de Jefe de la Secretar\u00eda Ejecutiva del \u00c1rea de Hacienda, Personal y Modernizaci\u00f3n Administrativa.<\/p>\n<p class=\"cmParagraph cmAlignjustify\"><strong>ASUNTOS DEL \u00c1REA DE URBANISMO Y VIVIENDA<\/strong><\/p>\n<p class=\"cmParagraph cmAlignjustify\">2.-LO_2024\/43_Declarar la caducidad de la licencia de obras (proyecto de derribo) para derribo de dos edificaciones, desescombro y limpieza de parcela, consolidaci\u00f3n de medianeras colindantes y vallado, en calle Estrella n\u00ba 27 y 29.<\/p>\n<p class=\"cmParagraph cmAlignjustify\">3.-LO_2025\/208_Licencia de obras (proyecto b\u00e1sico y de ejecuci\u00f3n) para instalaci\u00f3n de ascensor en vivienda unifamiliar existente en calle Antonio Machado n\u00ba 191.<\/p>\n<p class=\"cmParagraph cmAlignjustify\">4.-LO_2025\/319_Licencia urban\u00edstica (proyecto t\u00e9cnico) de modificaci\u00f3n de complejo inmobiliario pasando 4 buhardillas a una vivienda, sin obras, en plaza Ca\u00f1o Argales n\u00ba 6, 4\u00ba.<\/p>\n<p class=\"cmParagraph cmAlignjustify\">5.-LO_2025\/233_Licencia de obras (proyecto b\u00e1sico y de ejecuci\u00f3n) para la restauraci\u00f3n y revitalizaci\u00f3n del Conjunto Catedralicio de Valladolid, con cesi\u00f3n de espacio libre de uso p\u00fablico (de titularidad privada), en calle Arribas n\u00ba 1.<\/p>\n<p class=\"cmParagraph cmAlignjustify\">6.-Declarar desierta licitaci\u00f3n para enajenaci\u00f3n de la parcela municipal residencial P5-1, Sector 42 El Peral.<\/p>\n<p class=\"cmParagraph cmAlignjustify\">7.-LO_2025\/142_Licencia urban\u00edstica (proyecto t\u00e9cnico) de modificaci\u00f3n de complejo inmobiliario por divisi\u00f3n de un local en dos viviendas tur\u00edsticas en calle Victoria n\u00ba 11.<\/p>\n<p class=\"cmParagraph cmAlignjustify\">8.-LO_2025\/31_Licencia urban\u00edstica legalizaci\u00f3n de obras por divisi\u00f3n f\u00edsica de local sito en avenida de Palencia n\u00ba 35.<\/p>\n<p class=\"cmParagraph cmAlignjustify\">9.-LA_2012\/15 MNS2_Ampliaci\u00f3n por implantaci\u00f3n de carpa y anexo en industria auxiliar del autom\u00f3vil en Avda. Burgos n\u00ba 53.<\/p>\n<p class=\"cmParagraph cmAlignjustify\">10.-LO_2023\/218_Denegar licencia de obras para la construcci\u00f3n de red de fibra \u00f3ptica en Avenida Soria (Pol\u00edgono 10 Parcela 160 y 9002).<\/p>\n<p class=\"cmParagraph cmAlignjustify\">11.-LO_2023\/219_Denegar licencia de obras para la construcci\u00f3n de red de fibra \u00f3ptica en Pol\u00edgono 10 Parcela 11.<\/p>\n<p class=\"cmParagraph cmAlignjustify\">12.-LO_2024\/311_Denegar licencia de obras (proyecto b\u00e1sico y de ejecuci\u00f3n) de nave industrial en calle Santiago L\u00f3pez Gonz\u00e1lez n\u00ba 16.<\/p>\n<p class=\"cmParagraph cmAlignjustify\">13.-Aprobar inicialmente estudio de detalle en Suelo Urbano Consolidado para completar la ordenaci\u00f3n detallada del \u00e1mbito de la UN.48-01 \u00abAvenida de Madrid\u00bb.<\/p>\n<p class=\"cmParagraph cmAlignjustify\"><strong>ASUNTOS DEL \u00c1REA DE MEDIO AMBIENTE<\/strong><\/p>\n<p class=\"cmParagraph cmAlignjustify\">14.-Adjudicar el contrato del servicio de calibraciones de son\u00f3metros para el Servicio de Medio Ambiente del Ayuntamiento de Valladolid.<\/p>\n<p class=\"cmParagraph cmAlignjustify\"><strong>ASUNTOS DEL \u00c1REA DE SALUD P\u00daBLICA Y SEGURIDAD CIUDADANA<\/strong><\/p>\n<p class=\"cmParagraph cmAlignjustify\">15.-Resolver Lote 1: mantenimiento integral de las plataformas de contenedores soterrados, del contrato de servicios para el mantenimiento integral de las plataformas de contenedores soterrados y su control externo de calidad, perteneciente al Servicio de Limpieza del Ayuntamiento de Valladolid.<\/p>\n<p class=\"cmParagraph cmAlignjustify\">16.-Adjudicar Lote 3: tres veh\u00edculos con cabina sencilla, caja abierta y plataforma elevadora trasera, del contrato para la adquisici\u00f3n de diez veh\u00edculos tipo furgoneta destinados al Servicio de Limpieza del Ayuntamiento de Valladolid.<\/p>\n<p class=\"cmParagraph cmAlignjustify\">17.-Adjudicar el contrato de obras de adaptaci\u00f3n de campa de estacionamiento del dep\u00f3sito municipal de veh\u00edculos El Peral.<\/p>\n<p class=\"cmParagraph cmAlignjustify\">18.-Adjudicar Lote 2: dos camiones con caja basculante y plataforma elevadora trasera, del contrato para la adquisici\u00f3n de diez veh\u00edculos tipo furgoneta destinados al Servicio de Limpieza del Ayuntamiento de Valladolid.<\/p>\n<p class=\"cmParagraph cmAlignjustify\">19.-Aprobarconvalidaci\u00f3n del gasto correspondiente al Servicio de Limpieza Municipal del Ayuntamiento de Valladolid.<\/p>\n<p class=\"cmParagraph cmAlignjustify\"><strong>ASUNTOS DEL \u00c1REA DE PERSONAS MAYORES, FAMILIA Y SERVICIOS SOCIALES<\/strong><\/p>\n<p class=\"cmParagraph cmAlignjustify\">20.-Aprobar la adenda al convenio de colaboraci\u00f3n entre el Ayuntamiento de Valladolid y la Fundaci\u00f3n Eusebio Sacrist\u00e1n.<\/p>\n<p class=\"cmParagraph cmAlignjustify\"><strong>DESPACHO EXTRAORDINARIO <\/strong><\/p>\n<p class=\"cmParagraph cmAlignjustify\"><strong>ASUNTOS DEL \u00c1REA DE SALUD P\u00daBLICA Y SEGURIDAD CIUDADANA <\/strong><\/p>\n<p class=\"cmParagraph cmAlignjustify\">21.- Adjudicar Lote 4: cuatro veh\u00edculos con cabina doble y caja abierta equipados con un extendedor de sal desmontable, del contrato de suministros para la adquisici\u00f3n de diez veh\u00edculos tipo furgoneta, destinados al servicio municipal de limpieza del Ayuntamiento de Valladolid.<\/p>\n<p class=\"cmParagraph cmAlignjustify\"><strong>ASUNTOS DEL \u00c1REA DE TURISMO, EVENTOS Y MARCA CIUDAD <\/strong><\/p>\n<p class=\"cmParagraph cmAlignjustify\">22.- Aprobar expediente para contrataci\u00f3n del suministro e instalaci\u00f3n de los elementos que componen la Museograf\u00eda del Monasterio de las Madres Dominicas de Santa Catalina de Siena como \u00abCentro de Cultura del Vino\u00bb, financiado por la Uni\u00f3n Europea. Next Generation Eu.<\/p>\n<p class=\"cmParagraph cmAlignjustify\"><strong>ASUNTOS DE DEL \u00c1REA DE HACIENDA, PERSONAL Y MODERNIZACI\u00d3N ADMINISTRATIVA <\/strong><\/p>\n<p class=\"cmParagraph cmAlignjustify\">23.- Adjudicar el contrato de suministro de amueblamiento de Planta Baja (Fase I) de la Casa Consistorial del Ayuntamiento de Valladolid, as\u00ed como suministro puntual de mobiliario para todas las dependencias municipales.<\/p>\n<p class=\"cmParagraph cmAlignjustify\"><strong>ASUNTOS DE SECRETAR\u00cdA GENERAL <\/strong><\/p>\n<p class=\"cmParagraph cmAlignjustify\">24.- Autorizar allanamiento parcial a las pretensiones del demandante Comunidad de Propietarios Las Francesas en el Procedimiento Ordinario n\u00ba 1144 de 2025 seguido en el Juzgado de Primera Instancia N\u00ba 12 de Valladolid ante el Ayuntamiento de Valladolid<\/p>\n","protected":false},"excerpt":{"rendered":"Descripci\u00f3n La Junta de Gobierno del Ayuntamiento de Valladolid, presidida por el alcalde, Jes\u00fas Julio Carnero, ha aprobado&hellip;\n","protected":false},"author":2,"featured_media":175735,"comment_status":"","ping_status":"","sticky":false,"template":"","format":"standard","meta":{"footnotes":""},"categories":[5],"tags":[4115,4109,249,1250,17,18,4107,4114,777,4110,25,24,13,14,260,11,19,20,4108,9,4112,10,15,16,4111,4116,4113,23,12,21,22,1607],"class_list":{"0":"post-175734","1":"post","2":"type-post","3":"status-publish","4":"format-standard","5":"has-post-thumbnail","7":"category-titulares","8":"tag-agendas","9":"tag-alcaldia","10":"tag-ayudas","11":"tag-ayuntamiento","12":"tag-breaking-news","13":"tag-breakingnews","14":"tag-castilla","15":"tag-centros","16":"tag-ciudad","17":"tag-corporacion","18":"tag-es","19":"tag-espana","20":"tag-featured-news","21":"tag-featurednews","22":"tag-gente","23":"tag-headlines","24":"tag-latest-news","25":"tag-latestnews","26":"tag-leon","27":"tag-news","28":"tag-normativas","29":"tag-noticias","30":"tag-noticias-destacadas","31":"tag-noticiasdestacadas","32":"tag-presupuestos","33":"tag-publicaciones","34":"tag-servicios","35":"tag-spain","36":"tag-titulares","37":"tag-ultimas-noticias","38":"tag-ultimasnoticias","39":"tag-valladolid"},"share_on_mastodon":{"url":"","error":""},"_links":{"self":[{"href":"https:\/\/www.europesays.com\/es\/wp-json\/wp\/v2\/posts\/175734","targetHints":{"allow":["GET"]}}],"collection":[{"href":"https:\/\/www.europesays.com\/es\/wp-json\/wp\/v2\/posts"}],"about":[{"href":"https:\/\/www.europesays.com\/es\/wp-json\/wp\/v2\/types\/post"}],"author":[{"embeddable":true,"href":"https:\/\/www.europesays.com\/es\/wp-json\/wp\/v2\/users\/2"}],"replies":[{"embeddable":true,"href":"https:\/\/www.europesays.com\/es\/wp-json\/wp\/v2\/comments?post=175734"}],"version-history":[{"count":0,"href":"https:\/\/www.europesays.com\/es\/wp-json\/wp\/v2\/posts\/175734\/revisions"}],"wp:featuredmedia":[{"embeddable":true,"href":"https:\/\/www.europesays.com\/es\/wp-json\/wp\/v2\/media\/175735"}],"wp:attachment":[{"href":"https:\/\/www.europesays.com\/es\/wp-json\/wp\/v2\/media?parent=175734"}],"wp:term":[{"taxonomy":"category","embeddable":true,"href":"https:\/\/www.europesays.com\/es\/wp-json\/wp\/v2\/categories?post=175734"},{"taxonomy":"post_tag","embeddable":true,"href":"https:\/\/www.europesays.com\/es\/wp-json\/wp\/v2\/tags?post=175734"}],"curies":[{"name":"wp","href":"https:\/\/api.w.org\/{rel}","templated":true}]}}