{"id":175738,"date":"2025-10-14T08:20:15","date_gmt":"2025-10-14T08:20:15","guid":{"rendered":"https:\/\/www.europesays.com\/es\/175738\/"},"modified":"2025-10-14T08:20:15","modified_gmt":"2025-10-14T08:20:15","slug":"el-balance-de-otra-calamitosa-feria-del-pilar-de-zaragoza","status":"publish","type":"post","link":"https:\/\/www.europesays.com\/es\/175738\/","title":{"rendered":"el balance de otra calamitosa Feria del Pilar de Zaragoza"},"content":{"rendered":"<p>            Adi\u00f3s, Z\u00fa\u00f1iga; hola, Diputaci\u00f3n: el balance de otra calamitosa Feria del Pilar de Zaragoza                <\/p>\n<p>Adi\u00f3s, Z\u00fa\u00f1iga; hola, Diputaci\u00f3n: el balance de otra calamitosa Feria del Pilar de Zaragoza<\/p>\n<p>                    <img decoding=\"async\" loading=\"lazy\" src=\"https:\/\/www.europesays.com\/es\/wp-content\/uploads\/2025\/08\/javier-clavero.jpeg\" width=\"144\" height=\"144\"\/><\/p>\n<p>Redactor de HERALDO DE ARAG\u00d3N en la secci\u00f3n de Deportes.<\/p>\n<p class=\"epigraph\">Las cuatro puertas grandes no deben ocultar el caos de la plaza. El actual empresario acaba contrato y el nuevo pliego de condiciones debe mirar por el aficionado.<\/p>\n<p>Exclusivo suscriptoresOPINI\u00d3N<\/p>\n<p class=\"paragraph\">L<b>a verdad del toreo se explica a trav\u00e9s de Morante. <\/b>La mentira, tambi\u00e9n. <a href=\"https:\/\/www.heraldo.es\/noticias\/aragon\/zaragoza\/fiestas-del-pilar\/2025\/10\/12\/corrida-feria-pilar-antitauromaquia-goya-zaragoza-1861460.html\" title=\"Corrida del d\u00eda del Pilar: la &#039;antitauromaquia&#039; de Goya en Zaragoza\" rel=\"nofollow noopener\" target=\"_blank\">Enti\u00e9ndase por lo acontecido en esta feria<\/a>. Un ciclo fiado a un nombre que no vino. Que ten\u00eda la mente puesta en Madrid, donde se acab\u00f3 cortando \u2013o quitando\u2013 la coleta mientras Zaragoza se segu\u00eda preguntando los motivos de no haberlo visto por \u00faltima vez.<\/p>\n<p>            Conforme a los criterios de<br \/>\n            <a class=\"trustproject_img\" id=\"trustproject_img\" href=\"https:\/\/thetrustproject.org\/\" target=\"_blank\" rel=\"nofollow noopener\" aria-label=\"Trust Project\"><img decoding=\"async\" loading=\"lazy\" src=\"https:\/\/www.heraldo.es\/images\/Trust-Logo-Horizontal.svg\" alt=\"Logo Trust Project\" width=\"200\" height=\"34\"\/><\/a><\/p>\n<p>                <img decoding=\"async\" loading=\"lazy\" src=\"https:\/\/www.europesays.com\/es\/wp-content\/uploads\/2025\/08\/javier-clavero.jpeg\" class=\"author-image\" width=\"120\" height=\"120\" alt=\"Javier Clavero\"\/><\/p>\n<p>        <a href=\"https:\/\/www.henneo.com\/\" title=\"Grupo Henneo\" class=\"logo\" rel=\"nofollow noopener\" target=\"_blank\"><br \/>\n            <img decoding=\"async\" src=\"https:\/\/www.heraldo.es\/images\/logo_henneo_gris.svg\" alt=\"Logo Henneo\" width=\"559\" height=\"389\" loading=\"lazy\"\/><br \/>\n        <\/a><\/p>\n<p>\u00a9 HERALDO DE ARAGON EDITORA, S.L.U.<br \/>Tel\u00e9fono 976 765 000 \/ &#8211; P\u00ba. Independencia, 29, 50001 Zaragoza &#8211; CIF: B99288763 &#8211; Inscrita en el Registro Mercantil de Zaragoza al Tomo 3796, Libro 0, Folio 177, Secci\u00f3n 8, Hoja Z-50564<br \/>Queda prohibida toda reproducci\u00f3n sin permiso escrito de la empresa a los efectos del art\u00edculo 32.1, p\u00e1rrafo segundo, de la Ley de Propiedad Intelectual<\/p>\n<p>\n                P\u00ba Independencia, 29, 50001 Zaragoza<br \/> Tel\u00e9fono 976 765 000\n            <\/p>\n<p>                    Actualmente tu navegador no permite ejecutar JavaScript. Para poder disfrutar de nuestro contenido es necesario que lo permita.<br \/>\n                                        <img decoding=\"async\" loading=\"lazy\" alt=\"Heraldo logo\" src=\"https:\/\/dkumiip2e9ary.cloudfront.net\/xalok\/heraldo\/especiales\/hola-de-nuevo\/logo-heraldo.svg\" width=\"215\" height=\"43\"\/><\/p>\n","protected":false},"excerpt":{"rendered":"Adi\u00f3s, Z\u00fa\u00f1iga; hola, Diputaci\u00f3n: el balance de otra calamitosa Feria del Pilar de Zaragoza Adi\u00f3s, Z\u00fa\u00f1iga; hola, Diputaci\u00f3n:&hellip;\n","protected":false},"author":2,"featured_media":175739,"comment_status":"","ping_status":"","sticky":false,"template":"","format":"standard","meta":{"footnotes":""},"categories":[277],"tags":[3900,6831,373,168,7821,25,24,23,167,374,24959],"class_list":{"0":"post-175738","1":"post","2":"type-post","3":"status-publish","4":"format-standard","5":"has-post-thumbnail","7":"category-toreo","8":"tag-hola","9":"tag-adios","10":"tag-bullfighting","11":"tag-deportes","12":"tag-diputacion","13":"tag-es","14":"tag-espana","15":"tag-spain","16":"tag-sports","17":"tag-toreo","18":"tag-zuniga"},"share_on_mastodon":{"url":"","error":""},"_links":{"self":[{"href":"https:\/\/www.europesays.com\/es\/wp-json\/wp\/v2\/posts\/175738","targetHints":{"allow":["GET"]}}],"collection":[{"href":"https:\/\/www.europesays.com\/es\/wp-json\/wp\/v2\/posts"}],"about":[{"href":"https:\/\/www.europesays.com\/es\/wp-json\/wp\/v2\/types\/post"}],"author":[{"embeddable":true,"href":"https:\/\/www.europesays.com\/es\/wp-json\/wp\/v2\/users\/2"}],"replies":[{"embeddable":true,"href":"https:\/\/www.europesays.com\/es\/wp-json\/wp\/v2\/comments?post=175738"}],"version-history":[{"count":0,"href":"https:\/\/www.europesays.com\/es\/wp-json\/wp\/v2\/posts\/175738\/revisions"}],"wp:featuredmedia":[{"embeddable":true,"href":"https:\/\/www.europesays.com\/es\/wp-json\/wp\/v2\/media\/175739"}],"wp:attachment":[{"href":"https:\/\/www.europesays.com\/es\/wp-json\/wp\/v2\/media?parent=175738"}],"wp:term":[{"taxonomy":"category","embeddable":true,"href":"https:\/\/www.europesays.com\/es\/wp-json\/wp\/v2\/categories?post=175738"},{"taxonomy":"post_tag","embeddable":true,"href":"https:\/\/www.europesays.com\/es\/wp-json\/wp\/v2\/tags?post=175738"}],"curies":[{"name":"wp","href":"https:\/\/api.w.org\/{rel}","templated":true}]}}