{"id":175744,"date":"2025-10-14T08:25:23","date_gmt":"2025-10-14T08:25:23","guid":{"rendered":"https:\/\/www.europesays.com\/es\/175744\/"},"modified":"2025-10-14T08:25:23","modified_gmt":"2025-10-14T08:25:23","slug":"williams-encuentra-sustituto-a-carlos-sainz-para-los-libres-del-gp-de-mexico","status":"publish","type":"post","link":"https:\/\/www.europesays.com\/es\/175744\/","title":{"rendered":"Williams encuentra sustituto a Carlos Sainz para los libres del GP de M\u00e9xico"},"content":{"rendered":"<p data-journey-content=\"true\" data-node-id=\"2\" class=\"css-6wxqfj emevuu60\">Williams ha anunciado el piloto y la cita en la que cumplir\u00e1 su compromiso con la FIA de dar entrenamientos libres a pilotos considerados novatos en la categor\u00eda, es decir, con menos de dos Grandes Premios de F\u00f3rmula 1 disputados. <\/p>\n<p>Entrenamientos libres para inexpertos<\/p>\n<p data-journey-content=\"true\" data-node-id=\"6\" class=\"css-6wxqfj emevuu60\">Para la ocasi\u00f3n, Williams opta por un piloto brit\u00e1nico y asociado a su equipo como es Luke Browning, perteneciente a la academia de los de Grove y que ya sabe lo que es subirse a un F\u00f3rmula 1. <\/p>\n<p data-journey-content=\"true\" data-node-id=\"8\" class=\"css-6wxqfj emevuu60\">Lo que sorprende del anuncio es quiz\u00e1s que la cita escogida sea la del Gran Premio de M\u00e9xico, un lugar que sin llegar a la categor\u00eda de urbano, no es uno de los que suela elegirse para foguear a los j\u00f3venes pilotos, ya que su altitud le confecciona especiales caracter\u00edsticas como la de pilotar como si se fuese con muy baja carga aerodin\u00e1mica para la que la veteran\u00eda es un grado. <\/p>\n<p data-journey-content=\"true\" data-node-id=\"12\" class=\"css-6wxqfj emevuu60\">Esto se puede explicar quiz\u00e1s como un intento de que Browning, candidato al t\u00edtulo de F\u00f3rmula 2, no pierda el foco en su batalla compaginando la acci\u00f3n en citas con carrera de F2, como s\u00ed que hacen algunos de los pilotos seleccionados para estos libres de F\u00f3rmula 1, si bien es cierto que Williams ha preferido no dar m\u00e1s detalles al respecto. <\/p>\n<p><img draggable=\"true\" alt=\"formula 2 championship round 12 baku sprint race\" title=\"Formula 2 Championship - Round 12 Baku - Sprint Race\" loading=\"lazy\" width=\"4926\" height=\"3283\" decoding=\"async\" data-nimg=\"1\" style=\"color:transparent;width:100%;height:auto;\"   src=\"https:\/\/www.europesays.com\/es\/wp-content\/uploads\/2025\/10\/race-winner-dino-beganovic-of-sweden-and-hitech-tgr-second-news-photo-1760382425.pjpeg\" class=\"css-0 e1g79fud0\"\/><a target=\"_blank\" rel=\"noopener nofollow\" data-theme-key=\"base-link\" href=\"https:\/\/pinterest.com\/pin\/create\/button\/?url=https:\/\/www.caranddriver.com\/es\/formula-1\/a69020739\/williams-encuentra-sustituto-carlos-sainz-libres-gp-mexico\/&amp;description=&amp;media=https:\/\/hips.hearstapps.com\/hmg-prod\/images\/race-winner-dino-beganovic-of-sweden-and-hitech-tgr-second-news-photo-1760382425.pjpeg?resize=1600:*\" class=\"pinterest css-on9hn5 e1c1bym14\"><img decoding=\"async\" data-dynamic-svg=\"true\" src=\"https:\/\/www.caranddriver.com\/_assets\/design-tokens\/fre\/static\/icons\/social\/pinterest.e8cf655.svg?primary=%2523ffffff\" loading=\"lazy\" data-testid=\"dynamic-svg-base\" height=\"auto\" width=\"auto\" alt=\"pinterest\" class=\"css-4lml0h e1mlxuuw1\"\/><\/a><\/p>\n<p>James Sutton &#8211; Formula 1\/\/Getty Images<\/p>\n<p data-journey-content=\"true\" data-node-id=\"15\" class=\"css-6wxqfj emevuu60\">S\u00ed ha especificado que lo har\u00e1 sobre el monoplaza de Carlos Sainz. Hay que recordar que con la normativa de 2025, cada equipo tiene que dar cuatro sesiones de entrenamientos libres a estos pilotos con menos de dos Grandes Premios disputados, dos sobre cada coche del equipo, siendo esta la tercera incursi\u00f3n. <\/p>\n<p>GP de M\u00e9xico, lugar poco habitual<\/p>\n<p data-journey-content=\"true\" data-node-id=\"18\" class=\"css-6wxqfj emevuu60\">\u00abEstoy enormemente agradecido por tener otra oportunidad de conducir en una sesi\u00f3n de pr\u00e1ctica libre con Williams y experimentar el FW47 por segunda vez\u201d, afirm\u00f3 un Browning que recordaba que ya estuvo presente en los entrenamientos libres de Bahr\u00e9in, y que se ha vuelto un habitual de los test con coches de temporadas anteriores. <\/p>\n<p><img src=\"https:\/\/www.europesays.com\/es\/wp-content\/uploads\/2025\/10\/1760430323_919_8d34be8d-e2ac-402f-bb28-b7bf4889b6bb_1655374969.file\" alt=\"Headshot of Sergio Mart\u00ednez\" title=\"Headshot of Sergio Mart\u00ednez\" width=\"100%\" height=\"100%\" decoding=\"async\" loading=\"lazy\" class=\"css-o0wq4v ev8dhu53\"\/><\/p>\n<p>Experto en F\u00f3rmula 1 y Motorsport, especializado en el mundo de las carreras y la competici\u00f3n a motor, la cual lleva cubriendo m\u00e1s de una d\u00e9cada en diferentes medios del sector. Obsesionado de las categor\u00edas de formaci\u00f3n y desconfiado por naturaleza de todo lo que le cuentan. \u00a0\u00a0\u00a0<\/p>\n","protected":false},"excerpt":{"rendered":"Williams ha anunciado el piloto y la cita en la que cumplir\u00e1 su compromiso con la FIA de&hellip;\n","protected":false},"author":2,"featured_media":175745,"comment_status":"","ping_status":"","sticky":false,"template":"","format":"standard","meta":{"footnotes":""},"categories":[270],"tags":[168,253,25,24,306,271,272,23,167],"class_list":{"0":"post-175744","1":"post","2":"type-post","3":"status-publish","4":"format-standard","5":"has-post-thumbnail","7":"category-formula-1","8":"tag-deportes","9":"tag-discover","10":"tag-es","11":"tag-espana","12":"tag-f1","13":"tag-formula-1","14":"tag-formula1","15":"tag-spain","16":"tag-sports"},"share_on_mastodon":{"url":"","error":""},"_links":{"self":[{"href":"https:\/\/www.europesays.com\/es\/wp-json\/wp\/v2\/posts\/175744","targetHints":{"allow":["GET"]}}],"collection":[{"href":"https:\/\/www.europesays.com\/es\/wp-json\/wp\/v2\/posts"}],"about":[{"href":"https:\/\/www.europesays.com\/es\/wp-json\/wp\/v2\/types\/post"}],"author":[{"embeddable":true,"href":"https:\/\/www.europesays.com\/es\/wp-json\/wp\/v2\/users\/2"}],"replies":[{"embeddable":true,"href":"https:\/\/www.europesays.com\/es\/wp-json\/wp\/v2\/comments?post=175744"}],"version-history":[{"count":0,"href":"https:\/\/www.europesays.com\/es\/wp-json\/wp\/v2\/posts\/175744\/revisions"}],"wp:featuredmedia":[{"embeddable":true,"href":"https:\/\/www.europesays.com\/es\/wp-json\/wp\/v2\/media\/175745"}],"wp:attachment":[{"href":"https:\/\/www.europesays.com\/es\/wp-json\/wp\/v2\/media?parent=175744"}],"wp:term":[{"taxonomy":"category","embeddable":true,"href":"https:\/\/www.europesays.com\/es\/wp-json\/wp\/v2\/categories?post=175744"},{"taxonomy":"post_tag","embeddable":true,"href":"https:\/\/www.europesays.com\/es\/wp-json\/wp\/v2\/tags?post=175744"}],"curies":[{"name":"wp","href":"https:\/\/api.w.org\/{rel}","templated":true}]}}