{"id":175748,"date":"2025-10-14T08:27:12","date_gmt":"2025-10-14T08:27:12","guid":{"rendered":"https:\/\/www.europesays.com\/es\/175748\/"},"modified":"2025-10-14T08:27:12","modified_gmt":"2025-10-14T08:27:12","slug":"real-madrid-el-surrealista-momento-de-thibaut-courtois-con-una-rata-en-el-gales","status":"publish","type":"post","link":"https:\/\/www.europesays.com\/es\/175748\/","title":{"rendered":"Real Madrid | El surrealista momento de Thibaut Courtois con una rata en el Gales"},"content":{"rendered":"<p class=\"ft-text\"><a class=\"ft-link ft-link--decoration\" href=\"https:\/\/www.sport.es\/es\/noticias\/real-madrid\/courtois-vuelve-belgica-638-dias-115396583\" rel=\"nofollow noopener\" target=\"_blank\">La selecci\u00f3n de B\u00e9lgica derrot\u00f3 por 2-4 a la de Gales en Cardiff<\/a> y los &#8216;diablos rojos&#8217; que dirige Rudi Garcia <strong>comandan el Grupo J de clasificaci\u00f3n para el Mundial 2026 con 4 victorias y 2 empates<\/strong>, por lo que se mantienen invictos y muy cerca de su objetivo. Pero al margen del resultado y del juego, se vivi\u00f3 una situaci\u00f3n muy surrealista durante el transcurso del partido en la que se vio inmerso Thibaut Courtois cuando apareci\u00f3 una rata sobre el c\u00e9sped.<\/p>\n<p class=\"ft-text\">El guardameta del Real Madrid y de la selecci\u00f3n de B\u00e9lgica trat\u00f3 de coger con sus guantes al roedor, pero no lo consigui\u00f3, pues logr\u00f3 &#8216;driblarle&#8217; en sus intentonas, lo que provoc\u00f3 la hilaridad y hasta los &#8216;o\u00e9s&#8217; del p\u00fablico congregado en el Cardiff City Stadium.<\/p>\n<p>El p\u00fablico se lo pasa en grande<\/p>\n<p class=\"ft-text\">Courtois sali\u00f3 del \u00e1rea mientras el juego se desarrollaba en la otra parte del campo, se acerc\u00f3 al roedor y despu\u00e9s de pens\u00e1rselo un instante, trat\u00f3 de atraparle en vano. La rata se pase\u00f3 como quiso por el centro del campo, hasta que apareci\u00f3<strong> el futbolista gal\u00e9s Brennan Johnson.<\/strong><\/p>\n<p class=\"ft-text\">El futbolista del Tottenham Hotspur, <a class=\"ft-link ft-link--decoration\" href=\"https:\/\/www.sport.es\/es\/videos\/resumenes-europa-league\/20250522\/tottenham-toca-gloria-san-mames\/117682109.shtml\" rel=\"nofollow noopener\" target=\"_blank\">h\u00e9roe de los londinenses en la pasada Europa League<\/a>, fue el m\u00e1s listo de todos, pues sin necesidad de tocar al animal, fue acerc\u00e1ndole a la l\u00ednea de banda hasta que sali\u00f3 del l\u00edmite del terreno de juego, lo que fue celebrado por los aficionados, entre divertidos e incr\u00e9dulos.<\/p>\n<p class=\"ft-text\">El juego pudo desarrollarse sin m\u00e1s novedad y de hecho, ni siquiera se tuvo que detener. Thibaut Courtois, <strong>que encaj\u00f3 los goles de Joe Rodon y de Nathan Broadhead<\/strong>, tampoco pudo frenar al inesperado &#8216;invitado&#8217; al partido.<\/p>\n","protected":false},"excerpt":{"rendered":"La selecci\u00f3n de B\u00e9lgica derrot\u00f3 por 2-4 a la de Gales en Cardiff y los &#8216;diablos rojos&#8217; que&hellip;\n","protected":false},"author":2,"featured_media":175749,"comment_status":"","ping_status":"","sticky":false,"template":"","format":"standard","meta":{"footnotes":""},"categories":[268],"tags":[3171,50458,50457,168,25,24,280,282,50456,1070,15120,281,23,167],"class_list":{"0":"post-175748","1":"post","2":"type-post","3":"status-publish","4":"format-standard","5":"has-post-thumbnail","7":"category-futbol","8":"tag-belgica","9":"tag-brennan-johnson","10":"tag-cardiff","11":"tag-deportes","12":"tag-es","13":"tag-espana","14":"tag-football","15":"tag-futbol","16":"tag-gales","17":"tag-mundial","18":"tag-rata","19":"tag-soccer","20":"tag-spain","21":"tag-sports"},"share_on_mastodon":{"url":"","error":""},"_links":{"self":[{"href":"https:\/\/www.europesays.com\/es\/wp-json\/wp\/v2\/posts\/175748","targetHints":{"allow":["GET"]}}],"collection":[{"href":"https:\/\/www.europesays.com\/es\/wp-json\/wp\/v2\/posts"}],"about":[{"href":"https:\/\/www.europesays.com\/es\/wp-json\/wp\/v2\/types\/post"}],"author":[{"embeddable":true,"href":"https:\/\/www.europesays.com\/es\/wp-json\/wp\/v2\/users\/2"}],"replies":[{"embeddable":true,"href":"https:\/\/www.europesays.com\/es\/wp-json\/wp\/v2\/comments?post=175748"}],"version-history":[{"count":0,"href":"https:\/\/www.europesays.com\/es\/wp-json\/wp\/v2\/posts\/175748\/revisions"}],"wp:featuredmedia":[{"embeddable":true,"href":"https:\/\/www.europesays.com\/es\/wp-json\/wp\/v2\/media\/175749"}],"wp:attachment":[{"href":"https:\/\/www.europesays.com\/es\/wp-json\/wp\/v2\/media?parent=175748"}],"wp:term":[{"taxonomy":"category","embeddable":true,"href":"https:\/\/www.europesays.com\/es\/wp-json\/wp\/v2\/categories?post=175748"},{"taxonomy":"post_tag","embeddable":true,"href":"https:\/\/www.europesays.com\/es\/wp-json\/wp\/v2\/tags?post=175748"}],"curies":[{"name":"wp","href":"https:\/\/api.w.org\/{rel}","templated":true}]}}