{"id":175750,"date":"2025-10-14T08:28:10","date_gmt":"2025-10-14T08:28:10","guid":{"rendered":"https:\/\/www.europesays.com\/es\/175750\/"},"modified":"2025-10-14T08:28:10","modified_gmt":"2025-10-14T08:28:10","slug":"nos-hemos-hecho-hermanas-de-sangre-en-bilbao-confiesan-emma-suarez-y-elena-anaya","status":"publish","type":"post","link":"https:\/\/www.europesays.com\/es\/175750\/","title":{"rendered":"\u00abNos hemos hecho hermanas de sangre en Bilbao\u00bb, confiesan Emma Su\u00e1rez y Elena Anaya"},"content":{"rendered":"<p>Emma Su\u00e1rez y Elena Anaya se conocieron en el plat\u00f3 de &#8216;Familia&#8217;, de Fernando Le\u00f3n, en 1996. Pero jam\u00e1s hab\u00edan trabajado juntas hasta este a\u00f1o.  &#8230; Primero rodaron junto a Imanol Arias &#8216;Innato&#8217;, una serie de intriga de Netflix ambientada en \u00c1lava. Apenas una semanas despu\u00e9s de despedirse, han vuelto a unir sus destinos en &#8216;Hermanas&#8217;, primer largometraje de ficci\u00f3n de Ione Hern\u00e1ndez, que se ha rodado durante cinco semanas en localizaciones vizca\u00ednas. Son tan amigas que el pasado mi\u00e9rcoles confiaban en acabar pronto la jornada para ir juntas a los Golem Alh\u00f3ndiga a ver &#8216;Una batalla tras otra&#8217;, de Paul Thomas Anderson. \u00ab\u00bfLa has visto? \u00a1Cuenta, cuenta!\u00bb, inquir\u00edan al periodista. El buen rollo del que presumen todos los actores en un rodaje esta vez no parece fingido.<\/p>\n<p class=\"v-p\">&#8216;Hermanas&#8217; las junta en un drama cuyo detonante es una situaci\u00f3n de violencia sexual entre primos. Una de las protagonistas es una madre de familia que quiere divorciarse y comenzar de nuevo; la otra es una periodista, madre sin pareja, marcada por su pasado y a la que no le da la vida. En una reuni\u00f3n familiar en la casa de los abuelos un d\u00eda de verano, el hijo de una de ellas, de 18 a\u00f1os, es acusado de agredir sexualmente a su prima, menor de edad. Ione Hern\u00e1ndez se inspira en un caso real para escribir un guion que nace de su inquietud por las agresiones que no llegan a los titulares. Esas que ocurren en silencio dentro de las familias, sin pruebas ni testigos, y que muchas veces se callan por miedo o verg\u00fcenza.<\/p>\n<p><img decoding=\"async\" loading=\"lazy\" src=\"https:\/\/www.europesays.com\/es\/wp-content\/uploads\/2025\/10\/hermanas-kCiB--650x455@El Correo.jpg\" class=\"v-a-img\" width=\"650\" height=\"455\" alt=\"Emma Su\u00e1res y la directora Ione Hern\u00e1ndez en el rodaje en Bilbao.\" data-voc-vtm-id=\"in-text-traffic\"\/><\/p>\n<p>Emma Su\u00e1res y la directora Ione Hern\u00e1ndez en el rodaje en Bilbao.<\/p>\n<p>Luis \u00c1ngel G\u00f3mez<\/p>\n<p><img loading=\"lazy\" decoding=\"async\" src=\"https:\/\/www.europesays.com\/es\/wp-content\/uploads\/2025\/10\/hermanas-kCiB--650x455@El Correo.jpg\" class=\"v-mdl__img-z\" width=\"650\" height=\"455\" alt=\"\"\/><\/p>\n<p class=\"v-p\">Anaya y Su\u00e1rez juegan a mantener oculta la identidad de sus personajes. \u00ab\u00bfT\u00fa qui\u00e9n crees de las dos que es la periodista? Pues no te lo vamos a decir\u00bb, retan. \u00abYo pens\u00e9 en estudiar Periodismo antes de ser actriz\u00bb, descubre Emma Su\u00e1rez. \u00abHay un hecho que provoca una catarsis en la relaci\u00f3n entre estas dos hermanas. Una atraviesa una etapa de duda, de b\u00fasqueda tras dedicar la vida a sus hijos y darse cuenta de que toca dedicarse a s\u00ed misma; la otra est\u00e1 volcada en su trabajo, nunca ha podido parar\u00bb, describe. Y a\u00f1ade Anaya: \u00abSon m\u00e1s que hermanas, se necesitan y apoyan. Son un equipo en la vida\u00bb.<\/p>\n<p>\u00abSiempre me he sentido cerca de Elena, aunque no hubiese trabajado con ella\u00bb<\/p>\n<p class=\"v-p\">Las dos actrices recibieron esta historia de una familia bilba\u00edna hace tres a\u00f1os. Mientras ensayaban &#8216;Innato&#8217;, sus representantes les confirmaron que justo despu\u00e9s rodar\u00edan la pel\u00edcula. \u00abNos hemos hecho hermanas de sangre\u00bb, asegura Elena Anaya, 50 a\u00f1os, ganadora de un Goya. \u00abNos miramos y ya sabemos lo que le pasa a la otra. Hay algo profundo de compa\u00f1eras que se entienden. Y eso se ve en la pantalla\u00bb. Emma Su\u00e1rez, 61 a\u00f1os, tres Goyas, apunta que tienen relaciones comunes y que les han pasado cosas a la vez: \u00abSiempre me he sentido cerca de Elena, aunque no hubiese trabajado con ella. Sab\u00eda que iba a haber qu\u00edmica seguro\u00bb. \u00abPues imag\u00ednate a m\u00ed, que te llevo viendo desde peque\u00f1a\u00bb, piropea Anaya.<\/p>\n<p>\u00abNos miramos y ya sabemos lo que le pasa a la otra, somos compa\u00f1eras que se entienden\u00bb<\/p>\n<p class=\"v-p\">La directora Ione Hern\u00e1ndez (San Sebasti\u00e1n, 1970) no es una reci\u00e9n llegada al mundo del cine. Licenciada en Periodismo en la UPV, trabaj\u00f3 como periodista en el diario en espa\u00f1ol de Washington &#8216;La Naci\u00f3n&#8217;, recibi\u00f3 una beca de la Diputaci\u00f3n para estudiar un M\u00e1ster de cine en California y se forj\u00f3 cinematogr\u00e1ficamente junto a Julio Medem en &#8216;La pelota vasca&#8217;, que le produjo su largo documental &#8216;1 % Esquizofrenia&#8217;. Miembro del comit\u00e9 de selecci\u00f3n del Festival de San Sebasti\u00e1n (como V\u00edctor Iriarte, que tambi\u00e9n ha dado el salto a la direcci\u00f3n), autora de cortos y piezas de microteatro, Hern\u00e1ndez logr\u00f3 que el proyecto de &#8216;Hermanas&#8217; fuera finalista del programa de residencias de la Academia de Cine.<\/p>\n<p><img decoding=\"async\" loading=\"lazy\" src=\"https:\/\/www.europesays.com\/es\/wp-content\/uploads\/2025\/10\/hermanas-pelicula-kCiB--650x455@El Correo.jpg\" class=\"v-a-img\" width=\"650\" height=\"455\" alt=\"Emma Su\u00e1rez y Elena Anaya en 'Hermanas'.\" data-voc-vtm-id=\"in-text-traffic\"\/><\/p>\n<p>Emma Su\u00e1rez y Elena Anaya en &#8216;Hermanas&#8217;.<\/p>\n<p><img loading=\"lazy\" decoding=\"async\" src=\"https:\/\/www.europesays.com\/es\/wp-content\/uploads\/2025\/10\/hermanas-pelicula-kCiB--650x455@El Correo.jpg\" class=\"v-mdl__img-z\" width=\"650\" height=\"455\" alt=\"\"\/><\/p>\n<p class=\"v-p\">\u00abMe encanta cuando escucho a Alauda Ruiz de Az\u00faa decir que ella ha empezado muy tarde&#8230; Yo tengo 54 a\u00f1os y nunca he tirado la toalla\u00bb, afirma la directora guipuzcoana. \u00abSiendo mujer recibes m\u00e1s puntos en las ayudas selectivas. Y cuando aparecen los incentivos fiscales en Euskadi, existe la posibilidad de financiar una pel\u00edcula con mi perfil, me convierto en alguien interesante para los productores, a pesar de mi edad\u00bb.<\/p>\n<p class=\"v-p\">Sus actrices le dijeron que s\u00ed al d\u00eda siguiente de enviarles el guion. \u00abMe interesa hablar de la familia y de las emociones, de lo que no se dice. Del miedo\u00bb, resume Hern\u00e1ndez, que no quiere limitar &#8216;Hermanas&#8217; \u00abal gancho de la agresi\u00f3n sexual en el titular, porque puede desvirtuar de qu\u00e9 va la pel\u00edcula\u00bb. Tambi\u00e9n quiere mantener bajo llave el final. \u00abDe &#8216;Titanic&#8217; se puede contar, porque hay espect\u00e1culo, pero esta es una producci\u00f3n peque\u00f1a\u00bb.<\/p>\n<p class=\"v-p\">Emma Su\u00e1rez y Elena Anaya juran que se implican igual en una serie de Netflix que en el cine de autor. \u00abTu vida va ah\u00ed, solo hay una manera de hacerlo bien que es implic\u00e1ndote. Nos gusta mucho nuestro oficio. Y a veces, te llevas sorpresas, porque puede que no te guste mucho el guion, pero despu\u00e9s tu personaje te agarra por dentro. Y eso es muy bonito\u00bb.<\/p>\n<p><img decoding=\"async\" loading=\"lazy\" src=\"https:\/\/www.europesays.com\/es\/wp-content\/uploads\/2025\/10\/hermanas-rodaje-kCiB--650x455@El Correo.jpg\" class=\"v-a-img\" width=\"650\" height=\"455\" alt=\"Ione Hern\u00e1ndez, Elena Anaya y Emma Su\u00e1rez.\" data-voc-vtm-id=\"in-text-traffic\"\/><\/p>\n<p>Ione Hern\u00e1ndez, Elena Anaya y Emma Su\u00e1rez.<\/p>\n<p>Lander Larra\u00f1aga<\/p>\n<p><img loading=\"lazy\" decoding=\"async\" src=\"https:\/\/www.europesays.com\/es\/wp-content\/uploads\/2025\/10\/hermanas-rodaje-kCiB--650x455@El Correo.jpg\" class=\"v-mdl__img-z\" width=\"650\" height=\"455\" alt=\"\"\/><\/p>\n<p>\u00abConoc\u00ed un Bilbao gris y hoy es una ciudad muy cinematogr\u00e1fica\u00bb<\/p>\n<p class=\"v-p\">\nEmma Su\u00e1rez conoce bien Bilbao, y no solo por haber rodado la serie &#8216;Intimidad&#8217;. Trabaj\u00f3 aqu\u00ed por primera vez en 1983, \u00abjusto en las inundaciones\u00bb, recuerda. Ten\u00eda 18 a\u00f1os y funci\u00f3n en el Arriaga de &#8216;El cementerio de los p\u00e1jaros&#8217;, de Antonio Gala, junto a Irene Guti\u00e9rrez Caba y Encarna Paso. El cine vasco la ha reclamado en t\u00edtulos como &#8216;Vacas&#8217;, &#8216;La ardilla roja&#8217;, &#8216;La casa de mi padre&#8217;, &#8217;70 binladens&#8217;&#8230;\n<\/p>\n<p class=\"v-p\">\n\u00abBilbao se ha convertido en una ciudad muy cinematogr\u00e1fica. Yo la conoc\u00ed en los 80, cuando era gris, otra ciudad\u00bb, recuerda. \u00abMe encanta rodar en el Pa\u00eds Vasco. Adem\u00e1s, casi todo lo que se hace aqu\u00ed es bueno\u00bb.\n<\/p>\n<p class=\"v-p\">\nLa protagonista de &#8216;El perro del hortelano&#8217; se considera \u00abuna rom\u00e1ntica\u00bb que sigue yendo al cine. A su lado, Elena Anaya asiente. \u00abNo solo nos gusta ir al cine, sino que es nuestro motor interno. Han pasado treinta y tantos a\u00f1os desde que yo empec\u00e9 a trabajar en esto y me sigo emocionando y poniendo nerviosa. Hoy hemos rodado una secuencia preciosa y ha ocurrido algo muy bonito entre nosotras. Cuando eso ocurre te felicitas por tener un oficio tan bonito\u00bb.\n<\/p>\n<p class=\"v-p\">\n&#8216;Hermanas&#8217; es una producci\u00f3n independiente que llegar\u00e1 a los cines de la mano de El\u00e1stica, la misma distribuidora que &#8216;Anatom\u00eda de una ca\u00edda&#8217; o &#8216;Romer\u00eda&#8217;. Entre sus productores figuran Mar\u00eda Zamora, art\u00edfice de las pel\u00edculas de Carla Sim\u00f3n, y Lara Izagirre, detr\u00e1s de &#8216;20.000 especies de abejas&#8217;.\n<\/p>\n<p class=\"v-p\">      Sus protagonistas asumen que las series y pel\u00edculas de las plataformas lo tienen m\u00e1s f\u00e1cil para llegar al espectador. \u00abTodo el mundo ve series en las plataformas. Por eso los profesionales del audiovisual tienen la responsabilidad de crear proyectos con criterio. Sus contenidos tambi\u00e9n tienen que ser tratados con respeto y pensando en provocar la reflexi\u00f3n\u00bb. &#8216;Hermanas&#8217;, que cuenta en su reparto con Josean Bengoetxea y Aritz Kortabarria, concluir\u00e1 su rodaje este 17 de octubre en Madrid. A buen seguro, volveremos a hablar de ella el pr\u00f3ximo a\u00f1o cuando llegue la temporada de festivales.<\/p>\n","protected":false},"excerpt":{"rendered":"Emma Su\u00e1rez y Elena Anaya se conocieron en el plat\u00f3 de &#8216;Familia&#8217;, de Fernando Le\u00f3n, en 1996. Pero&hellip;\n","protected":false},"author":2,"featured_media":175751,"comment_status":"","ping_status":"","sticky":false,"template":"","format":"standard","meta":{"footnotes":""},"categories":[174],"tags":[50459,2601,255,15617,7113,12525,146,147,25,24,256,3553,13967,23,9248],"class_list":{"0":"post-175750","1":"post","2":"type-post","3":"status-publish","4":"format-standard","5":"has-post-thumbnail","7":"category-famosos","8":"tag-anaya","9":"tag-bilbao","10":"tag-celebrities","11":"tag-confiesan","12":"tag-elena","13":"tag-emma","14":"tag-entertainment","15":"tag-entretenimiento","16":"tag-es","17":"tag-espana","18":"tag-famosos","19":"tag-hermanas","20":"tag-sangre","21":"tag-spain","22":"tag-suarez"},"share_on_mastodon":{"url":"","error":""},"_links":{"self":[{"href":"https:\/\/www.europesays.com\/es\/wp-json\/wp\/v2\/posts\/175750","targetHints":{"allow":["GET"]}}],"collection":[{"href":"https:\/\/www.europesays.com\/es\/wp-json\/wp\/v2\/posts"}],"about":[{"href":"https:\/\/www.europesays.com\/es\/wp-json\/wp\/v2\/types\/post"}],"author":[{"embeddable":true,"href":"https:\/\/www.europesays.com\/es\/wp-json\/wp\/v2\/users\/2"}],"replies":[{"embeddable":true,"href":"https:\/\/www.europesays.com\/es\/wp-json\/wp\/v2\/comments?post=175750"}],"version-history":[{"count":0,"href":"https:\/\/www.europesays.com\/es\/wp-json\/wp\/v2\/posts\/175750\/revisions"}],"wp:featuredmedia":[{"embeddable":true,"href":"https:\/\/www.europesays.com\/es\/wp-json\/wp\/v2\/media\/175751"}],"wp:attachment":[{"href":"https:\/\/www.europesays.com\/es\/wp-json\/wp\/v2\/media?parent=175750"}],"wp:term":[{"taxonomy":"category","embeddable":true,"href":"https:\/\/www.europesays.com\/es\/wp-json\/wp\/v2\/categories?post=175750"},{"taxonomy":"post_tag","embeddable":true,"href":"https:\/\/www.europesays.com\/es\/wp-json\/wp\/v2\/tags?post=175750"}],"curies":[{"name":"wp","href":"https:\/\/api.w.org\/{rel}","templated":true}]}}