{"id":175770,"date":"2025-10-14T08:38:12","date_gmt":"2025-10-14T08:38:12","guid":{"rendered":"https:\/\/www.europesays.com\/es\/175770\/"},"modified":"2025-10-14T08:38:12","modified_gmt":"2025-10-14T08:38:12","slug":"el-superordenador-cuantico-de-ibm-confirma-la-apuesta-de-la-multinacional-estadounidense-por-el-ecosistema-de-idi-vasco","status":"publish","type":"post","link":"https:\/\/www.europesays.com\/es\/175770\/","title":{"rendered":"El superordenador cu\u00e1ntico de IBM confirma la apuesta de la multinacional estadounidense por el ecosistema de I+D+i vasco"},"content":{"rendered":"<p>IBM abre las puertas a instituciones y medios para que podamos conocer el superordenador cu\u00e1ntico IBM Quantum System Two, el primero de Europa y el tercero en todo el mundo que ha instalado en el Centro de Computaci\u00f3n Cu\u00e1ntica IBM-Euskadi, en Donostia-San Sebasti\u00e1n.<\/p>\n<p>Este hito confirma la colaboraci\u00f3n p\u00fablico privada entre el Gobierno vasco y la multinacional estadounidense, que desde 2023 vienen impulsando las tecnolog\u00edas cu\u00e1nticas en Euskadi con el objetivo de convertir el territorio vasco en polo internacional bajo la iniciativa BasQ &#8211; Basque Quantum.<\/p>\n<p>Esta instalaci\u00f3n de IBM Quantum System Two es la segunda puesta en marcha de este sistema fuera de Estados Unidos. El IBM Quantum Heron de 156 qubits est\u00e1 impulsado por el procesador cu\u00e1ntico m\u00e1s potente desarrollado por la compa\u00f1\u00eda hasta la fecha.<\/p>\n<p>\u00abDise\u00f1ado para escalar e integrar varios procesadores en el futuro, este sistema marca un hito tecnol\u00f3gico, ya que permite ejecutar algoritmos de escala de uso, superando las capacidades de simulaci\u00f3n cl\u00e1sica\u00bb, explican desde IBM.<\/p>\n<p>En el acto de inauguraci\u00f3n, presidido por el lehendakari, Imanol Pradales ha querido remarcar la apuesta del Ejecutivo auton\u00f3mico por la investigaci\u00f3n y la innovaci\u00f3n. \u00abHemos desplegado un ecosistema que es fruto de una apuesta valiente y sostenida en el tiempo. Estamos en condiciones de aprovechar la ventaja cu\u00e1ntica de la que nos hemos dotado y debemos centrarnos en aquellas \u00e1reas que son estrat\u00e9gicas para nuestro pa\u00eds.\u00bb, ha destacado.<\/p>\n<p>\u00abNuestro veh\u00edculo conductor es la Estrategia Basque Quantum que hoy da un paso gigante y que nos permitir\u00e1 ser un im\u00e1n para la generaci\u00f3n de conocimiento y atracci\u00f3n de talento. Nos permitir\u00e1 conectarnos con otros polos y ecosistemas de conocimiento e innovaci\u00f3n para ganar competitividad y desarrollo como pa\u00eds. Y nos permitir\u00e1, tambi\u00e9n, alinearnos con la estrategia de resiliencia y reindustrializaci\u00f3n europea, aprovechando la inversi\u00f3n en infraestructuras y tecnolog\u00edas fundamentales para las transformaciones que debemos enfrentar como continente y pa\u00eds\u00bb, ha defendido.<\/p>\n<p>Y es que las tecnolog\u00edas cu\u00e1nticas pueden impactar en \u00e1mbitos de nuestro d\u00eda a d\u00eda como la salud, el desarrollo de nuevos f\u00e1rmacos, comunicaciones, energ\u00eda o ciberseguridad.<\/p>\n<p>WhatsApp<a href=\"https:\/\/api.whatsapp.com\/send?text=https:\/\/www.eleconomista.es\/tecnologia\/noticias\/13591760\/10\/25\/el-superordenador-cuantico-de-ibm-confirma-la-apuesta-de-la-multinacional-estadounidense-por-el-ecosistema-de-idi-vasco.html?utm_source%3Dwhatsapp%26utm_medium%3Dshare_button&amp;id=1648118629957_whatsapp\" target=\"_blank\" data-action=\"share\/whatsapp\/share\" aria-label=\"Compartir en Whatsapp\" rel=\"nofollow noopener\"><\/a>Facebook<a id=\"fb-share\" href=\"#\" target=\"_blank\" rel=\"noopener noreferrer\" aria-label=\"Compartir en Facebook\"><\/a>Twitter<a href=\"https:\/\/twitter.com\/share?text=El+superordenador+cu%C3%A1ntico+de+IBM+confirma+la+apuesta+de+la+multinacional+estadounidense+por+el+ecosistema+de+I%2BD%2Bi+vasco&amp;url=https:\/\/www.eleconomista.es\/tecnologia\/noticias\/13591760\/10\/25\/el-superordenador-cuantico-de-ibm-confirma-la-apuesta-de-la-multinacional-estadounidense-por-el-ecosistema-de-idi-vasco.html&amp;via=elEconomistaes&amp;id=1648118839245_twitter\" target=\"_blank\" aria-label=\"Compartir en Twitter\" rel=\"nofollow noopener\"><\/a>Linkedin<a href=\"https:\/\/linkedin.com\/share?text=https:\/\/www.eleconomista.es\/tecnologia\/noticias\/13591760\/10\/25\/el-superordenador-cuantico-de-ibm-confirma-la-apuesta-de-la-multinacional-estadounidense-por-el-ecosistema-de-idi-vasco.html&amp;via=elEconomistaes\" target=\"_blank\" aria-label=\"Compartir en linkedin\" rel=\"nofollow noopener\"><\/a>Beloud<a href=\"https:\/\/beloud.com\/share?text=El+superordenador+cu%C3%A1ntico+de+IBM+confirma+la+apuesta+de+la+multinacional+estadounidense+por+el+ecosistema+de+I%2BD%2Bi+vasco&amp;url=https:\/\/www.eleconomista.es\/tecnologia\/noticias\/13591760\/10\/25\/el-superordenador-cuantico-de-ibm-confirma-la-apuesta-de-la-multinacional-estadounidense-por-el-ecosistema-de-idi-vasco.html&amp;via=elEconomistaes&amp;id=1648118839245_beloud\" target=\"_blank\" aria-label=\"Compartir en beloud\" rel=\"nofollow noopener\"><\/a>Bluesky<a href=\"https:\/\/bsky.app\/intent\/compose?text=https:\/\/bsky.app\/intent\/compose?text=https:\/\/www.eleconomista.es\/tecnologia\/noticias\/13591760\/10\/25\/el-superordenador-cuantico-de-ibm-confirma-la-apuesta-de-la-multinacional-estadounidense-por-el-ecosistema-de-idi-vasco.html&amp;url=https:\/\/www.eleconomista.es\/tecnologia\/noticias\/13591760\/10\/25\/el-superordenador-cuantico-de-ibm-confirma-la-apuesta-de-la-multinacional-estadounidense-por-el-ecosistema-de-idi-vasco.html&amp;via=elEconomistaes&amp;id=1648118839245_bluesky\" target=\"_blank\" aria-label=\"Compartir en bluesky\" rel=\"nofollow noopener\"><\/a><\/p>\n<p><script async src=\"https:\/\/platform.twitter.com\/widgets.js\" charset=\"utf-8\"><\/script><\/p>\n","protected":false},"excerpt":{"rendered":"IBM abre las puertas a instituciones y medios para que podamos conocer el superordenador cu\u00e1ntico IBM Quantum System&hellip;\n","protected":false},"author":2,"featured_media":175771,"comment_status":"","ping_status":"","sticky":false,"template":"","format":"standard","meta":{"footnotes":""},"categories":[80],"tags":[82,95,94,25,24,23,3723],"class_list":{"0":"post-175770","1":"post","2":"type-post","3":"status-publish","4":"format-standard","5":"has-post-thumbnail","7":"category-economia","8":"tag-business","9":"tag-economia","10":"tag-economy","11":"tag-es","12":"tag-espana","13":"tag-spain","14":"tag-tecnologaa"},"share_on_mastodon":{"url":"","error":""},"_links":{"self":[{"href":"https:\/\/www.europesays.com\/es\/wp-json\/wp\/v2\/posts\/175770","targetHints":{"allow":["GET"]}}],"collection":[{"href":"https:\/\/www.europesays.com\/es\/wp-json\/wp\/v2\/posts"}],"about":[{"href":"https:\/\/www.europesays.com\/es\/wp-json\/wp\/v2\/types\/post"}],"author":[{"embeddable":true,"href":"https:\/\/www.europesays.com\/es\/wp-json\/wp\/v2\/users\/2"}],"replies":[{"embeddable":true,"href":"https:\/\/www.europesays.com\/es\/wp-json\/wp\/v2\/comments?post=175770"}],"version-history":[{"count":0,"href":"https:\/\/www.europesays.com\/es\/wp-json\/wp\/v2\/posts\/175770\/revisions"}],"wp:featuredmedia":[{"embeddable":true,"href":"https:\/\/www.europesays.com\/es\/wp-json\/wp\/v2\/media\/175771"}],"wp:attachment":[{"href":"https:\/\/www.europesays.com\/es\/wp-json\/wp\/v2\/media?parent=175770"}],"wp:term":[{"taxonomy":"category","embeddable":true,"href":"https:\/\/www.europesays.com\/es\/wp-json\/wp\/v2\/categories?post=175770"},{"taxonomy":"post_tag","embeddable":true,"href":"https:\/\/www.europesays.com\/es\/wp-json\/wp\/v2\/tags?post=175770"}],"curies":[{"name":"wp","href":"https:\/\/api.w.org\/{rel}","templated":true}]}}