{"id":175785,"date":"2025-10-14T08:48:20","date_gmt":"2025-10-14T08:48:20","guid":{"rendered":"https:\/\/www.europesays.com\/es\/175785\/"},"modified":"2025-10-14T08:48:20","modified_gmt":"2025-10-14T08:48:20","slug":"la-fia-activa-la-alerta-para-el-gp-de-estados-unidos-los-pilotos-tendran-que-tomar-una-drastica-decision","status":"publish","type":"post","link":"https:\/\/www.europesays.com\/es\/175785\/","title":{"rendered":"La FIA activa la alerta para el GP de Estados Unidos: los pilotos tendr\u00e1n que tomar una dr\u00e1stica decisi\u00f3n"},"content":{"rendered":"<p class=\"parrafo\"><strong>El Gran Premio de Singapur ha sido uno de los m\u00e1s exigentes del calendario para los pilotos de F\u00f3rmula 1 a causa del calor. <\/strong>Si en la ciudad hac\u00eda bastante calor, los protagonistas de la parrilla han tenido que lidiar con temperaturas a\u00fan m\u00e1s altas en el asfalto, suponiendo un mayor desgaste f\u00edsico y <a href=\"https:\/\/www.estadiodeportivo.com\/motor\/formula-1\/singapur-2025-carrera-directo-con-fernando-alonso-carlos-sainz-del-gran-premio-formula-20251005-515150.html\" target=\"_blank\" class=\"intext-link\" rel=\"nofollow noopener\">desembocando en una carrera completamente desgastadora.<\/a> <\/p>\n<p class=\"parrafo\"><strong>Y a\u00fan peor se espera que sea el Gran Premio de Estados Unidos, que se disputa este finde semana,<\/strong> en el que adem\u00e1s habr\u00e1 que hacer un esfuerzo extra al tener tambi\u00e9n carrera al Sprint. La parte positiva de Singapur es que la carrera es de noche, por lo que bajaban ligeramente los grados. Sin embargo, en Austin las pruebas se celebran en pleno medio d\u00eda, por lo que el calor ser\u00e1 extremo. <strong>As\u00ed lo ha indicado la FIA, que activa una alerta por calor extremo para esta cita y pone sobre aviso a los pilotos.<\/strong> <\/p>\n<p><a class=\"elementos-rel-t2\" href=\"https:\/\/www.estadiodeportivo.com\/motor\/formula-1\/hay-bastantes-posibilidades-que-fernando-alonso-retire-final-2026-20251012-516138.html\" title=\"&quot;Hay bastantes posibilidades de que Fernando Alonso se retire al final de 2026&quot;\" rel=\"nofollow noopener\" target=\"_blank\">\u00abHay bastantes posibilidades de que Fernando Alonso se retire al final de 2026\u00bb<img decoding=\"async\" src=\"https:\/\/www.europesays.com\/es\/wp-content\/uploads\/2025\/10\/b68c102d-9a84-4c54-97c0-9931b8a44700_320x180.jpeg\" alt=\"&quot;Hay bastantes posibilidades de que Fernando Alonso se retire al final de 2026&quot;\"\/><\/a><a class=\"elementos-rel-t2\" href=\"https:\/\/www.estadiodeportivo.com\/motor\/formula-1\/williams-confirma-piloto-que-ocupara-asiento-carlos-sainz-mexico-20251013-516244.html\" title=\"Williams confirma al piloto que sustituir\u00e1 a Carlos Sainz en el GP de M\u00e9xico\" rel=\"nofollow noopener\" target=\"_blank\">Williams confirma al piloto que sustituir\u00e1 a Carlos Sainz en el GP de M\u00e9xico<img decoding=\"async\" src=\"https:\/\/www.europesays.com\/es\/wp-content\/uploads\/2025\/10\/a70a6c81-1e03-4ca2-9103-a38395eaa846_320x180.jpeg\" alt=\"Williams confirma al piloto que sustituir\u00e1 a Carlos Sainz en el GP de M\u00e9xico\"\/><\/a><a class=\"elementos-rel-t2\" href=\"https:\/\/www.estadiodeportivo.com\/motor\/formula-1\/campeon-acusa-mclaren-claro-favoritismo-entre-norris-piastri-20251012-516152.html\" title=\"Un campe\u00f3n de F1 acusa a McLaren de claro favoritismo entre Norris y Piastri\" rel=\"nofollow noopener\" target=\"_blank\">Un campe\u00f3n de F1 acusa a McLaren de claro favoritismo entre Norris y Piastri<img decoding=\"async\" src=\"https:\/\/www.europesays.com\/es\/wp-content\/uploads\/2025\/10\/0edc08ba-5388-4361-887e-1577c0a4971e_320x180.jpeg\" alt=\"Un campe\u00f3n de F1 acusa a McLaren de claro favoritismo entre Norris y Piastri\"\/><\/a>La FIA activa la alerta por calor extremo en el GP de Estados Unidos <\/p>\n<p class=\"parrafo\">Este fin de semana se esperan temperaturas de hasta 35 grados en Austin, que supondr\u00e1 que los pilotos tengan que soportar hasta 55 grados dentro del monoplaza y sobre el asfalto. Por ello,<strong> la FIA activa el aviso por calor extremo, que se utiliza cuando las temperaturas superan los 31 grados<\/strong>. Y para esta cita se prev\u00e9n concretamente 33\u00ba para los entrenamientos del viernes, 34\u00ba para la clasificaci\u00f3n el s\u00e1bado y 32\u00ba para la carrera el domingo.  <\/p>\n<p class=\"parrafo\"><strong>Un Gran Premio que sin duda va a ser uno de los desaf\u00edos m\u00e1s extremos de la temporada para los pilotos,<\/strong> en un tramo final de la temporada en la que hay mucho en juego. Los McLaren tienen que dar un paso al frente si no quieren que Verstappen les siga comiendo terreno y les pueda arrebatar el mundial, mientras que en la zona media tambi\u00e9n hay muchas plazas pendientes. Por tanto, en el circuito de las Am\u00e9ricas deben concienciarse de esta alerta y tomar una dr\u00e1stica decisi\u00f3n. <\/p>\n<p>Los pilotos de F1 tienen que tomar una importante decisi\u00f3n en Austin<\/p>\n<p class=\"parrafo\">Los pilotos y equipos deben elegir un m\u00e9todo de refrigeraci\u00f3n para mantenerse seguros tanto ellos mismos como el monoplaza. Por ello, van a tener que tomar una decisi\u00f3n que lo puede cambiar todo. <strong>Los pilotos podr\u00e1n escoger entre llevar un chaleco refrigerante, que Aston Martin &#8216;puso de moda&#8217; en Singapur, o no<\/strong>.<strong> Aunque eso s\u00ed, si no apuestan por este m\u00e9todo contra el calor extremo, estar\u00e1n obligados a a\u00f1adir lastre al coche<\/strong> y podr\u00e1n perder d\u00e9cimas que pueden ser clave para la clasificaci\u00f3n final. Se espera una aut\u00e9ntica agon\u00eda en Estados Unidos. <\/p>\n<p><img decoding=\"async\" src=\"https:\/\/www.europesays.com\/es\/wp-content\/uploads\/2025\/10\/2c945688-9a18-4665-ba56-97bbc171ac88_800x621.jpeg\" loading=\"lazy\"\/><\/p>\n","protected":false},"excerpt":{"rendered":"El Gran Premio de Singapur ha sido uno de los m\u00e1s exigentes del calendario para los pilotos de&hellip;\n","protected":false},"author":2,"featured_media":175786,"comment_status":"","ping_status":"","sticky":false,"template":"","format":"standard","meta":{"footnotes":""},"categories":[270],"tags":[1763,307,168,25,24,284,306,2096,2041,271,272,2099,2704,2362,23,167],"class_list":{"0":"post-175785","1":"post","2":"type-post","3":"status-publish","4":"format-standard","5":"has-post-thumbnail","7":"category-formula-1","8":"tag-automovilismo","9":"tag-carlos-sainz","10":"tag-deportes","11":"tag-es","12":"tag-espana","13":"tag-estadio-deportivo","14":"tag-f1","15":"tag-fernando-alonso","16":"tag-fia","17":"tag-formula-1","18":"tag-formula1","19":"tag-max-verstappen","20":"tag-mclaren","21":"tag-motor","22":"tag-spain","23":"tag-sports"},"share_on_mastodon":{"url":"","error":""},"_links":{"self":[{"href":"https:\/\/www.europesays.com\/es\/wp-json\/wp\/v2\/posts\/175785","targetHints":{"allow":["GET"]}}],"collection":[{"href":"https:\/\/www.europesays.com\/es\/wp-json\/wp\/v2\/posts"}],"about":[{"href":"https:\/\/www.europesays.com\/es\/wp-json\/wp\/v2\/types\/post"}],"author":[{"embeddable":true,"href":"https:\/\/www.europesays.com\/es\/wp-json\/wp\/v2\/users\/2"}],"replies":[{"embeddable":true,"href":"https:\/\/www.europesays.com\/es\/wp-json\/wp\/v2\/comments?post=175785"}],"version-history":[{"count":0,"href":"https:\/\/www.europesays.com\/es\/wp-json\/wp\/v2\/posts\/175785\/revisions"}],"wp:featuredmedia":[{"embeddable":true,"href":"https:\/\/www.europesays.com\/es\/wp-json\/wp\/v2\/media\/175786"}],"wp:attachment":[{"href":"https:\/\/www.europesays.com\/es\/wp-json\/wp\/v2\/media?parent=175785"}],"wp:term":[{"taxonomy":"category","embeddable":true,"href":"https:\/\/www.europesays.com\/es\/wp-json\/wp\/v2\/categories?post=175785"},{"taxonomy":"post_tag","embeddable":true,"href":"https:\/\/www.europesays.com\/es\/wp-json\/wp\/v2\/tags?post=175785"}],"curies":[{"name":"wp","href":"https:\/\/api.w.org\/{rel}","templated":true}]}}