{"id":175793,"date":"2025-10-14T08:52:10","date_gmt":"2025-10-14T08:52:10","guid":{"rendered":"https:\/\/www.europesays.com\/es\/175793\/"},"modified":"2025-10-14T08:52:10","modified_gmt":"2025-10-14T08:52:10","slug":"rascacielos-benidorm-el-rascacielos-residencial-mas-alto-de-europa-tiene-sello-sevillano-64-plantas-y-260-viviendas-en-la-playa-de-benidorm","status":"publish","type":"post","link":"https:\/\/www.europesays.com\/es\/175793\/","title":{"rendered":"RASCACIELOS BENIDORM | El rascacielos residencial m\u00e1s alto de Europa tiene sello sevillano: 64 plantas y 260 viviendas en la playa de Benidorm"},"content":{"rendered":"<p class=\"ft-text\"><strong>El idilio de Benidorm con el <\/strong><a class=\"ft-link ft-link--decoration\" href=\"https:\/\/www.elcorreoweb.es\/tags\/turismo\/\" rel=\"nofollow noopener\" target=\"_blank\"><strong>turismo<\/strong><\/a><strong> viene de lejos<\/strong>. Ya a<strong> finales del siglo XIX<\/strong> se comercializaban paquetes de hasta 12 d\u00edas a precios populares para visitar el municipio alicantino y su skyline est\u00e1 plagado de rascacielos desde que en 1963 se eliminara el l\u00edmite de altura para la construcci\u00f3n de edificio<strong>s. El talento andaluz ha recalado en esta localidad costera con un proyecto ambicioso<\/strong>: el estudio sevillano <strong>Bakpak Architects<\/strong> es el art\u00edfice de<strong> TM Tower,<\/strong> un proyecto que ha sido presentado recientemente con gran expectaci\u00f3n por ostentar\u00bb el r\u00e9cord de ser el edificio residencial m\u00e1s alto de Europa\u00bb.<\/p>\n<p class=\"ft-text\">\u00abSe trata de un proyecto que nace con la intenci\u00f3n de <strong>establecer un nuevo paradigma de torre en el paisaje de <\/strong><a class=\"ft-link ft-link--decoration\" href=\"https:\/\/www.elcorreoweb.es\/tags\/benidorm\/\" rel=\"nofollow noopener\" target=\"_blank\"><strong>Benidorm<\/strong><\/a><strong>.<\/strong> Aunque la ciudad ya cuenta con una larga tradici\u00f3n de edificios en altura, el nuevo rascacielos es diferente, \u00fanico, dise\u00f1ado con la aspiraci\u00f3n de<strong> redefinir el skyline de Benidorm no s\u00f3lo por su altura, sino tambi\u00e9n por su forma org\u00e1nica inspirada en los corales <\/strong>y su tecnolog\u00eda de vanguardia\u00bb, han se\u00f1alado desde el estudio andaluz.<\/p>\n<p>Supera al rascacielos InTempo<\/p>\n<p class=\"ft-text\">El edificio se compone de <strong>cuerpos redondeados que se apilan en altura<\/strong>, creando un conjunto heterog\u00e9neo pero arm\u00f3nico, evocando las formas que encontramos bajo las aguas de la costa. \u00abLas formas redondeadas, pero contenidas, son formalizada<strong>s por las terrazas de las <\/strong><a class=\"ft-link ft-link--decoration\" href=\"https:\/\/www.elcorreoweb.es\/tags\/viviendas\/\" rel=\"nofollow noopener\" target=\"_blank\"><strong>viviendas <\/strong><\/a><strong>que se contraponen geom\u00e9tricamente con las fachadas interiores\u00bb<\/strong>, han subrayado.<\/p>\n<p class=\"ft-text\">Con\u00a0230 metros de altura\u00a0y\u00a064 plantas, \u00abTM Tower se consolidar\u00e1 como el<strong>\u00a0edificio residencial m\u00e1s alto de <\/strong><a class=\"ft-link ft-link--decoration\" href=\"https:\/\/www.elcorreoweb.es\/tags\/europa\/\" rel=\"nofollow noopener\" target=\"_blank\"><strong>Europa<\/strong><\/a><strong>, <\/strong>superando al actual InTempo [tambi\u00e9n en Benidorm] de 202 metros\u00bb. <strong>El proyecto incluye\u00a0260 viviendas de entre 1 y 4 dormitorios, <\/strong>todas ellas a escasos metros de la playa de Poniente, en una localizaci\u00f3n privilegiada.<\/p>\n<p class=\"ft-text\">M\u00e1s all\u00e1 de su envergadura, la torre ha sido concebida como un espacio de vida contempor\u00e1neo, equipado con amplias\u00a0zonas comunes: <strong>piscinas climatizadas, <\/strong><a class=\"ft-link ft-link--decoration\" href=\"https:\/\/www.elcorreoweb.es\/tags\/gimnasio\/\" rel=\"nofollow noopener\" target=\"_blank\"><strong>gimnasio<\/strong><\/a><strong>, sala de cine, espacios deportivos y un\u00a0sky bar en la planta 63, <\/strong>que albergar\u00e1 tambi\u00e9n un\u00a0observatorio astron\u00f3mico\u00a0en colaboraci\u00f3n con el<strong> Mudic (Museo Did\u00e1ctico e Interactivo de Ciencias Jes\u00fas Carnicer).<\/strong><\/p>\n<p class=\"ft-text\">Desde el punto de vista t\u00e9cnico<strong>, la torre contar\u00e1 con una\u00a0estructura de hormig\u00f3n armado de alta rigidez, <\/strong>dise\u00f1ada para garantizar el m\u00e1ximo confort frente a las condiciones de viento. El proyecto ha sido validado en un\u00a0ensayo en t\u00fanel de viento en la<strong> Universidad Polit\u00e9cnica de <\/strong><a class=\"ft-link ft-link--decoration\" href=\"https:\/\/www.elcorreoweb.es\/tags\/madrid\/\" rel=\"nofollow noopener\" target=\"_blank\"><strong>Madrid<\/strong><\/a><strong>, <\/strong>confirmando su estabilidad y seguridad estructural.<\/p>\n<p class=\"ft-text\"><strong>El proyecto se estructura con un sistema que inicia desde el suelo con seis viviendas y dos n\u00facleos de comunicaci\u00f3n por planta<\/strong>, lo que nos permite crear una volumetr\u00eda completamente diferenciada, adem\u00e1s de establecer tipolog\u00edas especiales y terrazas p\u00fablicas en el \u00e1rea de <strong>spa<\/strong>. \u00abCon esta base de secci\u00f3n cambiante, el proyecto cristaliza un concepto que acerca el edificio a un nuevo lenguaje arquitect\u00f3nico que refleja el entorno y su naturaleza\u00bb, ha a\u00f1adido el estudio andaluz.<\/p>\n<p>Inversi\u00f3n de 140 millones<\/p>\n<p class=\"ft-text\"><strong>TM Grupo inmobiliario es la promotora de este proyecto.<\/strong> La construcci\u00f3n de este rascacielos ha supuesto al<strong> <\/strong><strong>holding <\/strong><strong>una inversi\u00f3n de 140 millones de euros <\/strong>y la generaci\u00f3n de miles de empleos directos e indirectos, con un impacto directo en arquitectos, ingenier\u00edas, proveedores y oficios. \u201cTM ha comprometido en Benidorm durante la \u00faltima d\u00e9cada una inversi\u00f3n de m\u00e1s de 400 millones de euros, transformando<strong> esta zona en un referente internacional y haciendo posible que miles de <\/strong><a class=\"ft-link ft-link--decoration\" href=\"https:\/\/www.elcorreoweb.es\/tags\/familias\/\" rel=\"nofollow noopener\" target=\"_blank\"><strong>familias <\/strong><\/a><strong>disfruten de una nueva vida frente al mar\u201d,<\/strong> se\u00f1ala \u00c1ngeles Serna, presidenta de TM Grupo Inmobiliario.<\/p>\n<p class=\"ft-text\">Seg\u00fan la promotora, <strong>las obras de TM Tower ya han comenzado y la<\/strong> <strong>entrega de viviendas est\u00e1 prevista para el \u00faltimo cuatrimestre de 2028. <\/strong>En los primeros d\u00edas, tras su lanzamiento,<strong> <\/strong>el inter\u00e9s medi\u00e1tico y comercial ha sido inmediato y por el momento,<strong> el 25 % de las viviendas ya est\u00e1n reservadas, <\/strong>demostrando as\u00ed que estamos ante uno de los proyectos m\u00e1s exclusivos y reconocidos de Europa en turismo residencial.<\/p>\n<p class=\"ft-text\"><strong>Bakpak Architects <\/strong>cuenta con proyectos internacionales y est\u00e1 ubicado en Sevilla. Sus cinco socios fundadores son andaluces (de Sevilla, <a class=\"ft-link ft-link--decoration\" href=\"https:\/\/www.elcorreoweb.es\/tags\/cadiz\/\" rel=\"nofollow noopener\" target=\"_blank\">C\u00e1diz <\/a>y Huelva):<strong> Jos\u00e9 Mar\u00eda Gonz\u00e1lez Chamorro, Myriam Rego, Borja Navarro, Jos\u00e9 Antonio Pav\u00f3n y Jos\u00e9 de la Pe\u00f1a.<\/strong><\/p>\n","protected":false},"excerpt":{"rendered":"El idilio de Benidorm con el turismo viene de lejos. Ya a finales del siglo XIX se comercializaban&hellip;\n","protected":false},"author":2,"featured_media":175794,"comment_status":"","ping_status":"","sticky":false,"template":"","format":"standard","meta":{"footnotes":""},"categories":[173],"tags":[229,233,231,230,7092,232,234,2308,146,147,25,24,50464,19932,1171,23,50465],"class_list":{"0":"post-175793","1":"post","2":"type-post","3":"status-publish","4":"format-standard","5":"has-post-thumbnail","7":"category-arte-y-diseno","8":"tag-arte","9":"tag-arte-y-diseno","10":"tag-arts","11":"tag-arts-and-design","12":"tag-benidorm","13":"tag-design","14":"tag-diseno","15":"tag-empresas","16":"tag-entertainment","17":"tag-entretenimiento","18":"tag-es","19":"tag-espana","20":"tag-estudio-bakpak","21":"tag-rascacielos","22":"tag-sevilla","23":"tag-spain","24":"tag-tm-tower"},"share_on_mastodon":{"url":"","error":""},"_links":{"self":[{"href":"https:\/\/www.europesays.com\/es\/wp-json\/wp\/v2\/posts\/175793","targetHints":{"allow":["GET"]}}],"collection":[{"href":"https:\/\/www.europesays.com\/es\/wp-json\/wp\/v2\/posts"}],"about":[{"href":"https:\/\/www.europesays.com\/es\/wp-json\/wp\/v2\/types\/post"}],"author":[{"embeddable":true,"href":"https:\/\/www.europesays.com\/es\/wp-json\/wp\/v2\/users\/2"}],"replies":[{"embeddable":true,"href":"https:\/\/www.europesays.com\/es\/wp-json\/wp\/v2\/comments?post=175793"}],"version-history":[{"count":0,"href":"https:\/\/www.europesays.com\/es\/wp-json\/wp\/v2\/posts\/175793\/revisions"}],"wp:featuredmedia":[{"embeddable":true,"href":"https:\/\/www.europesays.com\/es\/wp-json\/wp\/v2\/media\/175794"}],"wp:attachment":[{"href":"https:\/\/www.europesays.com\/es\/wp-json\/wp\/v2\/media?parent=175793"}],"wp:term":[{"taxonomy":"category","embeddable":true,"href":"https:\/\/www.europesays.com\/es\/wp-json\/wp\/v2\/categories?post=175793"},{"taxonomy":"post_tag","embeddable":true,"href":"https:\/\/www.europesays.com\/es\/wp-json\/wp\/v2\/tags?post=175793"}],"curies":[{"name":"wp","href":"https:\/\/api.w.org\/{rel}","templated":true}]}}