{"id":175795,"date":"2025-10-14T08:53:08","date_gmt":"2025-10-14T08:53:08","guid":{"rendered":"https:\/\/www.europesays.com\/es\/175795\/"},"modified":"2025-10-14T08:53:08","modified_gmt":"2025-10-14T08:53:08","slug":"del-genocidio-de-gaza-a-la-crisis-climatica-el-libro-que-te-ayuda-a-entender-el-mundo-de-un-vistazo","status":"publish","type":"post","link":"https:\/\/www.europesays.com\/es\/175795\/","title":{"rendered":"Del genocidio de Gaza a la crisis clim\u00e1tica: el libro que te ayuda a entender el mundo de un vistazo"},"content":{"rendered":"<p><img decoding=\"async\" src=\"https:\/\/www.europesays.com\/es\/wp-content\/uploads\/2025\/10\/1760431988_644_default.jpg\" itemprop=\"image\" width=\"100%\" alt=\"\"\/><\/p>\n<p><b>El Orden Mundial<\/b><\/p>\n<p><b>Editorial: <\/b>Ariel<\/p>\n<p><b>A\u00f1o de publicaci\u00f3n original: <\/b>2025<\/p>\n<p>Que el mundo est\u00e1 cambiando lo sabe cualquiera capaz de mirar por la ventana. <b>El orden que imperaba en el mundo<\/b> a finales del siglo XX, despu\u00e9s de la ca\u00edda del <b><a title=\"Muro de Berl\u00edn\" href=\"https:\/\/www.lasexta.com\/ahoraqueleo\/virales\/guia-berlin-paloma-sanchezgarnica-puerta-brandeburgo-sachsenhausen_2022072762dfe9d5b4b1100001416d2b.html\" target=\"_blank\" rel=\"nofollow noopener\">Muro de Berl\u00edn<\/a><\/b>, se ha desvanecido. La desaparici\u00f3n de <b><a title=\"la Uni\u00f3n Sovi\u00e9tica\" href=\"https:\/\/www.lasexta.com\/ahoraqueleo\/autores-libros\/novela-vicente-valles-que-entender-tension-rusia-occidente-putin-quiere-reparar-caida-union-sovietica_202203236239f02ce2af800001f3de4d.html\" target=\"_blank\" rel=\"nofollow noopener\">la Uni\u00f3n Sovi\u00e9tica<\/a><\/b> y el final de aquel mundo dividido en dos bloques abr\u00eda el camino a un mundo diferente, aunque nadie sab\u00eda a ciencia cierta hacia d\u00f3nde se dirig\u00eda.<\/p>\n<blockquote><p> Tras el 11S, la crisis de 2008 y la pandemia de Covid, el mundo ha quedado marcado por la guerra comercial entre China y EE. UU. <\/p><\/blockquote>\n<p>Ahora, tras <b><a title=\"los atentados del 11S\" href=\"https:\/\/www.lasexta.com\/ahoraqueleo\/autores-libros\/chuck-palahniuk-despues-11s-tuve-que-escribir-libros-mas-ligeros-comicos-que-publicaran_2024022265d619af4129260001ccaf54.html\" target=\"_blank\" rel=\"nofollow noopener\">los atentados del 11S<\/a><\/b>, la <b><a title=\"crisis financiera de 2008\" href=\"https:\/\/www.lasexta.com\/noticias\/economia\/asi-conto-lasexta-quiebra-lehman-brothers-colapso-empresa-que-desato-crisis-economica-mundial-2008_2024091566e65cde3c87870001e02e58.html\" target=\"_blank\" rel=\"nofollow noopener\">crisis financiera de 2008<\/a><\/b> y la <b><a title=\"pandemia de Covid de 2020\" href=\"https:\/\/www.lasexta.com\/ahoraqueleo\/libros\/diario-wuhan-fang-fang_202007235f1f4e096cf6da000152fcf0.html\" target=\"_blank\" rel=\"nofollow noopener\">pandemia de Covid de 2020<\/a><\/b>, el mundo ha quedado claramente marcado por una guerra comercial que enfrenta a China con<b><a title=\" Estados Unidos\" href=\"https:\/\/www.lasexta.com\/ahoraqueleo\/libros\/noam-chomsky-desmonta-gran-mentira-politica-exterior-estados-unidos-nuevo-libro_20250512681df62fe52da91ed53d9c8b.html\" target=\"_blank\" rel=\"nofollow noopener\"> Estados Unidos<\/a><\/b>. O m\u00e1s concretamente, a Occidente con el espacio m\u00e1s poblado de la Tierra, el Sudeste Asi\u00e1tico.<\/p>\n<p>La ca\u00edda del peso espec\u00edfico del petr\u00f3leo, <b><a title=\"el auge de la energ\u00eda nuclear\" href=\"https:\/\/www.lasexta.com\/temas\/energia_nuclear-1\" target=\"_blank\" rel=\"nofollow noopener\">el auge de la energ\u00eda nuclear<\/a><\/b> y de <b>las renovables<\/b>, el comercio de alimentos que cruzan el globo, la importancia de las redes de comunicaci\u00f3n y los <b><a title=\"nuevos conflictos armados\" href=\"https:\/\/www.lasexta.com\/ahoraqueleo\/libros\/vivir-ocupacion-rusa-asi-como-civiles-ucranianos-resisten-cada-dia_2025082168a44ee15331f214bde6bad4.html\" target=\"_blank\" rel=\"nofollow noopener\">nuevos conflictos armados<\/a><\/b> que han surgido a lo largo y ancho de todo el planeta, han construido el actual panorama mundial.<\/p>\n<p>Otra manera de mirar el mundo<\/p>\n<p><b>El Orden Mundial<\/b>, el medio de comunicaci\u00f3n que explica e informa sobre la actualidad geopol\u00edtica del mundo con una visi\u00f3n moderna y objetiva, acaba de lanzar <b>Las fuerzas que mueven el mundo<\/b>: un inspirad\u00edsimo libro en el que hacen un repaso de c\u00f3mo salimos de la Guerra Fr\u00eda y hacia d\u00f3nde nos estamos dirigiendo.<\/p>\n<p>Y lo hacen a trav\u00e9s de <b>mapas e infograf\u00edas<\/b> con las que conocer, de un vistazo, lo m\u00e1s importante en multitud de facetas. Desde los flujos migratorios hasta la carrera espacial. Desde <b>la Nueva Ruta de la Seda <\/b>del comercio chino al choque entre <b>Rusia y la OTAN<\/b>. Desde la cadena del suministro de <b><a title=\"fentanilo en Estados Unidos\" href=\"https:\/\/www.lasexta.com\/noticias\/internacional\/crisis-fentanilo-eeuu-100000-muertes-cuyo-origen-remonta-marketing-farmaceutico-escrupulos-90_2023091265008948d60bc60001c8a088.html\" target=\"_blank\" rel=\"nofollow noopener\">fentanilo en Estados Unidos<\/a><\/b> hasta el nacimiento de los gigantes tecnol\u00f3gicos como <b>Apple<\/b>, <b>Amazon <\/b>o <b><a title=\"Meta\" href=\"https:\/\/www.lasexta.com\/ahoraqueleo\/libros\/facebook-mucho-mas-turbio-que-creias-esta-exdirectiva-censurada-zuckerberg-decidido-contarlo-todo_20250801688b2aa7233a9d1be67f49c4.html\" target=\"_blank\" rel=\"nofollow noopener\">Meta<\/a><\/b>.<\/p>\n<blockquote><p> Todo est\u00e1 explicado con im\u00e1genes f\u00e1ciles de entender, acompa\u00f1adas de textos breves que resumen el tema <\/p><\/blockquote>\n<p>Todo est\u00e1 explicado con im\u00e1genes f\u00e1ciles de entender, acompa\u00f1adas adem\u00e1s de textos breves que resumen el tema analizado y lo presentan en su contexto l\u00f3gico. As\u00ed, podemos conocer no solo por d\u00f3nde van las arterias por las que discurre <b>el flujo de las telecomunicaciones<\/b>, sino tambi\u00e9n d\u00f3nde est\u00e1n las ultrarr\u00e1pidas y alucinar con el dato de que ya hay <b>m\u00e1s de un mill\u00f3n y medio de kil\u00f3metros de cable<\/b> de telecomunicaciones instalado en el fondo marino. Suficiente como para rodear el Sol.<\/p>\n<p>Adem\u00e1s, cada uno de los ep\u00edgrafes generales en los que se divide el libro \u2014\u00bfC\u00f3mo est\u00e1 cambiando el mundo?; 1989, el principio de una nueva era; El pulso de la econom\u00eda global; y Geopol\u00edtica y conflictos\u2014 as\u00ed como los subep\u00edgrafes que contienen, cuentan con <b>un texto final a modo de conclusi\u00f3n<\/b>, ameno, sencillo y conciso, donde los expertos de <b>El Orden Mundial<\/b> analizan cada uno de los temas tratados y explicados en los mapas.<\/p>\n<p>Manual de consulta<\/p>\n<p>Las fuerzas que mueven el mundo es, por tanto, casi un libro de texto de una <b>hipot\u00e9tica asignatura llamada Historia Actual<\/b>. Un manual de instrucciones de uso de un planeta que gira a toda velocidad alrededor del sol en un viaje sin aparente sentido, poblado por una humanidad empe\u00f1ada en hacer las cosas mal, cargando cada vez m\u00e1s al mundo de <b><a title=\"gases de efecto invernadero\" href=\"https:\/\/www.lasexta.com\/ahoraqueleo\/virales\/estas-tres-empresas-van-seguir-arrasando-planeta-mientras-vas-bici-comes-menos-carne_2024031565f4355ddac831000171dbed.html\" target=\"_blank\" rel=\"nofollow noopener\">gases de efecto invernadero<\/a><\/b> \u2014y de un vistazo podremos saber qui\u00e9nes son los grandes culpables de este cambio clim\u00e1tico.<\/p>\n<blockquote><p> &#8216;Las fuerzas que mueven el mundo&#8217; sirve para conocer temas que, de otro modo, ser\u00edan dif\u00edciles de entender <\/p><\/blockquote>\n<p>Un volumen que se puede leer del tir\u00f3n, para entender cada uno de los aspectos que hacen que el mundo sea como es y ponerlo en contexto con cada uno de ellos, como la relaci\u00f3n existente entre <b><a title=\"la conquista de los territorios polares\" href=\"https:\/\/www.lasexta.com\/ahoraqueleo\/autores-libros\/antartida-hay-investigadores-magnificos-pero-mileuristas_202008285f4ac3ed5046570001b68edd.html\" target=\"_blank\" rel=\"nofollow noopener\">la conquista de los territorios polares<\/a><\/b> y el control de la extracci\u00f3n de gases y petr\u00f3leo mundial.<\/p>\n<p>O tambi\u00e9n se puede leer como libro de consulta, para conocer en profundidad temas que, de otro modo, ser\u00edan dif\u00edciles de entender, como <b>la geopol\u00edtica de Oriente Pr\u00f3ximo<\/b>, la competici\u00f3n por el <b>oc\u00e9ano \u00cdndico<\/b> que est\u00e1n protagonizando China y la India o el peligro inminente que acecha al gran coraz\u00f3n verde del planeta, <b><a title=\"el Amazonas\" href=\"https:\/\/www.lasexta.com\/ahoraqueleo\/libros\/caida-cielo-suenos-memorias-chaman-que-lucha-destruccion-amazonas_2024030165df710329d814000162a2e2.html\" target=\"_blank\" rel=\"nofollow noopener\">el Amazonas<\/a><\/b>.<\/p>\n<p>Sigue el <b><a title=\"canal de Ahora Qu\u00e9 Leo en WhatsApp\" href=\"https:\/\/whatsapp.com\/channel\/0029VaRsQjkFsn0ZyeLlFd3n\" target=\"_blank\" rel=\"nofollow noopener\">canal de Ahora Qu\u00e9 Leo en WhatsApp<\/a><\/b> para estar al tanto de todas nuestras rese\u00f1as, reportajes y entrevistas.<\/p>\n","protected":false},"excerpt":{"rendered":"El Orden Mundial Editorial: Ariel A\u00f1o de publicaci\u00f3n original: 2025 Que el mundo est\u00e1 cambiando lo sabe cualquiera&hellip;\n","protected":false},"author":2,"featured_media":175796,"comment_status":"","ping_status":"","sticky":false,"template":"","format":"standard","meta":{"footnotes":""},"categories":[172],"tags":[224,146,147,25,24,225,23],"class_list":{"0":"post-175795","1":"post","2":"type-post","3":"status-publish","4":"format-standard","5":"has-post-thumbnail","7":"category-libros","8":"tag-books","9":"tag-entertainment","10":"tag-entretenimiento","11":"tag-es","12":"tag-espana","13":"tag-libros","14":"tag-spain"},"share_on_mastodon":{"url":"","error":""},"_links":{"self":[{"href":"https:\/\/www.europesays.com\/es\/wp-json\/wp\/v2\/posts\/175795","targetHints":{"allow":["GET"]}}],"collection":[{"href":"https:\/\/www.europesays.com\/es\/wp-json\/wp\/v2\/posts"}],"about":[{"href":"https:\/\/www.europesays.com\/es\/wp-json\/wp\/v2\/types\/post"}],"author":[{"embeddable":true,"href":"https:\/\/www.europesays.com\/es\/wp-json\/wp\/v2\/users\/2"}],"replies":[{"embeddable":true,"href":"https:\/\/www.europesays.com\/es\/wp-json\/wp\/v2\/comments?post=175795"}],"version-history":[{"count":0,"href":"https:\/\/www.europesays.com\/es\/wp-json\/wp\/v2\/posts\/175795\/revisions"}],"wp:featuredmedia":[{"embeddable":true,"href":"https:\/\/www.europesays.com\/es\/wp-json\/wp\/v2\/media\/175796"}],"wp:attachment":[{"href":"https:\/\/www.europesays.com\/es\/wp-json\/wp\/v2\/media?parent=175795"}],"wp:term":[{"taxonomy":"category","embeddable":true,"href":"https:\/\/www.europesays.com\/es\/wp-json\/wp\/v2\/categories?post=175795"},{"taxonomy":"post_tag","embeddable":true,"href":"https:\/\/www.europesays.com\/es\/wp-json\/wp\/v2\/tags?post=175795"}],"curies":[{"name":"wp","href":"https:\/\/api.w.org\/{rel}","templated":true}]}}