{"id":175797,"date":"2025-10-14T08:54:08","date_gmt":"2025-10-14T08:54:08","guid":{"rendered":"https:\/\/www.europesays.com\/es\/175797\/"},"modified":"2025-10-14T08:54:08","modified_gmt":"2025-10-14T08:54:08","slug":"doble-expulsion-de-peso-en-masterchef-celebrity-10-reconozco-que-lo-he-hecho-fatal-television","status":"publish","type":"post","link":"https:\/\/www.europesays.com\/es\/175797\/","title":{"rendered":"Doble expulsi\u00f3n de peso en \u2018MasterChef Celebrity 10\u2019: \u201cReconozco que lo he hecho fatal\u201d | Televisi\u00f3n"},"content":{"rendered":"<p class=\"\">\u201cCre\u00ed que este momento lo iba a vivir con m\u00e1s pena y no porque reconozco que lo he hecho fatal. Tengo que salir, pero voy a salir por la puerta grande\u201d, dijo Rosa Benito en su despedida conjunta con Alejo Sauras. Y es que este lunes ha habido doble expulsi\u00f3n en <a href=\"https:\/\/elpais.com\/noticias\/masterchef\/\" target=\"_self\" rel=\"nofollow noopener\" title=\"https:\/\/elpais.com\/noticias\/masterchef\/\">MasterChef Celebrity 10<\/a>: \u00abEl aspirante que no contin\u00faa es Rosa&#8230; \u00a1y Alejo!\u201d. Ambos se enfrentaron a un reto basado en cocinar alb\u00f3ndigas de diferentes pa\u00edses junto a Juanjo, Parada y Soraya y la cosa no fue bien para ninguno de los dos. \u201cRosa y Alejo. Vuestras alb\u00f3ndigas no estaban a la altura\u201d, insisti\u00f3 el jurado. <\/p>\n<p class=\"\">\u201cMe llevo lo bien que me lo he pasado, lo mucho que he disfrutado. Mis compa\u00f1eros me dicen que sufro y que me pongo muy nervioso y no, yo lo paso bien y vivir las emociones es lo que nos hace sentir que estamos vivos, as\u00ed que yo de aqu\u00ed me llevo una experiencia inolvidable\u201d, agreg\u00f3 el actor ante Pepe Rodr\u00edguez justo antes de abandonar el programa. <\/p>\n<p class=\"\">\u201cHe tenido una relaci\u00f3n distinta con cada uno y a todos les tengo mucho cari\u00f1o\u201d, insisti\u00f3 Sauras sobre sus compa\u00f1eros. Sobre qui\u00e9n creen que ganar\u00e1, Benito asegur\u00f3 que Maril\u00f3 Montero y Miguel ser\u00edan los finalistas. A este \u00faltimo le dedic\u00f3 un mensaje especial: \u201cQu\u00e9 no te importe que te digamos lo maravilloso que eres y lo buen compa\u00f1ero que eres, te quiero, os quiero a todos\u201d. <\/p>\n<p class=\"\">Mientras, Sauras apost\u00f3 por \u00e9l mismo con humor: \u201cSi no hubiese cometido este fallo iba a ganar yo. No siendo yo, imagino que ganar\u00e1 Miguel, porque es la persona que mejor preparada est\u00e1. Para \u00e9l la cocina no solo es un placer, es un modo de vida. \u00c9l tiene una prioridad enorme en su vida, su hijo, y lo m\u00e1s importante que hay es darle de comer a \u00e9l.\u201d Aunque por el v\u00ednculo creado en el programa, tambi\u00e9n mencion\u00f3 a Soraya Arnelas y a Valeria Ros como posibles finalistas.<\/p>\n<p class=\"\">Con estas dos eliminaciones, ya solo quedan ocho aspirantes a ganar el concurso: Jos\u00e9 Manuel Parada, Juanjo Bona, Mala Rodr\u00edguez, Maril\u00f3 Montero, Miguel, Soraya Arnelas, Torito y Valeria Ros. <a href=\"https:\/\/elpais.com\/television\/2025-10-07\/el-menu-mas-completo-de-masterchef-celebrity-expulsion-repesca-y-un-abandono-por-golpe-de-calor.html\" target=\"_self\" rel=\"nofollow noopener\" title=\"https:\/\/elpais.com\/television\/2025-10-07\/el-menu-mas-completo-de-masterchef-celebrity-expulsion-repesca-y-un-abandono-por-golpe-de-calor.html\">Precisamente Arnelas fue repescada en el anterior programa<\/a>, que vivi\u00f3 una de las expulsiones m\u00e1s emocionantes de la temporada con la salida del humorista David Amor. <\/p>\n","protected":false},"excerpt":{"rendered":"\u201cCre\u00ed que este momento lo iba a vivir con m\u00e1s pena y no porque reconozco que lo he&hellip;\n","protected":false},"author":2,"featured_media":175798,"comment_status":"","ping_status":"","sticky":false,"template":"","format":"standard","meta":{"footnotes":""},"categories":[171],"tags":[50466,146,147,25,24,256,15297,35749,518,23,807,214,3156],"class_list":{"0":"post-175797","1":"post","2":"type-post","3":"status-publish","4":"format-standard","5":"has-post-thumbnail","7":"category-tv","8":"tag-alejo-sauras","9":"tag-entertainment","10":"tag-entretenimiento","11":"tag-es","12":"tag-espana","13":"tag-famosos","14":"tag-masterchef","15":"tag-programa-television","16":"tag-rtve","17":"tag-spain","18":"tag-television","19":"tag-tv","20":"tag-tve"},"share_on_mastodon":{"url":"","error":""},"_links":{"self":[{"href":"https:\/\/www.europesays.com\/es\/wp-json\/wp\/v2\/posts\/175797","targetHints":{"allow":["GET"]}}],"collection":[{"href":"https:\/\/www.europesays.com\/es\/wp-json\/wp\/v2\/posts"}],"about":[{"href":"https:\/\/www.europesays.com\/es\/wp-json\/wp\/v2\/types\/post"}],"author":[{"embeddable":true,"href":"https:\/\/www.europesays.com\/es\/wp-json\/wp\/v2\/users\/2"}],"replies":[{"embeddable":true,"href":"https:\/\/www.europesays.com\/es\/wp-json\/wp\/v2\/comments?post=175797"}],"version-history":[{"count":0,"href":"https:\/\/www.europesays.com\/es\/wp-json\/wp\/v2\/posts\/175797\/revisions"}],"wp:featuredmedia":[{"embeddable":true,"href":"https:\/\/www.europesays.com\/es\/wp-json\/wp\/v2\/media\/175798"}],"wp:attachment":[{"href":"https:\/\/www.europesays.com\/es\/wp-json\/wp\/v2\/media?parent=175797"}],"wp:term":[{"taxonomy":"category","embeddable":true,"href":"https:\/\/www.europesays.com\/es\/wp-json\/wp\/v2\/categories?post=175797"},{"taxonomy":"post_tag","embeddable":true,"href":"https:\/\/www.europesays.com\/es\/wp-json\/wp\/v2\/tags?post=175797"}],"curies":[{"name":"wp","href":"https:\/\/api.w.org\/{rel}","templated":true}]}}