{"id":175799,"date":"2025-10-14T08:55:28","date_gmt":"2025-10-14T08:55:28","guid":{"rendered":"https:\/\/www.europesays.com\/es\/175799\/"},"modified":"2025-10-14T08:55:28","modified_gmt":"2025-10-14T08:55:28","slug":"taylor-swift-causa-controversia-por-similitudes-con-tema-del-sol","status":"publish","type":"post","link":"https:\/\/www.europesays.com\/es\/175799\/","title":{"rendered":"Taylor Swift causa controversia por similitudes con tema del \u00abSol\u00bb"},"content":{"rendered":"<p class=\"mb-4 text-lg md:leading-8 break-words\">CIUDAD DE M\u00c9XICO, octubre 6 (EL UNIVERSAL).- El lanzamiento del nuevo disco de Taylor Swift, \u00abThe Life Of a Showgirl\u00bb fue todo un suceso internacional, pero una de sus canciones entr\u00f3 en controversia por su parecido nada m\u00e1s ni nada menos que con uno de los grandes \u00e9xitos de Luis Miguel.<\/p>\n<p class=\"mb-4 text-lg md:leading-8 break-words\">Dos polos distintos y en generaciones opuestas, pero el pol\u00e9mico tema abri\u00f3 el acalorado debate en las redes sociales, y es que varios usuarios dieron cuenta de que el sencillo \u00abOpalite\u00bb de la estadounidense presenta en la melod\u00eda similitudes con \u00abDos enamorados\u00bb, que \u00abEl Sol\u00bb hizo \u00e9xito por el a\u00f1o de 1982.<\/p>\n<p class=\"mb-4 text-lg md:leading-8 break-words\">Hay quienes llaman \u00abcoincidencias\u00bb en la canci\u00f3n de la rubia estrella, hay otros que en la cuenta social X se atreven a hablar de \u00abplagio\u00bb. Es de mencionar que la canci\u00f3n hispanoparlante no tiene una \u00fanica versi\u00f3n.<\/p>\n<p class=\"mb-4 text-lg md:leading-8 break-words\">La m\u00e1s conocida fue \u00e9xito en voz del hijo de Luisito Rey, en ese mismo a\u00f1o tambi\u00e9n fue lanzado en Espa\u00f1a por el int\u00e9rprete Pedro Mar\u00edn.<\/p>\n<p class=\"mb-4 text-lg md:leading-8 break-words\">Sin embargo, la melod\u00eda en voz de aquel ni\u00f1o fue quien termin\u00f3 acaparando las m\u00e1s importantes listas de radio a nivel Latinoam\u00e9rica.<\/p>\n<p class=\"mb-4 text-lg md:leading-8 break-words\">En lo que s\u00ed coinciden los usuarios que compararon los temas de Swift y Luis Miguel es que el ritmo, la instrumentaci\u00f3n y la atm\u00f3sfera de \u00abOpalite\u00bb son comparables a la de \u00abDos enamorados\u00bb y tanto en X como TikTok se compararon ambas canciones.<\/p>\n<p class=\"mb-4 text-lg md:leading-8 break-words\">Lo que cambia es la letra del sencillo de Taylor, ya que en el lanzamiento de \u00abOpalite\u00bb se explica que esta narra \u00abun camino hacia el amor duradero tras un desamor, un tema que resuena con su historial de relaciones de alto perfil\u00bb.<\/p>\n","protected":false},"excerpt":{"rendered":"CIUDAD DE M\u00c9XICO, octubre 6 (EL UNIVERSAL).- El lanzamiento del nuevo disco de Taylor Swift, \u00abThe Life Of&hellip;\n","protected":false},"author":2,"featured_media":66,"comment_status":"","ping_status":"","sticky":false,"template":"","format":"standard","meta":{"footnotes":""},"categories":[170],"tags":[146,147,25,24,21163,50467,184,185,23,3945],"class_list":{"0":"post-175799","1":"post","2":"type-post","3":"status-publish","4":"format-standard","5":"has-post-thumbnail","7":"category-musica","8":"tag-entertainment","9":"tag-entretenimiento","10":"tag-es","11":"tag-espana","12":"tag-luis-miguel","13":"tag-luisito-rey","14":"tag-music","15":"tag-musica","16":"tag-spain","17":"tag-taylor-swift"},"share_on_mastodon":{"url":"","error":""},"_links":{"self":[{"href":"https:\/\/www.europesays.com\/es\/wp-json\/wp\/v2\/posts\/175799","targetHints":{"allow":["GET"]}}],"collection":[{"href":"https:\/\/www.europesays.com\/es\/wp-json\/wp\/v2\/posts"}],"about":[{"href":"https:\/\/www.europesays.com\/es\/wp-json\/wp\/v2\/types\/post"}],"author":[{"embeddable":true,"href":"https:\/\/www.europesays.com\/es\/wp-json\/wp\/v2\/users\/2"}],"replies":[{"embeddable":true,"href":"https:\/\/www.europesays.com\/es\/wp-json\/wp\/v2\/comments?post=175799"}],"version-history":[{"count":0,"href":"https:\/\/www.europesays.com\/es\/wp-json\/wp\/v2\/posts\/175799\/revisions"}],"wp:featuredmedia":[{"embeddable":true,"href":"https:\/\/www.europesays.com\/es\/wp-json\/wp\/v2\/media\/66"}],"wp:attachment":[{"href":"https:\/\/www.europesays.com\/es\/wp-json\/wp\/v2\/media?parent=175799"}],"wp:term":[{"taxonomy":"category","embeddable":true,"href":"https:\/\/www.europesays.com\/es\/wp-json\/wp\/v2\/categories?post=175799"},{"taxonomy":"post_tag","embeddable":true,"href":"https:\/\/www.europesays.com\/es\/wp-json\/wp\/v2\/tags?post=175799"}],"curies":[{"name":"wp","href":"https:\/\/api.w.org\/{rel}","templated":true}]}}