{"id":175811,"date":"2025-10-14T09:02:07","date_gmt":"2025-10-14T09:02:07","guid":{"rendered":"https:\/\/www.europesays.com\/es\/175811\/"},"modified":"2025-10-14T09:02:07","modified_gmt":"2025-10-14T09:02:07","slug":"israel-acusa-a-hamas-de-violar-el-acuerdo-con-la-entrega-de-solo-cuatro-cadaveres","status":"publish","type":"post","link":"https:\/\/www.europesays.com\/es\/175811\/","title":{"rendered":"Israel acusa a Ham\u00e1s de violar el acuerdo con la entrega de solo cuatro cad\u00e1veres"},"content":{"rendered":"<p>El <a href=\"https:\/\/theobjective.com\/etiqueta\/israel\/\" rel=\"nofollow noopener\" target=\"_blank\">ministro israel\u00ed de Defensa<\/a>, Israel Katz, ha acusado este lunes a Ham\u00e1s de incumplir el acuerdo de paz al haber <strong>confirmado tan solo la entrega por el momento de los restos mortales de cuatro de los 28 cad\u00e1veres<\/strong> que contin\u00faan bajo su poder.<\/p>\n<p>\u00abEl anuncio de Ham\u00e1s sobre el esperado regreso de cuatro cad\u00e1veres hoy <strong>es un incumplimiento de los compromisos<\/strong>\u00bb, ha dicho el ministro en su cuenta de X, desde donde ha advertido de \u00abcualquier retraso u omisi\u00f3n intencionado <strong>ser\u00e1 considerado una violaci\u00f3n flagrante del acuerdo<\/strong> y ser\u00e1 respondida en consecuencia\u00bb.<\/p>\n<p>\u00abLa tarea urgente en la que estamos todos comprometidos<strong> es garantizar el regreso a casa de todos los rehenes fallecidos<\/strong>\u00bb, ha escrito Katz, en l\u00ednea con la denuncia de los familiares, quienes han advertido a lo largo del lunes de que la entrega de un n\u00famero tan reducido de cad\u00e1veres era un <strong>\u00abviolaci\u00f3n flagrante\u00bb<\/strong> del acuerdo.<\/p>\n<p>Las Brigadas Ezeld\u00edn al Qasam, el brazo armado de Ham\u00e1s, <strong>han confirmado este lunes las identidades<\/strong> de los cuatro cuerpos sin vida que ser\u00e1n entregados al Comit\u00e9 Internacional de la Cruz Roja (CICR), que se ha desplazado ya hasta el sur de Gaza, en donde tendr\u00e1 lugar la devoluci\u00f3n de estos cuatro cad\u00e1veres.<\/p>\n<p>El grupo terrorista ha informado en un comunicado, en el que no da detalles sobre el momento y el lugar en el que tendr\u00e1 lugar la entrega, de que los cad\u00e1veres en ser devueltos <strong>son los de Guy Illouz, Yossi Sharabi, Bipin Joshi y Daniel P\u00e9rez<\/strong>, este \u00faltimo comandante del Ej\u00e9rcito israel\u00ed, muerto durante el 7 de octubre.<a href=\"https:\/\/theobjective.com\/internacional\/2025-10-13\/israel-hamas-acuerdo-entrega-cadaveres\/javascript:AbrePopUp(\" rel=\"nofollow noopener\" target=\"_blank\"><\/p>\n","protected":false},"excerpt":{"rendered":"El ministro israel\u00ed de Defensa, Israel Katz, ha acusado este lunes a Ham\u00e1s de incumplir el acuerdo de&hellip;\n","protected":false},"author":2,"featured_media":175812,"comment_status":"","ping_status":"","sticky":false,"template":"","format":"standard","meta":{"footnotes":""},"categories":[42],"tags":[17,18,50468,13,14,50444,11,61,62,63,64,74,19,20,9,10,15,16,12651,12,21,22,65,66,67],"class_list":{"0":"post-175811","1":"post","2":"type-post","3":"status-publish","4":"format-standard","5":"has-post-thumbnail","7":"category-internacional","8":"tag-breaking-news","9":"tag-breakingnews","10":"tag-cadu00e1veres","11":"tag-featured-news","12":"tag-featurednews","13":"tag-hamu00e1s","14":"tag-headlines","15":"tag-internacional","16":"tag-international","17":"tag-international-news","18":"tag-internationalnews","19":"tag-israel","20":"tag-latest-news","21":"tag-latestnews","22":"tag-news","23":"tag-noticias","24":"tag-noticias-destacadas","25":"tag-noticiasdestacadas","26":"tag-rehenes","27":"tag-titulares","28":"tag-ultimas-noticias","29":"tag-ultimasnoticias","30":"tag-world","31":"tag-world-news","32":"tag-worldnews"},"share_on_mastodon":{"url":"","error":""},"_links":{"self":[{"href":"https:\/\/www.europesays.com\/es\/wp-json\/wp\/v2\/posts\/175811","targetHints":{"allow":["GET"]}}],"collection":[{"href":"https:\/\/www.europesays.com\/es\/wp-json\/wp\/v2\/posts"}],"about":[{"href":"https:\/\/www.europesays.com\/es\/wp-json\/wp\/v2\/types\/post"}],"author":[{"embeddable":true,"href":"https:\/\/www.europesays.com\/es\/wp-json\/wp\/v2\/users\/2"}],"replies":[{"embeddable":true,"href":"https:\/\/www.europesays.com\/es\/wp-json\/wp\/v2\/comments?post=175811"}],"version-history":[{"count":0,"href":"https:\/\/www.europesays.com\/es\/wp-json\/wp\/v2\/posts\/175811\/revisions"}],"wp:featuredmedia":[{"embeddable":true,"href":"https:\/\/www.europesays.com\/es\/wp-json\/wp\/v2\/media\/175812"}],"wp:attachment":[{"href":"https:\/\/www.europesays.com\/es\/wp-json\/wp\/v2\/media?parent=175811"}],"wp:term":[{"taxonomy":"category","embeddable":true,"href":"https:\/\/www.europesays.com\/es\/wp-json\/wp\/v2\/categories?post=175811"},{"taxonomy":"post_tag","embeddable":true,"href":"https:\/\/www.europesays.com\/es\/wp-json\/wp\/v2\/tags?post=175811"}],"curies":[{"name":"wp","href":"https:\/\/api.w.org\/{rel}","templated":true}]}}