{"id":175819,"date":"2025-10-14T09:06:19","date_gmt":"2025-10-14T09:06:19","guid":{"rendered":"https:\/\/www.europesays.com\/es\/175819\/"},"modified":"2025-10-14T09:06:19","modified_gmt":"2025-10-14T09:06:19","slug":"sergio-galan-y-diego-ventura-cierran-con-una-puerta-grande-la-feria-del-pilar-2025","status":"publish","type":"post","link":"https:\/\/www.europesays.com\/es\/175819\/","title":{"rendered":"Sergio Gal\u00e1n y Diego Ventura cierran con una puerta grande la Feria del Pilar 2025"},"content":{"rendered":"<p>            <a href=\"https:\/\/www.lascosasdeltoro.com\/wp-content\/uploads\/2025\/10\/Sergio-Galan-y-Diego-Ventura-cierran-con-una-puerta-grande-la-Feria-del-Pilar-2025.jpg\" data-caption=\"\" rel=\"nofollow noopener\" target=\"_blank\"><img loading=\"lazy\" decoding=\"async\" width=\"696\" height=\"464\" class=\"entry-thumb td-modal-image\" src=\"https:\/\/www.europesays.com\/es\/wp-content\/uploads\/2025\/10\/Sergio-Galan-y-Diego-Ventura-cierran-con-una-puerta-grande-la-Feria-del-Pilar-2025-696x464.jpg\"   alt=\"\" title=\"Sergio Gal\u00e1n y Diego Ventura cierran con una puerta grande la Feria del Pilar 2025\"\/><\/a><\/p>\n<p>Destacaron en la \u00faltima de abono de la Feria del Pilar 2025 los rejoneadores\u00a0<strong>Sergio Gal\u00e1n<\/strong>\u00a0y\u00a0<strong>Diego Ventura<\/strong>\u00a0cerrando el ferial con una puerta grande m\u00e1s que merecida. Fue Sergio Gal\u00e1n, quien en su primero toc\u00f3 las dos orejas de uno de S\u00e1nchez y S\u00e1nchez con el que el rejoneador se gust\u00f3 tanto en banderillas, como a final de faena. Con el segundo de su lote, no estuvo tan acertado con los aceros en el cuarto y malogr\u00f3 la faena que podr\u00eda haberle costado otro trofeo.<\/p>\n<p>Diego Ventura, por otro lado, acompa\u00f1\u00f3 a Sergio Gal\u00e1n por la puerta grande cuando le cort\u00f3 dos orejas al segundo de su lote de nombre \u201cMonta\u00f1ero\u201d. Fue durante esta faena en la que\u00a0<strong>Diego Ventura<\/strong>\u00a0dej\u00f3 buenos arrimones con los rejones de castigo, poniendo en tensi\u00f3n a los tendidos. Fue con las banderillas con lo que m\u00e1s se luci\u00f3 y cerr\u00f3 la faena sin cabezada y con un estoconazo al quinto de la tarde. En el primero, fue ovacionado al tener que darle uso al descabello.<\/p>\n<p><strong>Lea Vicens<\/strong>\u00a0fue ovacionada en el cierraplaza, con el cual dej\u00f3 buenos rejones de castigo y unos llamativos arrimones en el tercio de banderillas. Fue en el primero de su lote con el que pudo haber hecho m\u00e1s, pero malogr\u00f3 la faena con los aceros.<\/p>\n<p>Ficha del festejo:<\/p>\n<p>Lunes 13 de octubre. Corrida de rejones. D\u00e9cima de abono.<\/p>\n<p>Toros de\u00a0<strong>S\u00e1nchez y S\u00e1nchez.<\/strong><\/p>\n<p><strong>Sergio Gal\u00e1n:<\/strong>\u00a0dos orejas y ovaci\u00f3n.<\/p>\n<p><strong>Diego Ventura:<\/strong>\u00a0ovaci\u00f3n y dos orejas.<\/p>\n<p><strong>Lea Vicens:<\/strong>\u00a0silencio y ovaci\u00f3n tras dos avisos.<\/p>\n<p><a href=\"#\"><img decoding=\"async\" src=\"https:\/\/www.lascosasdeltoro.com\/wp-content\/uploads\/2016\/10\/rec728.jpg\"\/><\/a>        <\/p>\n","protected":false},"excerpt":{"rendered":"Destacaron en la \u00faltima de abono de la Feria del Pilar 2025 los rejoneadores\u00a0Sergio Gal\u00e1n\u00a0y\u00a0Diego Ventura\u00a0cerrando el ferial&hellip;\n","protected":false},"author":2,"featured_media":175820,"comment_status":"","ping_status":"","sticky":false,"template":"","format":"standard","meta":{"footnotes":""},"categories":[277],"tags":[373,168,25,24,23,167,374],"class_list":{"0":"post-175819","1":"post","2":"type-post","3":"status-publish","4":"format-standard","5":"has-post-thumbnail","7":"category-toreo","8":"tag-bullfighting","9":"tag-deportes","10":"tag-es","11":"tag-espana","12":"tag-spain","13":"tag-sports","14":"tag-toreo"},"share_on_mastodon":{"url":"","error":""},"_links":{"self":[{"href":"https:\/\/www.europesays.com\/es\/wp-json\/wp\/v2\/posts\/175819","targetHints":{"allow":["GET"]}}],"collection":[{"href":"https:\/\/www.europesays.com\/es\/wp-json\/wp\/v2\/posts"}],"about":[{"href":"https:\/\/www.europesays.com\/es\/wp-json\/wp\/v2\/types\/post"}],"author":[{"embeddable":true,"href":"https:\/\/www.europesays.com\/es\/wp-json\/wp\/v2\/users\/2"}],"replies":[{"embeddable":true,"href":"https:\/\/www.europesays.com\/es\/wp-json\/wp\/v2\/comments?post=175819"}],"version-history":[{"count":0,"href":"https:\/\/www.europesays.com\/es\/wp-json\/wp\/v2\/posts\/175819\/revisions"}],"wp:featuredmedia":[{"embeddable":true,"href":"https:\/\/www.europesays.com\/es\/wp-json\/wp\/v2\/media\/175820"}],"wp:attachment":[{"href":"https:\/\/www.europesays.com\/es\/wp-json\/wp\/v2\/media?parent=175819"}],"wp:term":[{"taxonomy":"category","embeddable":true,"href":"https:\/\/www.europesays.com\/es\/wp-json\/wp\/v2\/categories?post=175819"},{"taxonomy":"post_tag","embeddable":true,"href":"https:\/\/www.europesays.com\/es\/wp-json\/wp\/v2\/tags?post=175819"}],"curies":[{"name":"wp","href":"https:\/\/api.w.org\/{rel}","templated":true}]}}