{"id":175823,"date":"2025-10-14T09:11:18","date_gmt":"2025-10-14T09:11:18","guid":{"rendered":"https:\/\/www.europesays.com\/es\/175823\/"},"modified":"2025-10-14T09:11:18","modified_gmt":"2025-10-14T09:11:18","slug":"la-pregunta-de-la-semana-te-gusta-el-formato-sprint-en-la-f1","status":"publish","type":"post","link":"https:\/\/www.europesays.com\/es\/175823\/","title":{"rendered":"La pregunta de la semana: \u00bfTe gusta el formato sprint en la F1?"},"content":{"rendered":"<p class=\"gt-block\">La Pregunta Semanal regresa con una nueva edici\u00f3n. Cada semana, tienes la oportunidad de responder una pregunta sobre un evento ocurrido el fin de semana anterior o que podr\u00eda ocurrir el pr\u00f3ximo.\u00a0<a title=\"F1\" href=\"https:\/\/es.autohebdo.fr\/noticias\/f1\" data-internallinksmanager029f6b8e52c=\"1\" rel=\"nofollow noopener\" target=\"_blank\">F1<\/a>,\u00a0<a title=\"MotoGP\" href=\"https:\/\/es.autohebdo.fr\/noticias\/MotoGP\" data-internallinksmanager029f6b8e52c=\"4\" rel=\"nofollow noopener\" target=\"_blank\">MotoGP<\/a>,\u00a0<a title=\"Rallye\" href=\"https:\/\/es.autohebdo.fr\/noticias\/manifestaci%C3%B3n\" data-internallinksmanager029f6b8e52c=\"52\" rel=\"nofollow noopener\" target=\"_blank\">Rallye<\/a>,\u00a0<a title=\"Raid\" href=\"https:\/\/es.autohebdo.fr\/noticias\/-resistencia%2C\" data-internallinksmanager029f6b8e52c=\"55\" rel=\"nofollow noopener\" target=\"_blank\">Raid<\/a>,\u00a0<a title=\"Indycar\" href=\"https:\/\/es.autohebdo.fr\/noticias\/coche\/indycar\" data-internallinksmanager029f6b8e52c=\"3\" rel=\"nofollow noopener\" target=\"_blank\">IndyCar<\/a>GT\u2026 estar\u00e1n presentes todas las disciplinas. Esta semana, el <a href=\"https:\/\/es.autohebdo.fr\/noticias\/f1\" data-internallinksmanager029f6b8e52c=\"1\" title=\"F1\" rel=\"nofollow noopener\" target=\"_blank\">f\u00f3rmula 1<\/a> Regresa a Austin para el Gran Premio de Estados Unidos. En el Circuito de las Am\u00e9ricas, los 20 pilotos inscritos tendr\u00e1n la oportunidad de expresarse en medio de un fin de semana de sprint, marcado por una \u00fanica sesi\u00f3n de entrenamientos libres antes de una serie de numerosas sesiones, todas ellas puntuables para la clasificaci\u00f3n.<\/p>\n<p>Este a\u00f1o, la F1 ya ha visto tres fines de semana organizados de esta manera. En Shangh\u00e1i, Miami y Spa-Francorchamps, los equipos tuvieron que adaptar su flujo de trabajo para ser lo m\u00e1s competitivos posible desde la primera sesi\u00f3n de clasificaci\u00f3n, permitiendo a los pilotos controlar el orden de la parrilla de salida para el Sprint. En este caso, este evento \u00fanico podr\u00eda, en el futuro, convertirse en una costumbre permanente, ya que Stefano Domenicali ha sugerido repetidamente que cada vez m\u00e1s Grandes Premios podr\u00edan verse afectados r\u00e1pidamente por esta organizaci\u00f3n. Parrillas invertidas y la generalizaci\u00f3n del formato: estas son las ideas propuestas para desarrollar esta idea en el mundo de la F\u00f3rmula 1.<\/p>\n<p>Cargando &#8230;<\/p>\n<p>\u00a0<\/p>\n<p>Tres sprints restantes para la F1 en 2025<\/p>\n<p class=\"gt-block\">Con el Gran Premio de Estados Unidos albergando uno de los tres \u00faltimos Sprints de la temporada, surgen varias preguntas. Despu\u00e9s de Austin, S\u00e3o Paulo y Lusail ser\u00e1n las \u00faltimas sedes del formato este a\u00f1o, y permitir\u00e1n a los pilotos competir por dos victorias distintas durante el fin de semana. Sin embargo, las pole positions y las victorias no cuentan realmente como tales en este contexto. Como el primer puesto de Kimi Antonelli en la clasificaci\u00f3n al sprint o el \u00e9xito logrado por&#8230; <a href=\"https:\/\/es.autohebdo.fr\/pilote\/f1\/Luis-Hamilton-2\" data-internallinksmanager029f6b8e52c=\"41\" title=\"Lewis Hamilton\" rel=\"nofollow noopener\" target=\"_blank\">Lewis Hamilton<\/a> En los sprints en suelo chino, resulta dif\u00edcil contabilizar estad\u00edsticas y r\u00e9cords en este \u00e1mbito. Adem\u00e1s, los resultados pueden ser originales o inesperados seg\u00fan las condiciones meteorol\u00f3gicas, pero a menudo tienen la misma intensidad que el primer relevo del domingo en el Gran Premio.<\/p>\n<p class=\"gt-block\"><strong>En tu opini\u00f3n, \u00bftiene alg\u00fan m\u00e9rito el formato Sprint? M\u00e1s all\u00e1 de los planes mencionados para globalizar el formato o la idea de introducir la regla de parrilla invertida, \u00bflos fines de semana Sprint, tal como los conocemos hoy, te inspiran a sumergirte en los fines de semana de F1? \u00bfTe convence el formato Sprint? \u00a1No olvides votar en la encuesta al principio del art\u00edculo y desarrollar tu argumento en los comentarios!<\/strong><\/p>\n","protected":false},"excerpt":{"rendered":"La Pregunta Semanal regresa con una nueva edici\u00f3n. Cada semana, tienes la oportunidad de responder una pregunta sobre&hellip;\n","protected":false},"author":2,"featured_media":175824,"comment_status":"","ping_status":"","sticky":false,"template":"","format":"standard","meta":{"footnotes":""},"categories":[270],"tags":[168,25,24,306,271,272,23,167],"class_list":{"0":"post-175823","1":"post","2":"type-post","3":"status-publish","4":"format-standard","5":"has-post-thumbnail","7":"category-formula-1","8":"tag-deportes","9":"tag-es","10":"tag-espana","11":"tag-f1","12":"tag-formula-1","13":"tag-formula1","14":"tag-spain","15":"tag-sports"},"share_on_mastodon":{"url":"","error":""},"_links":{"self":[{"href":"https:\/\/www.europesays.com\/es\/wp-json\/wp\/v2\/posts\/175823","targetHints":{"allow":["GET"]}}],"collection":[{"href":"https:\/\/www.europesays.com\/es\/wp-json\/wp\/v2\/posts"}],"about":[{"href":"https:\/\/www.europesays.com\/es\/wp-json\/wp\/v2\/types\/post"}],"author":[{"embeddable":true,"href":"https:\/\/www.europesays.com\/es\/wp-json\/wp\/v2\/users\/2"}],"replies":[{"embeddable":true,"href":"https:\/\/www.europesays.com\/es\/wp-json\/wp\/v2\/comments?post=175823"}],"version-history":[{"count":0,"href":"https:\/\/www.europesays.com\/es\/wp-json\/wp\/v2\/posts\/175823\/revisions"}],"wp:featuredmedia":[{"embeddable":true,"href":"https:\/\/www.europesays.com\/es\/wp-json\/wp\/v2\/media\/175824"}],"wp:attachment":[{"href":"https:\/\/www.europesays.com\/es\/wp-json\/wp\/v2\/media?parent=175823"}],"wp:term":[{"taxonomy":"category","embeddable":true,"href":"https:\/\/www.europesays.com\/es\/wp-json\/wp\/v2\/categories?post=175823"},{"taxonomy":"post_tag","embeddable":true,"href":"https:\/\/www.europesays.com\/es\/wp-json\/wp\/v2\/tags?post=175823"}],"curies":[{"name":"wp","href":"https:\/\/api.w.org\/{rel}","templated":true}]}}