{"id":175825,"date":"2025-10-14T09:12:10","date_gmt":"2025-10-14T09:12:10","guid":{"rendered":"https:\/\/www.europesays.com\/es\/175825\/"},"modified":"2025-10-14T09:12:10","modified_gmt":"2025-10-14T09:12:10","slug":"el-surne-bilbao-basket-inicia-la-defensa-de-su-corona-continental","status":"publish","type":"post","link":"https:\/\/www.europesays.com\/es\/175825\/","title":{"rendered":"El Surne Bilbao Basket inicia la defensa de su corona continental"},"content":{"rendered":"<p>\n        <strong>El <\/strong><a href=\"https:\/\/www.deia.eus\/deportes\/bilbao-basket\/\" title=\"Surne Bilbao Basket\" class=\"link copy\" rel=\"nofollow noopener\" target=\"_blank\"><strong>Surne Bilbao Basket<\/strong><\/a><strong> afronta el ejercicio 2025-26 de la <\/strong><a href=\"https:\/\/www.deia.eus\/tags\/fiba-europe-cup\/\" title=\"FIBA Europe Cup\" class=\"link copy\" rel=\"nofollow noopener\" target=\"_blank\">FIBA Europe Cup<\/a> experimentando una placentera sensaci\u00f3n que hasta ahora le resultaba desconocida: la de <strong>arrancar con la responsabilidad y el privilegio de defender un t\u00edtulo, <\/strong>con todas las miradas y los dedos <strong>apuntando hacia Miribilla<\/strong> para se\u00f1alar al gran rival a batir, al referente a derribar para arrebatarle la corona continental. El conjunto de <a href=\"https:\/\/www.deia.eus\/tags\/jaume-ponsarnau\/\" title=\"Jaume Ponsarnau\" class=\"link copy\" rel=\"nofollow noopener\" target=\"_blank\"><strong>Jaume Ponsarnau<\/strong><\/a><strong> se ha ganado ese estatus<\/strong> con el <strong>t\u00edtulo conquistado el pasado curso en Sal\u00f3nica,<\/strong> territorio volc\u00e1nico amansado de manera brillante por los hombres de negro, que <strong>este martes dar\u00e1n inicio a la defensa de su cetro en el Bilbao Arena recibiendo al Peristeri griego,<\/strong> el rival m\u00e1s peligroso de un Grupo E que incluye tambi\u00e9n al<strong> Kutaisi georgiano,<\/strong> un viejo conocido de esta competici\u00f3n, y el<strong> Basket Brno de la Rep\u00fablica Checa. <\/strong>Los primeros clasificados de los diez grupos de la fase inaugural, adem\u00e1s de los seis mejores segundos, acceder\u00e1n a la <strong>siguiente ronda.<\/strong>\n<\/p>\n<blockquote class=\"twitter-tweet\" data-lang=\"es\">\n<p lang=\"es\" dir=\"ltr\">PREVIA: Surne Bilbao Basket comienza ante Peristeri, l\u00edder de la liga griega, la defensa del t\u00edtulo de la FIBA Europe Cup<\/p>\n<p>\u2705 En los proleg\u00f3menos del encuentro, se desplegar\u00e1 la lona de CAMPEONES de la FIBA Europe Cup 24\/25<\/p>\n<p>\u2139\ufe0f <a href=\"https:\/\/t.co\/A6soLU5o4a\" rel=\"nofollow\">https:\/\/t.co\/A6soLU5o4a<\/a> <a href=\"https:\/\/t.co\/7LLYsDceuv\" rel=\"nofollow\">pic.twitter.com\/7LLYsDceuv<\/a><\/p>\n<p>\u2014 Surne Bilbao Basket \ud83d\ude0e (@bilbaobasket) <a href=\"https:\/\/twitter.com\/bilbaobasket\/status\/1977772798991851929?ref_src=twsrc%5Etfw\" rel=\"nofollow noopener\" target=\"_blank\">13 de octubre de 2025<\/a><\/p><\/blockquote>\n<p class=\"article-body__text \">\n        <strong>En la mente del Surne Bilbao Basket,<\/strong> convencido de que su nivel competitivo ha subido con respecto al pasado ejercicio y de que ha mejorado en aspectos vitales dentro del baloncesto que se juega hoy en d\u00eda, <strong>figura el sue\u00f1o de convertirse en el primero que consigue repetir t\u00edtulo<\/strong> en una competici\u00f3n en la que cumple su <strong>tercera participaci\u00f3n<\/strong> y en la que, una vez m\u00e1s, <strong>los grandes aspirantes a la gloria<\/strong> se concentran en las ligas m\u00e1s competitivas del viejo continente, con <strong>especial menci\u00f3n a una <\/strong><a href=\"https:\/\/www.deia.eus\/tags\/liga-endesa\/\" title=\"Liga Endesa\" class=\"link copy\" rel=\"nofollow noopener\" target=\"_blank\">Liga Endesa<\/a> que tambi\u00e9n aporta como participantes a UCAM Murcia y Casademont Zaragoza.\n<\/p>\n<p>  Murcia y Zaragoza<\/p>\n<p class=\"article-body__text \">\n        Los de Sito Alonso, que <strong>han ganado los dos encuentros de la ACB<\/strong> que han disputado hasta el momento,<strong> cayeron desde la fase de clasificaci\u00f3n de la <\/strong><a href=\"https:\/\/www.deia.eus\/tags\/basketball-champions-league\/\" title=\"Basketball Champions League\" class=\"link copy\" rel=\"nofollow noopener\" target=\"_blank\"><strong>Basketball Champions League<\/strong><\/a> y presentan un equipo largo y bien armado en el que sobresalen jugadores como <strong>Dylan Ennis, Jonah Radebaugh, Michael Forrest, Devontae Cacok o Howard Sant-Roos.<\/strong> Por su parte, el conjunto aragon\u00e9s es ya un <strong>habitual de esta competici\u00f3n continental<\/strong>, en la que hasta el momento no ha acabado de dar el paso necesario para convertirse en aspirante al t\u00edtulo. Con <strong>Trae Bell-Haynes, Devin Robinson, Santi Yusta, Joel Soriano y Erik Stevenson,<\/strong> entre otros, en n\u00f3mina, deber\u00edan estar muy arriba.\n<\/p>\n<p>  Italia y Francia<\/p>\n<p class=\"article-body__text \">\n        <strong>Las principales amenazas para los conjuntos de la Liga Endesa<\/strong> llegan probablemente desde Italia y Francia. <strong>El Reggio Emilia cuenta con un muy potente y reconocible quinteto principal<\/strong> formado por Troy Caupain, Jamar Smith, Luca Vitali, Kwan Cheatham y Jaime Echenique, adem\u00e1s de jugadores estadounidenses de perfil m\u00e1s bajo; mientras que el<strong> Dinamo Sassari, que ha arrancado con un 0-2 en su liga,<\/strong> parece algo lejos de ese nivel pero tiene tambi\u00e9n calidad y experiencia de la mano de <strong>Desure Buie, Laurynas Beliauskas,<\/strong> Nick McGlynn, Rashawn Thomas o Nate Johnson.\n<\/p>\n<p class=\"article-body__text \">\n        Por su parte, el <strong>Dijon, v\u00edctima de los <\/strong><strong>hombres de negro<\/strong> el pasado ejercicio en semifinales con <a href=\"https:\/\/www.youtube.com\/watch?v=RV118MpvCEc\" title=\"aquella remontada hist\u00f3rica en Miribilla,\" rel=\"nofollow noopener\" target=\"_blank\" class=\"link copy\">aquella remontada hist\u00f3rica en Miribilla,<\/a> sigue con <strong>David Holston, Axel Julien o Gregor Horvat<\/strong> y en verano incorpor\u00f3 a Justin Bibbins, Tariq Owens y el veteran\u00edsimo Charles Kahudi.\n<\/p>\n<p>  Bundesliga<\/p>\n<p class=\"article-body__text \">\n        En lo que a los representantes alemanes se refiere, <strong>los Rostock Seawolves han arrancado con balance negativo la BBL<\/strong> pese a los buenos n\u00fameros de tres de sus exteriores estadounidenses: TJ Crockett, D\u2019Shawn Schwartz y<strong> DeAndre Lansdowne, componente de aquellos alocados Niners Chemnitz<\/strong> que hace dos ejercicios ganaron el t\u00edtulo tras <strong>eliminar en semifinales al Surne Bilbao Basket.<\/strong> Por su parte, <strong>el Rasta Vechta cuenta con un anotador de per\u00edmetro de muy interesante nivel como Alonzo Verge,<\/strong> con fugaz paso reciente por el Leyma Coru\u00f1a, junto a j\u00f3venes interesantes como TJ Bamba; y el <strong>Lowen Braunschweig de Barra Njie o Josh Obiesie<\/strong> tendr\u00e1 que dar probablemente prioridad a su mal arranque (0-4) en la competici\u00f3n dom\u00e9stica.\n<\/p>\n<p class=\"article-body__text \">\n        <strong>El Peristeri, primer rival este curso del conjunto vizcaino, <\/strong>y el PAOK de Sal\u00f3nica, su v\u00edctima en la \u00faltima final, ser\u00e1n los <strong>representantes de Grecia.<\/strong> La escuadra que visitar\u00e1 <strong>este martes el Bilbao Arena tiene en Ty Nichols<\/strong>, por encima de los 20 puntos de media en los dos primeros partidos de la competici\u00f3n dom\u00e9stica, a su gran referente ofensivo, mientras que el <strong>actual subcampe\u00f3n, ahora a los mandos de Jure Zdvoc,<\/strong> ha cambiado notablemente su estructura y presenta un novedoso quinteto de referencia: <strong>Stephen Brown, KJ Jackson, Tomas Dimsa, Cleveland Melvin y el <\/strong><strong>exhombre de negro<\/strong><strong> Marvin Jones.<\/strong> En lo que se refiere al baloncesto turco<strong>, el Aliaga Petkimspor est\u00e1 teniendo en dos exjugadores de la ACB,<\/strong> Martynas Sajus y Yannick Franke, a dos de sus mejores jugadores a la espera de que sus estadounidenses den un paso al frente en cuanto a rendimiento.\n<\/p>\n<p>  Secundarios<\/p>\n<p class=\"article-body__text \">\n        Adem\u00e1s, todos los a\u00f1os acostumbra a haber <strong>equipos procedentes de ligas mucho m\u00e1s secundarias<\/strong> que venden muy cara su piel en la <strong>FIBA Europe Cup. <\/strong>En la presente edici\u00f3n, puede ser el caso del <strong>Anwil Wloclawek polaco, campe\u00f3n en la edici\u00f3n 2022-23, <\/strong>con el exjugador del Zaragoza AJ Slaughter o el base island\u00e9s Elvar Fridriksson en sus filas; <strong>el Porto luso, con dos presencias en cuartos de final, <\/strong>que ha sorprendido con el fichaje de Axel Toupane, alero franc\u00e9s con pasado en la NBA, aunque su referente est\u00e1 siendo el anotador Javian Davis; <strong>el Oradea rumano, con un quinteto notablemente competitivo <\/strong>como el que forman Kris Richards, Thomas Bropleh, Bandja Sy, Sayeed Pridgett o Kalif Young; o <strong>el KK Bosna balc\u00e1nico, <\/strong>con piezas con pasado en la Liga Endesa como es el caso de Edin Atic o Janari Joesaar.\n<\/p>\n<p class=\"article-body__text \">\n        Todos estos equipos figuran en el amplio ramillete de pretendientes que arrancan la competici\u00f3n con el <strong>deseo de arrebatar el cetro de campe\u00f3n de las manos del Surne Bilbao Basket.<\/strong> Hasta el momento, <strong>los de Ponsarnau han sabido moverse de manera muy notable en esta FIBA Europe Cup<\/strong> (un t\u00edtulo y unas semifinales) y vuelven a tener entre ceja y ceja la posibilidad de repetir gesta. <strong>El primer paso para la defensa de la corona, hoy.<\/strong>\n<\/p>\n<p>            <script async src=\"https:\/\/platform.twitter.com\/widgets.js\" charset=\"utf-8\"><\/script><\/p>\n","protected":false},"excerpt":{"rendered":"El Surne Bilbao Basket afronta el ejercicio 2025-26 de la FIBA Europe Cup experimentando una placentera sensaci\u00f3n que&hellip;\n","protected":false},"author":2,"featured_media":175826,"comment_status":"","ping_status":"","sticky":false,"template":"","format":"standard","meta":{"footnotes":""},"categories":[269],"tags":[299,1918,298,2601,5393,1616,168,25,24,406,13863,6683,23,167,40205],"class_list":{"0":"post-175825","1":"post","2":"type-post","3":"status-publish","4":"format-standard","5":"has-post-thumbnail","7":"category-baloncesto","8":"tag-baloncesto","9":"tag-basket","10":"tag-basketball","11":"tag-bilbao","12":"tag-cup","13":"tag-defensa","14":"tag-deportes","15":"tag-es","16":"tag-espana","17":"tag-europe","18":"tag-fiba","19":"tag-inicia","20":"tag-spain","21":"tag-sports","22":"tag-surne"},"share_on_mastodon":{"url":"","error":""},"_links":{"self":[{"href":"https:\/\/www.europesays.com\/es\/wp-json\/wp\/v2\/posts\/175825","targetHints":{"allow":["GET"]}}],"collection":[{"href":"https:\/\/www.europesays.com\/es\/wp-json\/wp\/v2\/posts"}],"about":[{"href":"https:\/\/www.europesays.com\/es\/wp-json\/wp\/v2\/types\/post"}],"author":[{"embeddable":true,"href":"https:\/\/www.europesays.com\/es\/wp-json\/wp\/v2\/users\/2"}],"replies":[{"embeddable":true,"href":"https:\/\/www.europesays.com\/es\/wp-json\/wp\/v2\/comments?post=175825"}],"version-history":[{"count":0,"href":"https:\/\/www.europesays.com\/es\/wp-json\/wp\/v2\/posts\/175825\/revisions"}],"wp:featuredmedia":[{"embeddable":true,"href":"https:\/\/www.europesays.com\/es\/wp-json\/wp\/v2\/media\/175826"}],"wp:attachment":[{"href":"https:\/\/www.europesays.com\/es\/wp-json\/wp\/v2\/media?parent=175825"}],"wp:term":[{"taxonomy":"category","embeddable":true,"href":"https:\/\/www.europesays.com\/es\/wp-json\/wp\/v2\/categories?post=175825"},{"taxonomy":"post_tag","embeddable":true,"href":"https:\/\/www.europesays.com\/es\/wp-json\/wp\/v2\/tags?post=175825"}],"curies":[{"name":"wp","href":"https:\/\/api.w.org\/{rel}","templated":true}]}}