{"id":175831,"date":"2025-10-14T09:15:13","date_gmt":"2025-10-14T09:15:13","guid":{"rendered":"https:\/\/www.europesays.com\/es\/175831\/"},"modified":"2025-10-14T09:15:13","modified_gmt":"2025-10-14T09:15:13","slug":"una-escultura-y-una-cruz-guia-representan-la-aportacion-de-la-diocesis-de-astorga-a-las-edades-del-hombre","status":"publish","type":"post","link":"https:\/\/www.europesays.com\/es\/175831\/","title":{"rendered":"Una escultura y una cruz gu\u00eda representan la aportaci\u00f3n de la Di\u00f3cesis de Astorga a Las Edades del Hombre"},"content":{"rendered":"<p class=\"ft-text ft-helper-closenews\">La <a class=\"ft-link ft-link--decoration\" href=\"https:\/\/www.laopiniondezamora.es\/tags\/diocesis-de-astorga\/\" rel=\"nofollow noopener\" target=\"_blank\"><strong>Di\u00f3cesis de Astorga<\/strong><\/a><strong> <\/strong>aportar\u00e1 dos piezas a la muestra \u00ab<a class=\"ft-link ft-link--decoration\" href=\"https:\/\/www.laopiniondezamora.es\/tags\/esperanza\/\" rel=\"nofollow noopener\" target=\"_blank\">EsperanZa<\/a>\u00ab.<\/p>\n<p class=\"ft-text\">La primera contribuci\u00f3n consiste en una <strong>cruz parroquial, de autor desconocido efectuada hacia 1480 y<\/strong> realizada en<strong> plata cincelada, <\/strong>fundida y grabada de la iglesia parroquial de Santiago de Pe\u00f1alba y depositada en la bas\u00edlica de Nuestra Se\u00f1ora de la Encina de Ponferrada.<\/p>\n<p class=\"ft-text\">La otra obra corresponde a <strong>una imagen de San Sebasti\u00e1n, obra de Gregorio Espa\u00f1o<\/strong>l y Juan de Meaza como policromador, datada entre 1588 y 1595 la talla y en 1631, la policrom\u00eda. Esta escultura perteneciente a la iglesia parroquial de San Rom\u00e1n el Antiguo, seg\u00fan figura en web de la Di\u00f3cesis de Astorga.<\/p>\n<p class=\"ft-text\">\u00ab<strong>EsperanZa<\/strong>\u00bb contar\u00e1 con<strong> un preludio y tres cap\u00edtulos y una cuidada selecci\u00f3n de piezas<\/strong> que rondar\u00e1 el centenar de obras, de autores como<strong> Juan de Juni, de <\/strong><a class=\"ft-link ft-link--decoration\" href=\"https:\/\/www.laopiniondezamora.es\/zamora\/2025\/09\/22\/dolorosa-salzillo-zamora-121815505.html\" rel=\"nofollow noopener\" target=\"_blank\">Salzillo<\/a>, como La Virgen Dolorosa que procede de Lorqu\u00ed en Murcia<strong>; de Berruguete o Diego de Silo\u00e9 s<\/strong>in olvidar La Inmaculada con el Ni\u00f1o, atribuida recientemente a un<strong> joven Diego <\/strong><a class=\"ft-link ft-link--decoration\" href=\"https:\/\/www.laopiniondezamora.es\/zamora\/2025\/10\/06\/catedral-zamora-exhibira-obra-juventud-122301465.html\" rel=\"nofollow noopener\" target=\"_blank\">Vel\u00e1zquez<\/a>, o las <strong>contribuciones contempor\u00e1neas de artistas locales,<\/strong> como Ele Pozas, Satur Viz\u00e1n, Tom\u00e1s Crespo Rivera, Antonio Pedrero o<a class=\"ft-link ft-link--decoration\" href=\"https:\/\/www.laopiniondezamora.es\/tags\/baltasar-lobo\/\" rel=\"nofollow noopener\" target=\"_blank\"> Baltasar Lobo<\/a>.<\/p>\n<p data-close=\"closedContent\" class=\"subscribeHideForDisplay\">Suscr\u00edbete para seguir leyendo<\/p>\n","protected":false},"excerpt":{"rendered":"La Di\u00f3cesis de Astorga aportar\u00e1 dos piezas a la muestra \u00abEsperanZa\u00ab. La primera contribuci\u00f3n consiste en una cruz&hellip;\n","protected":false},"author":2,"featured_media":175832,"comment_status":"","ping_status":"","sticky":false,"template":"","format":"standard","meta":{"footnotes":""},"categories":[173],"tags":[17227,229,233,231,230,7383,232,50471,234,146,147,25,1246,24,9572,4070,50472,42331,23],"class_list":{"0":"post-175831","1":"post","2":"type-post","3":"status-publish","4":"format-standard","5":"has-post-thumbnail","7":"category-arte-y-diseno","8":"tag-aportacion","9":"tag-arte","10":"tag-arte-y-diseno","11":"tag-arts","12":"tag-arts-and-design","13":"tag-cruz","14":"tag-design","15":"tag-diocesis-de-astorga","16":"tag-diseno","17":"tag-entertainment","18":"tag-entretenimiento","19":"tag-es","20":"tag-escultura","21":"tag-espana","22":"tag-esperanza","23":"tag-guia","24":"tag-las-edades-del-hombre","25":"tag-representan","26":"tag-spain"},"share_on_mastodon":{"url":"","error":""},"_links":{"self":[{"href":"https:\/\/www.europesays.com\/es\/wp-json\/wp\/v2\/posts\/175831","targetHints":{"allow":["GET"]}}],"collection":[{"href":"https:\/\/www.europesays.com\/es\/wp-json\/wp\/v2\/posts"}],"about":[{"href":"https:\/\/www.europesays.com\/es\/wp-json\/wp\/v2\/types\/post"}],"author":[{"embeddable":true,"href":"https:\/\/www.europesays.com\/es\/wp-json\/wp\/v2\/users\/2"}],"replies":[{"embeddable":true,"href":"https:\/\/www.europesays.com\/es\/wp-json\/wp\/v2\/comments?post=175831"}],"version-history":[{"count":0,"href":"https:\/\/www.europesays.com\/es\/wp-json\/wp\/v2\/posts\/175831\/revisions"}],"wp:featuredmedia":[{"embeddable":true,"href":"https:\/\/www.europesays.com\/es\/wp-json\/wp\/v2\/media\/175832"}],"wp:attachment":[{"href":"https:\/\/www.europesays.com\/es\/wp-json\/wp\/v2\/media?parent=175831"}],"wp:term":[{"taxonomy":"category","embeddable":true,"href":"https:\/\/www.europesays.com\/es\/wp-json\/wp\/v2\/categories?post=175831"},{"taxonomy":"post_tag","embeddable":true,"href":"https:\/\/www.europesays.com\/es\/wp-json\/wp\/v2\/tags?post=175831"}],"curies":[{"name":"wp","href":"https:\/\/api.w.org\/{rel}","templated":true}]}}