{"id":175837,"date":"2025-10-14T09:19:11","date_gmt":"2025-10-14T09:19:11","guid":{"rendered":"https:\/\/www.europesays.com\/es\/175837\/"},"modified":"2025-10-14T09:19:11","modified_gmt":"2025-10-14T09:19:11","slug":"no-sabia-que-iba-a-encontrar-al-llegar-a-casa-o-al-levantarme-por-la-manana-2","status":"publish","type":"post","link":"https:\/\/www.europesays.com\/es\/175837\/","title":{"rendered":"No sab\u00eda qu\u00e9 iba a encontrar al llegar a casa o al levantarme por la ma\u00f1ana"},"content":{"rendered":"<p data-journey-content=\"true\" data-node-id=\"2\" class=\"css-6wxqfj emevuu60\"><strong data-node-id=\"2.0\">Charlize Theron (Benoni, Sud\u00e1frica, 1975),<\/strong> acaba de estrenar una nueva d\u00e9cada de su vida en un momento dulce de su trayectoria profesional. Lejos queda ya su Oscar a la mejor actriz por &#8216;Monster&#8217; (2003), pero sigue siendo una de las actrices m\u00e1s solicitadas de Hollywood. Tras su paso por <a href=\"https:\/\/www.elle.com\/es\/living\/ocio-cultura\/a66098616\/premios-emmy-2025-ganadores-series-lista-completa\/\" data-vars-ga-outbound-link=\"https:\/\/www.elle.com\/es\/living\/ocio-cultura\/a66098616\/premios-emmy-2025-ganadores-series-lista-completa\/\" data-vars-ga-ux-element=\"Hyperlink\" data-vars-ga-call-to-action=\"&#039;The Studio&#039;, la serie multipremiada en los Emmy\" data-node-id=\"2.2\" class=\"body-link css-103hk4r emevuu60\" rel=\"nofollow noopener\" target=\"_blank\"><strong data-node-id=\"2.2.0\">&#8216;The Studio&#8217;<\/strong>, la serie multipremiada en los Emmy<\/a>, y su papel protagonista en <strong data-node-id=\"2.4\">&#8216;La vieja guardia 2&#8217;<\/strong>, de <a href=\"https:\/\/www.elle.com\/es\/netflix-mejores-series-peliculas-documentales\/\" data-vars-ga-outbound-link=\"https:\/\/www.elle.com\/es\/netflix-mejores-series-peliculas-documentales\/\" data-vars-ga-ux-element=\"Hyperlink\" data-vars-ga-call-to-action=\"Netflix\" data-node-id=\"2.6\" class=\"body-link css-103hk4r emevuu60\" rel=\"nofollow noopener\" target=\"_blank\">Netflix<\/a>, Theron forma parte del reparto de <a href=\"https:\/\/www.elle.com\/es\/living\/ocio-cultura\/a64183553\/odisea-reparto-pelicula\/\" data-vars-ga-outbound-link=\"https:\/\/www.elle.com\/es\/living\/ocio-cultura\/a64183553\/odisea-reparto-pelicula\/\" data-vars-ga-ux-element=\"Hyperlink\" data-vars-ga-call-to-action=\"&#039;La odisea&#039;, la esperada pel\u00edcula de Christopher Nolan\" data-node-id=\"2.8\" class=\"body-link css-103hk4r emevuu60\" rel=\"nofollow noopener\" target=\"_blank\"><strong data-node-id=\"2.8.0\">&#8216;La odisea&#8217;,<\/strong> la esperada pel\u00edcula de Christopher Nolan<\/a> sobre el texto de Homero.<\/p>\n<p data-journey-content=\"true\" data-node-id=\"3\" class=\"css-6wxqfj emevuu60\">Su brillante carrera como actriz se complementa con una intensa actividad como fil\u00e1ntropa y con el <a href=\"https:\/\/www.elle.com\/es\/star-style\/noticias-famosos\/a60331974\/asi-han-cambiado-las-hijas-de-charlize-theron\/\" data-vars-ga-outbound-link=\"https:\/\/www.elle.com\/es\/star-style\/noticias-famosos\/a60331974\/asi-han-cambiado-las-hijas-de-charlize-theron\/\" data-vars-ga-ux-element=\"Hyperlink\" data-vars-ga-call-to-action=\"cuidado de sus dos hijas\" data-node-id=\"3.1\" class=\"body-link css-103hk4r emevuu60\" rel=\"nofollow noopener\" target=\"_blank\">cuidado de sus dos hijas<\/a>, Jackson y August, una tarea a la que dedica todo el tiempo para crear un ambiente familiar mucho mejor que el que tuvo la propia<strong data-node-id=\"3.3\"> Charlize, que creci\u00f3 en un ambiente familiar completamente desestructurado. <\/strong><\/p>\n<p data-journey-content=\"true\" data-node-id=\"4\" class=\"css-6wxqfj emevuu60\"><strong data-node-id=\"4.0\">Sus padres ten\u00edan una granja a las afueras de Johannesburgo <\/strong>y, aunque en las tareas infantiles de Theron figuraba cuidar del ganado, pronto qued\u00f3 claro que a ella lo que le gustaba era el baile. <strong data-node-id=\"4.2\">Comenz\u00f3 a dar clases de danza a los 6 a\u00f1os<\/strong> y a los 12, fue enviada a un internado para estudiar ballet.<\/p>\n<p><img draggable=\"true\" alt=\"charlize theron con 17 a\u00f1os 1992\" title=\"Charlize Theron con 17 a\u00f1os 1992\" loading=\"lazy\" width=\"1356\" height=\"1752\" decoding=\"async\" data-nimg=\"1\" style=\"color:transparent;width:100%;height:auto;\"   src=\"https:\/\/www.europesays.com\/es\/wp-content\/uploads\/2025\/09\/south-african-actress-charlize-theron-poses-outside-her-news-photo-1758795500.pjpeg\" class=\"css-0 e1g79fud0\"\/><a target=\"_blank\" rel=\"noopener nofollow\" data-theme-key=\"base-link\" href=\"https:\/\/pinterest.com\/pin\/create\/button\/?url=https:\/\/www.elle.com\/es\/living\/ocio-cultura\/a68027404\/charlize-theron-infancia-sudafrica-80\/&amp;description=- ElleSpain&amp;media=https:\/\/hips.hearstapps.com\/hmg-prod\/images\/south-african-actress-charlize-theron-poses-outside-her-news-photo-1758795500.pjpeg?resize=1600:*\" class=\"pinterest css-on9hn5 e1c1bym14\"><img decoding=\"async\" data-dynamic-svg=\"true\" src=\"https:\/\/www.elle.com\/_assets\/design-tokens\/fre\/static\/icons\/social\/pinterest.e8cf655.svg?primary=%2523ffffff\" loading=\"lazy\" data-testid=\"dynamic-svg-base\" height=\"auto\" width=\"auto\" alt=\"pinterest\" class=\"css-4lml0h e1mlxuuw1\"\/><\/a>Gallo Images\/\/Getty Images<\/p>\n<p>Charlize Theron, con 17 a\u00f1os.<\/p>\n<p data-journey-content=\"true\" data-node-id=\"7\" class=\"css-6wxqfj emevuu60\">Su hogar se convirti\u00f3 en un infierno seg\u00fan <strong data-node-id=\"7.1\">su padre se transform\u00f3 en un alcoh\u00f3lico que agred\u00eda violentamente a Charlize y a su madre. Theron vio c\u00f3mo su madre disparaba y mataba a su padre; el asesinato se consider\u00f3 un acto de defensa propia y Gerda nunca fue acusada de ning\u00fan delito. <\/strong>Tras la muerte, la madre asumi\u00f3 la propiedad de la empresa familiar y Theron invent\u00f3 una historia seg\u00fan la cual su padre hab\u00eda sido v\u00edctima de un accidente de coche mortal.<\/p>\n<p>El trauma de vivir con un alcoh\u00f3lico<\/p>\n<p data-journey-content=\"true\" data-node-id=\"9\" class=\"css-6wxqfj emevuu60\">Charlize Theron concedi\u00f3 una extensa entrevista recientemente al videopodcast &#8216;I don&#8217;t need a man&#8217;, donde repas\u00f3 su trayectoria personal y profesional y <strong data-node-id=\"9.1\">record\u00f3 c\u00f3mo eran esos terribles tiempos en casa<\/strong> con un alcoh\u00f3lico y c\u00f3mo esas vivencias le provocaron un trauma que perdur\u00f3 por a\u00f1os.<\/p>\n<p data-journey-content=\"true\" data-node-id=\"10\" class=\"css-6wxqfj emevuu60\">\u00abAl principio lo negu\u00e9 por completo porque mi madre no ten\u00eda las herramientas para lidiar con esa tragedia. Pero tambi\u00e9n<strong data-node-id=\"10.1\"> fueron a\u00f1os y a\u00f1os en los que no sab\u00eda qu\u00e9 iba a encontrar al llegar a casa o al levantarme por la ma\u00f1ana. <\/strong>Cuando vives con un alcoh\u00f3lico lo haces a merced de sus caprichos, como si lo que \u00e9l sienta ese d\u00eda o el lugar donde se encuentre fuera lo que va a determinar el ambiente y la energ\u00eda de la casa\u00bb, explicaba. <\/p>\n<p><img draggable=\"true\" alt=\"los angeles premiere of netflix's &quot;the old guard 2&quot; arrivals\" title=\"Los Angeles Premiere Of Netflix's &quot;The Old Guard 2&quot; - Arrivals\" loading=\"lazy\" width=\"3872\" height=\"2581\" decoding=\"async\" data-nimg=\"1\" style=\"color:transparent;width:100%;height:auto;\"   src=\"https:\/\/www.europesays.com\/es\/wp-content\/uploads\/2025\/09\/charlize-theron-attends-the-los-angeles-premiere-of-news-photo-1758797637.pjpeg\" class=\"css-0 e1g79fud0\"\/><a target=\"_blank\" rel=\"noopener nofollow\" data-theme-key=\"base-link\" href=\"https:\/\/pinterest.com\/pin\/create\/button\/?url=https:\/\/www.elle.com\/es\/living\/ocio-cultura\/a68027404\/charlize-theron-infancia-sudafrica-80\/&amp;description=- ElleSpain&amp;media=https:\/\/hips.hearstapps.com\/hmg-prod\/images\/charlize-theron-attends-the-los-angeles-premiere-of-news-photo-1758797637.pjpeg?resize=1600:*\" class=\"pinterest css-on9hn5 e1c1bym14\"><img decoding=\"async\" data-dynamic-svg=\"true\" src=\"https:\/\/www.elle.com\/_assets\/design-tokens\/fre\/static\/icons\/social\/pinterest.e8cf655.svg?primary=%2523ffffff\" loading=\"lazy\" data-testid=\"dynamic-svg-base\" height=\"auto\" width=\"auto\" alt=\"pinterest\" class=\"css-4lml0h e1mlxuuw1\"\/><\/a><\/p>\n<p>Kayla Oaddams\/\/Getty Images<\/p>\n<p data-journey-content=\"true\" data-node-id=\"12\" class=\"css-6wxqfj emevuu60\">La actriz sudafricana se\u00f1al\u00f3 que ese d\u00eda a d\u00eda, \u00abesa inconsistencia\u00bb le afect\u00f3 mucho m\u00e1s que lo sucedido en la noche tr\u00e1gica en la que su madre mat\u00f3 a su padre: <strong data-node-id=\"12.1\">\u00abEs algo que ocurre en hogares de todo el mundo con m\u00e1s frecuencia de la que queremos admitir\u00bb,<\/strong> apunt\u00f3.<\/p>\n<p data-journey-content=\"true\" data-node-id=\"13\" class=\"css-6wxqfj emevuu60\">\u00abMe llev\u00f3 hasta bien entrados los 30 a\u00f1os ser capaz de verlo y liberarme del peso que llevaba por mi padre y mi madre. Incluso cuando me hice famosa, sent\u00eda que <strong data-node-id=\"13.1\">no pod\u00eda hablar de ello con sinceridad porque no quer\u00eda herir sus sentimientos;<\/strong> hab\u00eda personas involucradas que no hab\u00edan pedido estar en el punto de mira\u00bb, reconoci\u00f3.<\/p>\n<p data-journey-content=\"true\" data-node-id=\"14\" class=\"css-6wxqfj emevuu60\">\u00abNo quiero avergonzarme de ello\u00bb, continu\u00f3. \u00abMi padre era alcoh\u00f3lico. No era una persona sana. <strong data-node-id=\"14.1\">Mi madre dio un paso al frente y me protegi\u00f3. Y si eso me pasara hoy con mis hijos, te puedo decir que har\u00eda lo mismo, <\/strong>aunque eso no lo hace menos lamentable [&#8230;] Sigo lidiando a diario con los estragos que creo que sufr\u00ed de joven, simplemente en mi vida cotidiana\u00bb, concluy\u00f3. <\/p>\n<p><img src=\"https:\/\/www.europesays.com\/es\/wp-content\/uploads\/2025\/10\/1760433551_695_b1a4d5e6-08b9-4f30-abc3-fb139534505c_1547635299.file\" alt=\"Headshot of Bego\u00f1a Alonso\" title=\"Headshot of Bego\u00f1a Alonso\" width=\"100%\" height=\"100%\" decoding=\"async\" loading=\"lazy\" class=\"css-o0wq4v ev8dhu53\"\/><\/p>\n<p>Bego\u00f1a Alonso es experta en ocio, cultura y estilo de vida, coordinando la secci\u00f3n de Living en Elle.es desde hace m\u00e1s de seis a\u00f1os. Llevar la secci\u00f3n de Living supone que lo mismo escribe un reportaje sobre las mejores series de terror de Netflix, que un art\u00edculo de viajes y lunas de miel, un perfil de una activista feminista o un listado de los mejores libros de la historia que tienes que leer.\u00a0<\/p>\n<p>Siempre suele decir que la vida no le da para todo: libros, agenda, m\u00fasica, ocio, cine, series, plataformas de streaming (Netflix, Amazon, HBO, Disney+, Filmin, Movistar+, Apple TV+\u2026), maternidad, televisi\u00f3n, feminismo, viajes, cultura, \u2018lifestyle\u2019, motor, tecnolog\u00eda\u2026 Pero es capaz de llegar a todas partes para ofrecer siempre los contenidos m\u00e1s actuales e interesantes.\u00a0<\/p>\n<p>Bego\u00f1a Alonso se licenci\u00f3 en 1999 en Periodismo en la Universidad Complutense de Madrid, pero cuenta casi con 30 a\u00f1os de experiencia en la profesi\u00f3n. Se estren\u00f3 en medios locales como Huelva Informaci\u00f3n o Las Provincias, pas\u00f3 por radios vecinales haciendo programas de cine y luego aterriz\u00f3 en el mundo del papel, en medios como La Raz\u00f3n, Maxim o Reporter.\u00a0<\/p>\n<p>Tras 9 a\u00f1os dedicada al \u2018branded content\u2019, Bego\u00f1a lleva una d\u00e9cada en ELLE, el mismo tiempo que ha transcurrido desde que consiguiera el Premio 20 Blogs por \u2018The Best of the 80s\u2019, un blog de m\u00fasica de los 80, una de sus pasiones. Tambi\u00e9n adora las pel\u00edculas de boda y se pasa m\u00e1s tiempo planificando viajes que llev\u00e1ndolos a cabo, pero eso es otra historia. \u00a0<\/p>\n","protected":false},"excerpt":{"rendered":"Charlize Theron (Benoni, Sud\u00e1frica, 1975), acaba de estrenar una nueva d\u00e9cada de su vida en un momento dulce&hellip;\n","protected":false},"author":2,"featured_media":175838,"comment_status":"","ping_status":"","sticky":false,"template":"","format":"standard","meta":{"footnotes":""},"categories":[169],"tags":[177,253,146,147,25,24,176,175,8237,23],"class_list":{"0":"post-175837","1":"post","2":"type-post","3":"status-publish","4":"format-standard","5":"has-post-thumbnail","7":"category-cine","8":"tag-cine","9":"tag-discover","10":"tag-entertainment","11":"tag-entretenimiento","12":"tag-es","13":"tag-espana","14":"tag-film","15":"tag-movies","16":"tag-redis","17":"tag-spain"},"share_on_mastodon":{"url":"","error":""},"_links":{"self":[{"href":"https:\/\/www.europesays.com\/es\/wp-json\/wp\/v2\/posts\/175837","targetHints":{"allow":["GET"]}}],"collection":[{"href":"https:\/\/www.europesays.com\/es\/wp-json\/wp\/v2\/posts"}],"about":[{"href":"https:\/\/www.europesays.com\/es\/wp-json\/wp\/v2\/types\/post"}],"author":[{"embeddable":true,"href":"https:\/\/www.europesays.com\/es\/wp-json\/wp\/v2\/users\/2"}],"replies":[{"embeddable":true,"href":"https:\/\/www.europesays.com\/es\/wp-json\/wp\/v2\/comments?post=175837"}],"version-history":[{"count":0,"href":"https:\/\/www.europesays.com\/es\/wp-json\/wp\/v2\/posts\/175837\/revisions"}],"wp:featuredmedia":[{"embeddable":true,"href":"https:\/\/www.europesays.com\/es\/wp-json\/wp\/v2\/media\/175838"}],"wp:attachment":[{"href":"https:\/\/www.europesays.com\/es\/wp-json\/wp\/v2\/media?parent=175837"}],"wp:term":[{"taxonomy":"category","embeddable":true,"href":"https:\/\/www.europesays.com\/es\/wp-json\/wp\/v2\/categories?post=175837"},{"taxonomy":"post_tag","embeddable":true,"href":"https:\/\/www.europesays.com\/es\/wp-json\/wp\/v2\/tags?post=175837"}],"curies":[{"name":"wp","href":"https:\/\/api.w.org\/{rel}","templated":true}]}}