{"id":17584,"date":"2025-08-01T02:13:03","date_gmt":"2025-08-01T02:13:03","guid":{"rendered":"https:\/\/www.europesays.com\/es\/17584\/"},"modified":"2025-08-01T02:13:03","modified_gmt":"2025-08-01T02:13:03","slug":"arribas-quiere-que-de-blasis-lidere-desde-el-campo-su-nuevo-proyecto-en-el-cartagena","status":"publish","type":"post","link":"https:\/\/www.europesays.com\/es\/17584\/","title":{"rendered":"Arribas quiere que De Blasis lidere desde el campo su nuevo proyecto en el Cartagena"},"content":{"rendered":"<p>Pablo de Blasis, uno de los tres mejores jugadores que han vestido la camiseta del FC Cartagena en toda su historia, est\u00e1 en el mercado.  &#8230; A sus 37 a\u00f1os, es agente libre, tras renunciar a seguir en el equipo de su vida, un Gimnasia y Esgrima La Plata donde pr\u00e1cticamente nunca hay estabilidad y le fue complicado rendir al nivel que ofreci\u00f3 en su gran etapa en el Efes\u00e9. Los resultados no han sido los esperados en su vuelta a casa y De Blasis, hincha del Lobo, quiso irse dos minutos antes de que le echaran. Tom\u00f3 la decisi\u00f3n hace un mes y desde entonces busca equipo. La idea que tiene \u00e9l es terminar su carrera en Espa\u00f1a, donde adem\u00e1s luego le gustar\u00eda ser entrenador.<\/p>\n<p class=\"v-p\">Sus n\u00fameros en las dos temporadas y media que milit\u00f3 en el Cartagena fueron notables. 101 partidos jug\u00f3 el Chiquito en el Efes\u00e9, 91 de ellos como titular y 54 de principio a fin. Dio 23 asistencias y marc\u00f3 8 goles con la camiseta albinegra. De Blasis siempre prioriz\u00f3 permanecer en Cartagena antes que en otro club espa\u00f1ol con m\u00e1s dinero. Ese sentimiento de pertenencia despert\u00f3 tantas ovaciones como su f\u00fatbol, con aplausos continuos a su persona. El Chiquito fue el futbolista que m\u00e1s kil\u00f3metros recorr\u00eda por partido y el que hac\u00eda mejores a sus compa\u00f1eros. Con Luis Carri\u00f3n se entendi\u00f3 de maravilla en 30 meses inolvidables.<\/p>\n<p class=\"v-p\">Todo esto lo sabe el nuevo propietario del FC Cartagena, un Alejandro Arribas que vio con sus propios ojos cuando se enfrent\u00f3 a \u00e9l qu\u00e9 tipo de jugador era De Blasis en el Cartagena y qu\u00e9 nivel de respeto y devoci\u00f3n sent\u00eda la afici\u00f3n del Efes\u00e9 hacia su persona. Arribas, que acaba de retirarse del f\u00fatbol, se enfrent\u00f3 al argentino en su etapa en el Oviedo. Y Arribas, que conoce bien los c\u00f3digos del f\u00fatbol y es plenamente consciente del ambiente enturbiado que existe en el club al que acaba de llegar, sabe que traer de vuelta a casa a De Blasis ser\u00eda un chute de positivismo y energ\u00eda para la deprimida hinchada cartagenerista.<\/p>\n<p class=\"v-p\">Arribas quiere que el argentinno sea el l\u00edder desde el terreno de juego de su nuevo proyecto y De Blasis, que estar\u00eda encantado de recuperar la vida apacible que ten\u00eda en su casa de San Pedro del Pinatar con su mujer y sus hijas, de 8 y 6 a\u00f1os, ha escuchado su propuesta y le seduce. Es un tipo que se mueve por sensaciones y da mucho valor al sentido de pertenencia. Un \u00faltimo baile en el Cartagena, aunque sea en el tercer escal\u00f3n del f\u00fatbol espa\u00f1ol, le seduce m\u00e1s que ir a un sitio que no conoce. Sabe, adem\u00e1s, que en su hipot\u00e9tica vuelta ser\u00eda recibido con los brazos abiertos por todo el mundo. \u00c9l encarna como nadie lo mejor de la reciente etapa de alegr\u00edas y felicidad en Segunda Divisi\u00f3n.<\/p>\n<p>\nEl nuevo propietario sabe que fichar a De Blasis ser\u00eda un chute de positivismo y energ\u00eda para la deprimida hinchada cartagenerista\n<\/p>\n<p class=\"v-p\">Hay un problema, eso s\u00ed. Y no es peque\u00f1o. Mart\u00edn Guastadisegno, su representante, no ha cobrado todav\u00eda su porcentaje de la operaci\u00f3n que posibilit\u00f3 la renovaci\u00f3n de Pablo de Blasis por el Efes\u00e9 hace tres veranos. Desde entonces, han quedado en saco roto sus reclamaciones, puesto que los agentes no est\u00e1n cubiertos por el sindicato AFE. Y esto ha molestado mucho, tanto al futbolista como a su representante.<\/p>\n<p class=\"v-p\">De hecho, Guastadisegno vet\u00f3 el pasado verano la llegada de Panichelli al Efes\u00e9. La cesi\u00f3n del joven ariete argentino, que ha hecho 21 goles con el Mirand\u00e9s y esta semana ha sido traspasado al Estrasburgo franc\u00e9s a cambio de 16,5 millones, no se cerr\u00f3 por el dinero que a\u00fan se le debe a Mart\u00edn Guastadisegno de la operaci\u00f3n de De Blasis, quien reclam\u00f3 esa cantidad en varias ocasiones.<\/p>\n<p class=\"v-p\">De hecho, De Blasis critic\u00f3 el pasado mes de noviembre en su cuenta de Instagram a Paco Belmonte y Manuel S\u00e1nchez Breis, tras el 1-5 contra el Deportivo. Musto, Alcal\u00e1 y Gonzalo Verd\u00fa tuvieron que dar explicaciones a los aficionados en la explanada del Cartagonova y el Chiquito no se call\u00f3. \u00abLo de siempre. Jugadores dando la cara. Los que deciden, echando la culpa al resto sin hacerse cargo\u00bb, escribi\u00f3 un De Blasis que no tiene relaci\u00f3n con Belmonte y Breis. Y eso es un h\u00e1ndicap para su regreso al Efes\u00e9. <\/p>\n","protected":false},"excerpt":{"rendered":"Pablo de Blasis, uno de los tres mejores jugadores que han vestido la camiseta del FC Cartagena en&hellip;\n","protected":false},"author":2,"featured_media":17585,"comment_status":"","ping_status":"","sticky":false,"template":"","format":"standard","meta":{"footnotes":""},"categories":[268],"tags":[11244,11245,5716,4995,168,25,24,280,282,11246,524,5568,2615,281,23,167],"class_list":{"0":"post-17584","1":"post","2":"type-post","3":"status-publish","4":"format-standard","5":"has-post-thumbnail","7":"category-futbol","8":"tag-arribas","9":"tag-blasis","10":"tag-campo","11":"tag-cartagena","12":"tag-deportes","13":"tag-es","14":"tag-espana","15":"tag-football","16":"tag-futbol","17":"tag-lidere","18":"tag-nuevo","19":"tag-proyecto","20":"tag-quiere","21":"tag-soccer","22":"tag-spain","23":"tag-sports"},"share_on_mastodon":{"url":"","error":""},"_links":{"self":[{"href":"https:\/\/www.europesays.com\/es\/wp-json\/wp\/v2\/posts\/17584","targetHints":{"allow":["GET"]}}],"collection":[{"href":"https:\/\/www.europesays.com\/es\/wp-json\/wp\/v2\/posts"}],"about":[{"href":"https:\/\/www.europesays.com\/es\/wp-json\/wp\/v2\/types\/post"}],"author":[{"embeddable":true,"href":"https:\/\/www.europesays.com\/es\/wp-json\/wp\/v2\/users\/2"}],"replies":[{"embeddable":true,"href":"https:\/\/www.europesays.com\/es\/wp-json\/wp\/v2\/comments?post=17584"}],"version-history":[{"count":0,"href":"https:\/\/www.europesays.com\/es\/wp-json\/wp\/v2\/posts\/17584\/revisions"}],"wp:featuredmedia":[{"embeddable":true,"href":"https:\/\/www.europesays.com\/es\/wp-json\/wp\/v2\/media\/17585"}],"wp:attachment":[{"href":"https:\/\/www.europesays.com\/es\/wp-json\/wp\/v2\/media?parent=17584"}],"wp:term":[{"taxonomy":"category","embeddable":true,"href":"https:\/\/www.europesays.com\/es\/wp-json\/wp\/v2\/categories?post=17584"},{"taxonomy":"post_tag","embeddable":true,"href":"https:\/\/www.europesays.com\/es\/wp-json\/wp\/v2\/tags?post=17584"}],"curies":[{"name":"wp","href":"https:\/\/api.w.org\/{rel}","templated":true}]}}