{"id":175851,"date":"2025-10-14T09:27:11","date_gmt":"2025-10-14T09:27:11","guid":{"rendered":"https:\/\/www.europesays.com\/es\/175851\/"},"modified":"2025-10-14T09:27:11","modified_gmt":"2025-10-14T09:27:11","slug":"el-ayuntamiento-aprueba-inicialmente-el-estudio-de-detalle-en-la-avenida-de-madrid-que-permitira-la-creacion-de-35-parcelas-residenciales","status":"publish","type":"post","link":"https:\/\/www.europesays.com\/es\/175851\/","title":{"rendered":"El Ayuntamiento aprueba inicialmente el Estudio de Detalle en la Avenida de Madrid que permitir\u00e1 la creaci\u00f3n de 35 parcelas residenciales"},"content":{"rendered":"<p>\tEl Ayuntamiento aprueba inicialmente el Estudio de Detalle en la Avenida de Madrid que permitir\u00e1 la creaci\u00f3n de 35 parcelas residenciales | Portal Web del Ayuntamiento de Valladolid<\/p>\n<p>\t&#13;<\/p>\n<p>\t&#13;<\/p>\n<p>\t\tFecha de la noticia<\/p>\n<p>14 de octubre de 2025<\/p>\n<p><img decoding=\"async\" class=\"side-image\" alt=\"\" src=\"https:\/\/www.europesays.com\/es\/wp-content\/uploads\/2025\/10\/1123606-20251014 Junta Gobierno reuni\u00f3n 006.jpg\"\/>Descripci\u00f3n<\/p>\n<ul class=\"cmListDisc\">\n<li>\nLas 35 nuevas parcelas generadas tendr\u00e1n todas ellas superficies superiores a los 500 m2.\n<\/li>\n<\/ul>\n<p class=\"cmParagraph cmAlignjustify\">La Junta de Gobierno Local del Ayuntamiento de Valladolid ha aprobado inicialmente el Estudio de Detalle correspondiente al \u00e1mbito NU.48-01, situado en la Avenida de Madrid. Este paso supone un gran avance para completar la ordenaci\u00f3n del suelo urbano consolidado en la zona y permitir\u00e1 la creaci\u00f3n de 35 nuevas parcelas de uso residencial.<\/p>\n<p class=\"cmParagraph cmAlignjustify\">El documento aprobado tiene como finalidad configurar una estructura urbana coherente y funcional, que permita la subdivisi\u00f3n del espacio en parcelas de menor tama\u00f1o y forma regular, favoreciendo as\u00ed el desarrollo de un entorno residencial de tipolog\u00eda unifamiliar y car\u00e1cter de ciudad jard\u00edn.<\/p>\n<p class=\"cmParagraph cmAlignjustify\">El \u00e1mbito objeto de ordenaci\u00f3n cuenta con una superficie de m\u00e1s de 26.000 metros cuadrados, de los cuales 18.600 se destinar\u00e1n a uso residencial. Las 35 nuevas parcelas generadas tendr\u00e1n todas ellas superficies superiores a los 500 metros cuadrados.<\/p>\n<p class=\"cmParagraph cmAlignjustify\">El documento aprobado define la estructura de calles y espacios, que facilitar\u00e1 el desarrollo de un ese nuevo entorno urbano de car\u00e1cter residencial. El objetivo es generar una trama urbana equilibrada, en un entorno ordenado y con buena conexi\u00f3n viaria. La propuesta contribuir\u00e1 adem\u00e1s a mejorar la cohesi\u00f3n del tejido urbano entre la Avenida de Madrid y los \u00e1mbitos residenciales cercanos.<\/p>\n<p class=\"cmParagraph cmAlignjustify\">La conveniencia de la redacci\u00f3n de este Estudio de Detalle se encuentra en la necesidad de concretar las determinaciones de ordenaci\u00f3n detallada establecidas por el Plan General de Ordenaci\u00f3n Urbana (PGOU) de Valladolid, a fin de que se puedan materializar al m\u00e1ximo las condiciones vigentes.<\/p>\n<p class=\"cmParagraph cmAlignjustify\">Dicho Estudio de Detalle quedar\u00e1 ahora sometido al correspondiente periodo de informaci\u00f3n p\u00fablica, conforme a la normativa urban\u00edstica vigente, antes de su aprobaci\u00f3n definitiva.<\/p>\n<p><\/p>\n","protected":false},"excerpt":{"rendered":"El Ayuntamiento aprueba inicialmente el Estudio de Detalle en la Avenida de Madrid que permitir\u00e1 la creaci\u00f3n de&hellip;\n","protected":false},"author":2,"featured_media":175852,"comment_status":"","ping_status":"","sticky":false,"template":"","format":"standard","meta":{"footnotes":""},"categories":[5],"tags":[4115,4109,249,1250,17,18,4107,4114,777,4110,25,24,13,14,260,11,19,20,4108,9,4112,10,15,16,4111,4116,4113,23,12,21,22,1607],"class_list":{"0":"post-175851","1":"post","2":"type-post","3":"status-publish","4":"format-standard","5":"has-post-thumbnail","7":"category-titulares","8":"tag-agendas","9":"tag-alcaldia","10":"tag-ayudas","11":"tag-ayuntamiento","12":"tag-breaking-news","13":"tag-breakingnews","14":"tag-castilla","15":"tag-centros","16":"tag-ciudad","17":"tag-corporacion","18":"tag-es","19":"tag-espana","20":"tag-featured-news","21":"tag-featurednews","22":"tag-gente","23":"tag-headlines","24":"tag-latest-news","25":"tag-latestnews","26":"tag-leon","27":"tag-news","28":"tag-normativas","29":"tag-noticias","30":"tag-noticias-destacadas","31":"tag-noticiasdestacadas","32":"tag-presupuestos","33":"tag-publicaciones","34":"tag-servicios","35":"tag-spain","36":"tag-titulares","37":"tag-ultimas-noticias","38":"tag-ultimasnoticias","39":"tag-valladolid"},"share_on_mastodon":{"url":"","error":""},"_links":{"self":[{"href":"https:\/\/www.europesays.com\/es\/wp-json\/wp\/v2\/posts\/175851","targetHints":{"allow":["GET"]}}],"collection":[{"href":"https:\/\/www.europesays.com\/es\/wp-json\/wp\/v2\/posts"}],"about":[{"href":"https:\/\/www.europesays.com\/es\/wp-json\/wp\/v2\/types\/post"}],"author":[{"embeddable":true,"href":"https:\/\/www.europesays.com\/es\/wp-json\/wp\/v2\/users\/2"}],"replies":[{"embeddable":true,"href":"https:\/\/www.europesays.com\/es\/wp-json\/wp\/v2\/comments?post=175851"}],"version-history":[{"count":0,"href":"https:\/\/www.europesays.com\/es\/wp-json\/wp\/v2\/posts\/175851\/revisions"}],"wp:featuredmedia":[{"embeddable":true,"href":"https:\/\/www.europesays.com\/es\/wp-json\/wp\/v2\/media\/175852"}],"wp:attachment":[{"href":"https:\/\/www.europesays.com\/es\/wp-json\/wp\/v2\/media?parent=175851"}],"wp:term":[{"taxonomy":"category","embeddable":true,"href":"https:\/\/www.europesays.com\/es\/wp-json\/wp\/v2\/categories?post=175851"},{"taxonomy":"post_tag","embeddable":true,"href":"https:\/\/www.europesays.com\/es\/wp-json\/wp\/v2\/tags?post=175851"}],"curies":[{"name":"wp","href":"https:\/\/api.w.org\/{rel}","templated":true}]}}