{"id":175861,"date":"2025-10-14T09:34:21","date_gmt":"2025-10-14T09:34:21","guid":{"rendered":"https:\/\/www.europesays.com\/es\/175861\/"},"modified":"2025-10-14T09:34:21","modified_gmt":"2025-10-14T09:34:21","slug":"hamilton-dice-que-el-obsesionado-vasseur-no-cambio-nada-a-lo-largo-de-los-anos-noticia-de-f1","status":"publish","type":"post","link":"https:\/\/www.europesays.com\/es\/175861\/","title":{"rendered":"Hamilton dice que el \u00abobsesionado\u00bb Vasseur \u00abno cambi\u00f3 nada a lo largo de los a\u00f1os\u00bb &#8211; Noticia de F1"},"content":{"rendered":"<p>\n                Lewis Hamilton dijo que Vasseur \u00abno cambi\u00f3 nada a lo largo de los a\u00f1os\u00bb. (Foto: Ferrari)\n              <\/p>\n<p>A\u00fan buscando su lugar en la <strong>F\u00f3rmula 1<\/strong> con <strong>Ferrari<\/strong>, <strong>Lewis Hamilton<\/strong> adopt\u00f3 un tono de broma al comentar sobre la forma de trabajar de su jefe, <strong>Fr\u00e9d\u00e9ric Vasseur<\/strong>. Para el siete veces campe\u00f3n del mundo, el franc\u00e9s \u00abno cambi\u00f3 nada\u00bb con los a\u00f1os.<\/p>\n<p>Antes de su reencuentro en el equipo de <strong>Maranello<\/strong>, Lewis y Vasseur trabajaron juntos en las categor\u00edas inferiores con <strong>ART<\/strong>, el equipo que el ingeniero ayud\u00f3 a fundar, y con \u00e9l ganaron el t\u00edtulo de <strong>GP2<\/strong>, ahora <strong>F\u00f3rmula 2<\/strong>, en <strong>2006<\/strong>.<\/p>\n<p>Cuando se le pregunt\u00f3 si el franc\u00e9s hab\u00eda cambiado en las \u00faltimas dos d\u00e9cadas, Hamilton respondi\u00f3 a GP Blog con una sonrisa. \u00abFred no, no. Sigue vistiendo la misma ropa y es exactamente el mismo que antes. Todo sigue igual, dir\u00eda yo\u00bb, dijo el #44.<\/p>\n<p>\ud83d\udfe5\u00a0<strong>\u00a1Todas las novedades te esperan en el canal de\u00a0<\/strong><a href=\"https:\/\/www.youtube.com\/@GrandePremioES\" rel=\"nofollow noopener\" target=\"_blank\">YouTube<\/a><strong>\u00a0de Grande Pr\u00eamio en Espa\u00f1ol!<\/strong>\u00a0\ud83d\udfe8<\/p>\n<p><img fetchpriority=\"high\" decoding=\"async\" width=\"1012\" height=\"675\" data-attachment-id=\"364172\" data-permalink=\"https:\/\/grandepremio.com\/es\/f1\/jefe-ferrari-admite-subestimo-reconstruccion-f1-2025\/attachment\/250413_sfhp_f1_r04_bahrain_ca_r0480890_c40889c0-5900-4f7c-9242-c6101ff013c7-scaled\/\" data-orig-file=\"https:\/\/www.europesays.com\/es\/wp-content\/uploads\/2025\/10\/250413_SFHP_F1_R04_BAHRAIN_CA_R0480890_c40889c0-5900-4f7c-9242-c6101ff013c7-scaled-1.webp.webp\" data-orig-size=\"1012,675\" data-comments-opened=\"1\" data-image-meta=\"{\" aperture=\"\" data-image-title=\"250413_SFHP_F1_R04_BAHRAIN_CA_R0480890_c40889c0-5900-4f7c-9242-c6101ff013c7-scaled\" data-image-description=\"\" data-image-caption=\"&lt;p&gt;Lewis Hamilton elogi\u00f3 a Fr\u00e9d\u00e9ric Vasseur, a quien conoce desde la GP2. (Foto: Ferrari)&lt;\/p&gt;&#10;\" data-medium-file=\"https:\/\/grandepremio.com\/es\/wp-content\/uploads\/2025\/09\/250413_SFHP_F1_R04_BAHRAIN_CA_R0480890_c40889c0-5900-4f7c-9242-c6101ff013c7-scaled-1-300x200.webp\" data-large-file=\"https:\/\/www.europesays.com\/es\/wp-content\/uploads\/2025\/10\/250413_SFHP_F1_R04_BAHRAIN_CA_R0480890_c40889c0-5900-4f7c-9242-c6101ff013c7-scaled-1.webp.webp\" src=\"https:\/\/www.europesays.com\/es\/wp-content\/uploads\/2025\/10\/250413_SFHP_F1_R04_BAHRAIN_CA_R0480890_c40889c0-5900-4f7c-9242-c6101ff013c7-scaled-1.webp.webp\" alt=\"\" class=\"wp-image-364172\"  \/>Lewis Hamilton elogi\u00f3 a Fr\u00e9d\u00e9ric Vasseur, a quien conoce desde la GP2. (Foto: Ferrari)<\/p>\n<p>\u23e9\u00a0<strong>\u00a1Seguinos en redes por\u00a0<\/strong><a href=\"https:\/\/twitter.com\/grandepremioES\" rel=\"nofollow noopener\" target=\"_blank\">Twitter\u00a0<\/a><strong>e\u00a0<\/strong><a href=\"https:\/\/www.instagram.com\/grandepremioes\/\" rel=\"nofollow noopener\" target=\"_blank\">Instagram!<br \/><\/a>\u23e9\u00a0<strong>Adem\u00e1s, tenemos nuestro\u00a0<\/strong><a href=\"https:\/\/whatsapp.com\/channel\/0029VaDZ5zb0gcfDxuwxBM05\" rel=\"nofollow noopener\" target=\"_blank\">canal de Whatsapp<\/a><strong>\u00a0con toda la informaci\u00f3n al instante<\/strong>\u00a0\ud83c\udfc1<\/p>\n<p>El siete veces campe\u00f3n del mundo aprovech\u00f3 la oportunidad para elogiar el estilo de trabajo del equipo, tras incorporarse a Ferrari para la <strong>temporada 2023<\/strong> tras trabajar para <strong>Renault<\/strong>, <strong>Sauber<\/strong> y <strong>Alfa Romeo<\/strong> entre <strong>2016<\/strong> y <strong>2022<\/strong>.<\/p>\n<p>\u00abSiempre admir\u00e9 mucho a Fred cuando estaba en las categor\u00edas inferiores. Es directo, competitivo y se centra en el rendimiento del coche. He trabajado para equipos que dedicaban tiempo a otras \u00e1reas, pero Fred siempre ha estado obsesionado con la aerodin\u00e1mica y el rendimiento, y eso es lo que lo define hasta el d\u00eda de hoy\u00bb, concluy\u00f3.<\/p>\n<p>La\u00a0<strong>F\u00f3rmula 1<\/strong>\u00a0regresa del 17 al 19 de octubre al\u00a0<strong>Circuito de las Am\u00e9ricas en Austin<\/strong>, sede del\u00a0<strong>Gran Premio de Estados Unidos<\/strong>, la 19\u00aa ronda de la\u00a0<strong>temporada 2025<\/strong>.<\/p>\n<p>      <script async src=\"https:\/\/platform.twitter.com\/widgets.js\" charset=\"utf-8\"><\/script><script async src=\"\/\/www.instagram.com\/embed.js\"><\/script><\/p>\n","protected":false},"excerpt":{"rendered":"Lewis Hamilton dijo que Vasseur \u00abno cambi\u00f3 nada a lo largo de los a\u00f1os\u00bb. (Foto: Ferrari) A\u00fan buscando&hellip;\n","protected":false},"author":2,"featured_media":175862,"comment_status":"","ping_status":"","sticky":false,"template":"","format":"standard","meta":{"footnotes":""},"categories":[270],"tags":[168,25,24,306,271,272,23,167],"class_list":{"0":"post-175861","1":"post","2":"type-post","3":"status-publish","4":"format-standard","5":"has-post-thumbnail","7":"category-formula-1","8":"tag-deportes","9":"tag-es","10":"tag-espana","11":"tag-f1","12":"tag-formula-1","13":"tag-formula1","14":"tag-spain","15":"tag-sports"},"share_on_mastodon":{"url":"","error":""},"_links":{"self":[{"href":"https:\/\/www.europesays.com\/es\/wp-json\/wp\/v2\/posts\/175861","targetHints":{"allow":["GET"]}}],"collection":[{"href":"https:\/\/www.europesays.com\/es\/wp-json\/wp\/v2\/posts"}],"about":[{"href":"https:\/\/www.europesays.com\/es\/wp-json\/wp\/v2\/types\/post"}],"author":[{"embeddable":true,"href":"https:\/\/www.europesays.com\/es\/wp-json\/wp\/v2\/users\/2"}],"replies":[{"embeddable":true,"href":"https:\/\/www.europesays.com\/es\/wp-json\/wp\/v2\/comments?post=175861"}],"version-history":[{"count":0,"href":"https:\/\/www.europesays.com\/es\/wp-json\/wp\/v2\/posts\/175861\/revisions"}],"wp:featuredmedia":[{"embeddable":true,"href":"https:\/\/www.europesays.com\/es\/wp-json\/wp\/v2\/media\/175862"}],"wp:attachment":[{"href":"https:\/\/www.europesays.com\/es\/wp-json\/wp\/v2\/media?parent=175861"}],"wp:term":[{"taxonomy":"category","embeddable":true,"href":"https:\/\/www.europesays.com\/es\/wp-json\/wp\/v2\/categories?post=175861"},{"taxonomy":"post_tag","embeddable":true,"href":"https:\/\/www.europesays.com\/es\/wp-json\/wp\/v2\/tags?post=175861"}],"curies":[{"name":"wp","href":"https:\/\/api.w.org\/{rel}","templated":true}]}}