{"id":175893,"date":"2025-10-14T09:52:22","date_gmt":"2025-10-14T09:52:22","guid":{"rendered":"https:\/\/www.europesays.com\/es\/175893\/"},"modified":"2025-10-14T09:52:22","modified_gmt":"2025-10-14T09:52:22","slug":"gracias-por-no-juzgarme-antes-de-tiempo","status":"publish","type":"post","link":"https:\/\/www.europesays.com\/es\/175893\/","title":{"rendered":"Gracias por no juzgarme antes de tiempo"},"content":{"rendered":"<p><strong>Anabel Pantoja<\/strong> ha vuelto pisando fuerte al panorama medi\u00e1tico. <a href=\"https:\/\/okdiario.com\/happyfm\/anabel-pantoja-lagrimas-denunciar-compleja-situacion-parece-tan-injusto-15242177\" target=\"_blank\" rel=\"noopener noreferrer nofollow\">La sobrina de Isabel Pantoja<\/a> decidi\u00f3, hace unos meses, alejarse por completo de la televisi\u00f3n y todo lo relacionado con Mediaset Espa\u00f1a. Pero, ahora, ha regresado por todo lo alto y, entre otros proyectos, lo ha hecho como c<strong>oncursante de Bailando con las estrellas.<\/strong> Un formato televisivo que se emite cada s\u00e1bado, en horario prime time, y donde demuestra sus dotes art\u00edsticas en la pista de baile. Sin embargo, la sevillana ha dado mucho de qu\u00e9 hablar por otro motivo diferente. Y es que, <strong>sus declaraciones en un podcast no han dejado indiferente a nadie.<\/strong><\/p>\n<p>Ac2ality es un programa presentado por la entrevistadora Daniela Macarena. En esta ocasi\u00f3n, la comunicadora cont\u00f3 con la intervenci\u00f3n de Abel Planelles, conocido periodista que habla de actualidad en redes sociales. Un encuentro donde Anabel Pantoja fue la invitada del d\u00eda, por lo que <strong>pudieron preguntarle respecto a diversos asuntos, siendo uno de ellos la tauromaquia.<\/strong> Un tema bastante delicado y que siempre levanta mucho revuelo. Pero, como no pod\u00eda ser de otra manera, la invitada se sincer\u00f3.<\/p>\n<p><img loading=\"lazy\" decoding=\"async\" class=\"size-medium wp-image-15576243\" alt=\"Anabel Pantoja en 'Ac2ality'. (YouTube)\" width=\"620\" height=\"346\"  src=\"https:\/\/www.europesays.com\/es\/wp-content\/uploads\/2025\/10\/captura-de-pantalla-2025-10-13-a-las-10.23.37-min-620x346.jpg\" \/> Anabel Pantoja en \u2018Ac2ality\u2019. (YouTube)<\/p>\n<p>La presentadora opt\u00f3 por hacerle un test de preguntas r\u00e1pidas a Anabel Pantoja. <strong>\u00ab\u00bfA favor o en contra de la tauromaquia?\u00bb<\/strong>, le pregunt\u00f3. Sin pens\u00e1rselo demasiado, la sobrina de Isabel Pantoja se sincer\u00f3. <strong>\u00abNo, yo en contra, s\u00faper en contra\u00bb<\/strong>, dijo de manera tajante. Pero, antes de que la cosa se tergiverse, decidi\u00f3 explicarse de manera m\u00e1s extensa en su cuenta de Instagram.<\/p>\n<p><strong>\u00abEl video del podcast en el que se me pregunta sobre los toros est\u00e1 mal editado. Yo contesto que estoy en contra de ello, para que no haya malentendidos\u00bb<\/strong>, dijo. Junto a un v\u00eddeo, la influencer ha querido concluir su intervenci\u00f3n con unas breves palabras. \u00abGracias por no juzgarme antes de tiempo\u00bb, sentenci\u00f3.<\/p>\n<p><img loading=\"lazy\" decoding=\"async\" class=\"size-medium wp-image-15576253\" alt=\"Anabel Pantoja habla en 'Ac2ality'. (YouTube)\" width=\"620\" height=\"346\"  src=\"https:\/\/www.europesays.com\/es\/wp-content\/uploads\/2025\/10\/captura-de-pantalla-2025-10-13-a-las-10.23.02-min-620x346.jpg\" \/> Anabel Pantoja habla en \u2018Ac2ality\u2019. (YouTube)<\/p>\n<p>Anabel Pantoja confiesa que le mira el m\u00f3vil a su novio, David<\/p>\n<p>Pues, tal y como se ha podido comprobar en numerosas ocasiones, <strong>los usuarios de redes sociales siempre son muy cr\u00edticos con Anabel Pantoja.<\/strong> Asimismo, entre otros temas, la sevillana tambi\u00e9n habl\u00f3 del estado actual de su relaci\u00f3n sentimental con David, el padre de su hija. Un noviazgo que ha vivido muchas idas y venidas y del que, recientemente, se rumore\u00f3 cierta crisis.<\/p>\n<p>Anabel Pantoja ha querido aclarar que su relaci\u00f3n con David est\u00e1 muy bien. Actualmente, ella vive en Madrid por cuestiones de trabajo y \u00e9l hace lo propio en C\u00f3rdoba. Pero, la distancia no ha sido ning\u00fan problema para ellos. Adem\u00e1s, confes\u00f3 que, <strong>en alguna que otra ocasi\u00f3n le ha cogido el m\u00f3vil a su chico<\/strong>. Eso s\u00ed, ha querido excusarse diciendo que<strong> lo hace solo cuando \u00abve una actitud sospechosa\u00bb.\u00a0<\/strong><\/p>\n","protected":false},"excerpt":{"rendered":"Anabel Pantoja ha vuelto pisando fuerte al panorama medi\u00e1tico. La sobrina de Isabel Pantoja decidi\u00f3, hace unos meses,&hellip;\n","protected":false},"author":2,"featured_media":175894,"comment_status":"","ping_status":"","sticky":false,"template":"","format":"standard","meta":{"footnotes":""},"categories":[277],"tags":[373,168,25,24,23,167,374],"class_list":{"0":"post-175893","1":"post","2":"type-post","3":"status-publish","4":"format-standard","5":"has-post-thumbnail","7":"category-toreo","8":"tag-bullfighting","9":"tag-deportes","10":"tag-es","11":"tag-espana","12":"tag-spain","13":"tag-sports","14":"tag-toreo"},"share_on_mastodon":{"url":"","error":""},"_links":{"self":[{"href":"https:\/\/www.europesays.com\/es\/wp-json\/wp\/v2\/posts\/175893","targetHints":{"allow":["GET"]}}],"collection":[{"href":"https:\/\/www.europesays.com\/es\/wp-json\/wp\/v2\/posts"}],"about":[{"href":"https:\/\/www.europesays.com\/es\/wp-json\/wp\/v2\/types\/post"}],"author":[{"embeddable":true,"href":"https:\/\/www.europesays.com\/es\/wp-json\/wp\/v2\/users\/2"}],"replies":[{"embeddable":true,"href":"https:\/\/www.europesays.com\/es\/wp-json\/wp\/v2\/comments?post=175893"}],"version-history":[{"count":0,"href":"https:\/\/www.europesays.com\/es\/wp-json\/wp\/v2\/posts\/175893\/revisions"}],"wp:featuredmedia":[{"embeddable":true,"href":"https:\/\/www.europesays.com\/es\/wp-json\/wp\/v2\/media\/175894"}],"wp:attachment":[{"href":"https:\/\/www.europesays.com\/es\/wp-json\/wp\/v2\/media?parent=175893"}],"wp:term":[{"taxonomy":"category","embeddable":true,"href":"https:\/\/www.europesays.com\/es\/wp-json\/wp\/v2\/categories?post=175893"},{"taxonomy":"post_tag","embeddable":true,"href":"https:\/\/www.europesays.com\/es\/wp-json\/wp\/v2\/tags?post=175893"}],"curies":[{"name":"wp","href":"https:\/\/api.w.org\/{rel}","templated":true}]}}