{"id":175911,"date":"2025-10-14T10:03:07","date_gmt":"2025-10-14T10:03:07","guid":{"rendered":"https:\/\/www.europesays.com\/es\/175911\/"},"modified":"2025-10-14T10:03:07","modified_gmt":"2025-10-14T10:03:07","slug":"adios-a-todos-los-canales-de-mtv-en-europa-estas-son-las-cinco-cadenas-que-dejaran-de-emitir-a-finales-de-ano-el-mundo","status":"publish","type":"post","link":"https:\/\/www.europesays.com\/es\/175911\/","title":{"rendered":"Adi\u00f3s a todos los canales de MTV en Europa: estas son las cinco cadenas que dejar\u00e1n de emitir a finales de a\u00f1o &#8211; El Mundo"},"content":{"rendered":"<ol>\n<li><a href=\"https:\/\/news.google.com\/rss\/articles\/CBMif0FVX3lxTE5BMFB4YU1Gei1tUUdGNi1fdTIwUG9ZcWRxVk1TcWk2V3dJbnJXUHVMYmhvUVNKemJGVlV2LVNPWTZ0TDJLQWtCWUxaVnExVmZGcHE2akU1WkVwZGc5cER0VTBEU2pqSzBjU3d2d1l4dmNGR3pId09vSHQxN0ZHME0?oc=5\" target=\"_blank\" rel=\"nofollow noopener\">Adi\u00f3s a todos los canales de MTV en Europa: estas son las cinco cadenas que dejar\u00e1n de emitir a finales de a\u00f1o<\/a>&nbsp;&nbsp;El Mundo<\/li>\n<li><a href=\"https:\/\/news.google.com\/rss\/articles\/CBMiyAFBVV95cUxOLUl1UzR4ZVpiS09QZ3Q1T0o5Wkl2WmFfVHhWOXlveDZmcGtHaGJCV1VpMk81WnJ2Y0tkcGV6ZEJ6YXhiNGNyQVg5SHVCbmRfeUwxYzFQYVo4OS1zUDBXWnQxZGNHc0hWYWozQW5qTzBhME1HQUJfamItR2pLVHlrdU1LaVRSLTBUQWZMS1FwV0dGanJwZjJtY1ZGWEtpeW5MS3pTMEhYcmNENVlZVjh6c0VMeHhuWWxqRmNnQk9Id1NqV0dLZjZaOdIB1AFBVV95cUxNNEk5eVRfNFg0YXc1QWtfMlExTVQ2cEpXRjZOWHVkZkwtUHExT3ZpWER1MEpmeUpqcFR5Z0pzVS11Tk9lX3BIMVRLdzN5REVZZ0M3MmpEYTdHRjJnLXdoMnc5YzZGUDdjbnBTOGludDkxVDJHeTFtczI5TTlERDFuVEJhMzFFQ05JaGRSS0x4dzEtcXM1ZXVVd2tjRE0wR1JnaE9uQ3VjQ2hKazJROW55cWUtaHJqaERGRkZVZFRmMFY3M3M5RmgwZHR2RUk3TkN4MDJ1VQ?oc=5\" target=\"_blank\" rel=\"nofollow noopener\">El final de una era: MTV cierra en Europa tras cuatro d\u00e9cadas marcando generaciones<\/a>&nbsp;&nbsp;Telecinco<\/li>\n<li><a href=\"https:\/\/news.google.com\/rss\/articles\/CBMiyAFBVV95cUxOSWczVjRaNGtBVmZPUXAtXzJaVGRHOUd2SjlwNWMwVF9pZWs0X3RiX1JRWTU3QnlzY3JOYjVqb3JYQXNPaWM3THd1QkZJVTYxS3JBZ1lPYlRKM2lVLU5LMkVkNGotdDh2YzRkS2hUWVNYRXMydW5ydWNoUmhGSXVHZGdQNDB1YzBMdWNBeTRIQ2ZFYTRHeWVhdXlpOXRFQ3RLUnI4VDI3bUExaEZtUkxvM3hyOE1iWG1fbE81ekdTdWdTQ29OMXdHM9IB3AFBVV95cUxQYW11blRLeHVaVzVsS1c3ZU9PWm84d0dFOTZzVVV1MWFWV3BSbFpzbVliZl9SdmtpRUs5RVZRa2lpRkdoNmRCSnEyZWg5MnpxN2s2VnhXWURZS2RvbEYzdGlXRlpBcGYycTltYjJUSEtYMElvaXBtT3Qyam5NaDBxU2l0TkJxWWRQZnhpYmRjQUZzbmoteTNhS1lhSVZPWHBlMkpIZUJHQXZKV2RlazNJRWY4anZTM2hBTU9ENVhXZkh4OGZ2ZVV3aU5Vc1NMY1BzM3hyeG9NMUNkM21j?oc=5\" target=\"_blank\" rel=\"nofollow noopener\">MTV se despide de Europa: la ic\u00f3nica cadena musical cierra sus canales a excepci\u00f3n de Estados Unidos<\/a>&nbsp;&nbsp;LOS40<\/li>\n<li><a href=\"https:\/\/news.google.com\/rss\/articles\/CBMi1gFBVV95cUxOS0g1cHBsQ2xMamc0QjJZMjRKQVBDcUQ2ZzgzTmdlX1doZzMyVDJTdHp2UWZTSFRLWWxQYkw2a1VrbEptSU1ZaUpvWm5YT0JCOFE4b1k3UWYwVGx5YlFOOUZiU0xDVWR0U3JIXzhVWFBqbVd5dEVLOWxUY3hWOV9KSVA3eldaVldMeUwzWjZiMnZ0eWZmZE9Yd1BxNU1lT19Senh0T0hkVnpvbjloNTNzSzRGTE9GcmdlT0pDdzhETDk1QVBydzNHc1FyRVFmSHNNT3E0V1B30gHqAUFVX3lxTE5IMjBfcUpMWUZ4NzZVclNfTG80RlRKdHY4TnRaaGVzU0JHUEdpN2xwNE04bl9DQzRRV250bGVRSmt0VlFlSVlETzNMaWpiZDFpb3ItdGRGVjNKdktGNUJhcGtnTndZTnc5b1cyZnMzcG5ReFp4Sk5tMncxR25Ob0VsQzJwR3p3MlZrMDR6clF3MnU2bEplR0dsUU0xVlFXUzEwUGo3U1R1Y2loNnkzaDJKT3R3MU16TEZDbk9SbVgtdWZ0UjF1N3U0UjltaW9GLTBfQ0hYMk9FYzExOEp5TFdLWE4yeTY2LVBnQQ?oc=5\" target=\"_blank\" rel=\"nofollow noopener\">MTV pone fin a una era y cierra sus canales musicales en Reino Unido<\/a>&nbsp;&nbsp;La Raz\u00f3n<\/li>\n<li><a href=\"https:\/\/news.google.com\/rss\/articles\/CBMizgFBVV95cUxNb19mTkxzblpDOV9tZHROYXUwR2pZQUhwYmJfTU1zTFRTUTVVZElIdHNiZHdmemJYTGVVTkxUQnpyTEFuTUdUalhQVWROYXR1M3pOcFdjNkw2MUtvbHRGWXBWaHBzalVzdThDbkNRMEpEaEN1TUlOUms0N2JoYk1RTFZVaWE3dzFXNF9OY0JXVFZlc0tHSE9lUmZ2bG1HSFJDNXo3N0pKWTFSdVZWeVdOMEFBZ0ZFVFVBQzUwT0VWdkdxUkNuejF2TUtlQzctZw?oc=5\" target=\"_blank\" rel=\"nofollow noopener\">El fin de una era: los canales de m\u00fasica MTV dejar\u00e1n de emitir en toda Europa a finales de 2025<\/a>&nbsp;&nbsp;Euronews.com<\/li>\n<\/ol>\n","protected":false},"excerpt":{"rendered":"Adi\u00f3s a todos los canales de MTV en Europa: estas son las cinco cadenas que dejar\u00e1n de emitir&hellip;\n","protected":false},"author":2,"featured_media":175912,"comment_status":"","ping_status":"","sticky":false,"template":"","format":"standard","meta":{"footnotes":""},"categories":[171],"tags":[146,147,25,24,700,185,23,807,6761,214],"class_list":{"0":"post-175911","1":"post","2":"type-post","3":"status-publish","4":"format-standard","5":"has-post-thumbnail","7":"category-tv","8":"tag-entertainment","9":"tag-entretenimiento","10":"tag-es","11":"tag-espana","12":"tag-europa","13":"tag-musica","14":"tag-spain","15":"tag-television","16":"tag-tresb","17":"tag-tv"},"share_on_mastodon":{"url":"","error":""},"_links":{"self":[{"href":"https:\/\/www.europesays.com\/es\/wp-json\/wp\/v2\/posts\/175911","targetHints":{"allow":["GET"]}}],"collection":[{"href":"https:\/\/www.europesays.com\/es\/wp-json\/wp\/v2\/posts"}],"about":[{"href":"https:\/\/www.europesays.com\/es\/wp-json\/wp\/v2\/types\/post"}],"author":[{"embeddable":true,"href":"https:\/\/www.europesays.com\/es\/wp-json\/wp\/v2\/users\/2"}],"replies":[{"embeddable":true,"href":"https:\/\/www.europesays.com\/es\/wp-json\/wp\/v2\/comments?post=175911"}],"version-history":[{"count":0,"href":"https:\/\/www.europesays.com\/es\/wp-json\/wp\/v2\/posts\/175911\/revisions"}],"wp:featuredmedia":[{"embeddable":true,"href":"https:\/\/www.europesays.com\/es\/wp-json\/wp\/v2\/media\/175912"}],"wp:attachment":[{"href":"https:\/\/www.europesays.com\/es\/wp-json\/wp\/v2\/media?parent=175911"}],"wp:term":[{"taxonomy":"category","embeddable":true,"href":"https:\/\/www.europesays.com\/es\/wp-json\/wp\/v2\/categories?post=175911"},{"taxonomy":"post_tag","embeddable":true,"href":"https:\/\/www.europesays.com\/es\/wp-json\/wp\/v2\/tags?post=175911"}],"curies":[{"name":"wp","href":"https:\/\/api.w.org\/{rel}","templated":true}]}}