{"id":175917,"date":"2025-10-14T10:07:07","date_gmt":"2025-10-14T10:07:07","guid":{"rendered":"https:\/\/www.europesays.com\/es\/175917\/"},"modified":"2025-10-14T10:07:07","modified_gmt":"2025-10-14T10:07:07","slug":"comienza-la-vacunacion-contra-la-gripe-para-mayores-de-60-anos-en-la-region","status":"publish","type":"post","link":"https:\/\/www.europesays.com\/es\/175917\/","title":{"rendered":"Comienza la vacunaci\u00f3n contra la gripe para mayores de 60 a\u00f1os en la Regi\u00f3n"},"content":{"rendered":"<p data-end=\"896\" data-start=\"438\">Hoy ha sido el <strong data-end=\"546\" data-start=\"490\">primer d\u00eda de vacunaci\u00f3n contra el virus de la gripe<\/strong> para los <strong data-end=\"578\" data-start=\"556\">mayores de 60 a\u00f1os<\/strong>. Tambi\u00e9n para los <strong data-end=\"614\" data-start=\"597\">mayores de 70<\/strong>, que adem\u00e1s pueden ponerse la <strong data-end=\"674\" data-start=\"645\">vacuna contra la covid-19<\/strong>. El <strong data-end=\"720\" data-start=\"679\">consejero de Salud, Juan Jos\u00e9 Pedre\u00f1o<\/strong>, recuerda la <strong data-end=\"776\" data-start=\"734\">importancia de recibir las dos vacunas<\/strong>, especialmente en el caso de <strong data-end=\"845\" data-start=\"806\">pacientes con enfermedades cr\u00f3nicas<\/strong>, <strong data-end=\"869\" data-is-only-node=\"\" data-start=\"847\">personal sanitario<\/strong> y tambi\u00e9n <strong data-end=\"895\" data-start=\"880\">embarazadas<\/strong>.<\/p>\n<p data-end=\"1162\" data-start=\"898\">El a\u00f1o pasado, el <strong data-end=\"944\" data-start=\"916\">porcentaje de vacunaci\u00f3n<\/strong> alcanz\u00f3 el <strong data-end=\"964\" data-start=\"956\">65 %<\/strong> en el caso de los mayores. Pero otro de los <strong data-end=\"1035\" data-start=\"1009\">objetivos prioritarios<\/strong> en esta campa\u00f1a son los <strong data-end=\"1106\" data-start=\"1060\">profesionales sanitarios y sociosanitarios<\/strong>, cuyo porcentaje de vacunaci\u00f3n se qued\u00f3 en el <strong data-end=\"1161\" data-start=\"1153\">37 %<\/strong>.<\/p>\n<p data-end=\"1431\" data-start=\"1164\">Pedre\u00f1o hac\u00eda estas declaraciones en el <strong data-end=\"1236\" data-start=\"1204\">centro de salud de Zarandona<\/strong>, donde tambi\u00e9n se encontraba un <strong data-end=\"1298\" data-start=\"1269\">grupo de personas mayores<\/strong> que acudieron a recibir sus vacunas. Es el caso de <strong data-end=\"1375\" data-start=\"1350\">Francisco, de 80 a\u00f1os<\/strong>, que se vacuna cada a\u00f1o: <strong data-end=\"1430\" data-start=\"1401\">un pinchazo en cada brazo<\/strong>.<\/p>\n<p data-end=\"1508\" data-start=\"1433\">La <strong data-end=\"1457\" data-start=\"1436\">poblaci\u00f3n general<\/strong> podr\u00e1 vacunarse <strong data-end=\"1507\" data-start=\"1474\">a partir del mes de diciembre<\/strong>.<\/p>\n","protected":false},"excerpt":{"rendered":"Hoy ha sido el primer d\u00eda de vacunaci\u00f3n contra el virus de la gripe para los mayores de&hellip;\n","protected":false},"author":2,"featured_media":175918,"comment_status":"","ping_status":"","sticky":false,"template":"","format":"standard","meta":{"footnotes":""},"categories":[92],"tags":[2270,25,24,7749,165,166,23,1454],"class_list":{"0":"post-175917","1":"post","2":"type-post","3":"status-publish","4":"format-standard","5":"has-post-thumbnail","7":"category-salud","8":"tag-covid","9":"tag-es","10":"tag-espana","11":"tag-gripe","12":"tag-health","13":"tag-salud","14":"tag-spain","15":"tag-vacunas"},"share_on_mastodon":{"url":"","error":""},"_links":{"self":[{"href":"https:\/\/www.europesays.com\/es\/wp-json\/wp\/v2\/posts\/175917","targetHints":{"allow":["GET"]}}],"collection":[{"href":"https:\/\/www.europesays.com\/es\/wp-json\/wp\/v2\/posts"}],"about":[{"href":"https:\/\/www.europesays.com\/es\/wp-json\/wp\/v2\/types\/post"}],"author":[{"embeddable":true,"href":"https:\/\/www.europesays.com\/es\/wp-json\/wp\/v2\/users\/2"}],"replies":[{"embeddable":true,"href":"https:\/\/www.europesays.com\/es\/wp-json\/wp\/v2\/comments?post=175917"}],"version-history":[{"count":0,"href":"https:\/\/www.europesays.com\/es\/wp-json\/wp\/v2\/posts\/175917\/revisions"}],"wp:featuredmedia":[{"embeddable":true,"href":"https:\/\/www.europesays.com\/es\/wp-json\/wp\/v2\/media\/175918"}],"wp:attachment":[{"href":"https:\/\/www.europesays.com\/es\/wp-json\/wp\/v2\/media?parent=175917"}],"wp:term":[{"taxonomy":"category","embeddable":true,"href":"https:\/\/www.europesays.com\/es\/wp-json\/wp\/v2\/categories?post=175917"},{"taxonomy":"post_tag","embeddable":true,"href":"https:\/\/www.europesays.com\/es\/wp-json\/wp\/v2\/tags?post=175917"}],"curies":[{"name":"wp","href":"https:\/\/api.w.org\/{rel}","templated":true}]}}