{"id":175944,"date":"2025-10-14T10:23:09","date_gmt":"2025-10-14T10:23:09","guid":{"rendered":"https:\/\/www.europesays.com\/es\/175944\/"},"modified":"2025-10-14T10:23:09","modified_gmt":"2025-10-14T10:23:09","slug":"en-aquella-epoca-fue-muy-famosa-y-vistio-incluso-a-las-infantas-dona-cristina-y-dona-elena","status":"publish","type":"post","link":"https:\/\/www.europesays.com\/es\/175944\/","title":{"rendered":"En aquella \u00e9poca fue muy famosa y visti\u00f3 incluso a las infantas do\u00f1a Cristina y do\u00f1a Elena"},"content":{"rendered":"<p data-journey-content=\"true\" data-node-id=\"4\" class=\"css-6wxqfj emevuu60\">La actriz <strong data-node-id=\"4.1\">Ana Duato<\/strong> ha repasado su historia familiar m\u00e1s \u00edntima en el p\u00f3dcast &#8216;<a href=\"https:\/\/open.spotify.com\/episode\/5cyrZIToqoGrdpBGMtwrFz?si=e7248d73197a4201&amp;nd=1&amp;dlsi=38bbe795d5f149da\" target=\"_blank\" rel=\"nofollow noopener\" data-vars-ga-outbound-link=\"https:\/\/open.spotify.com\/episode\/5cyrZIToqoGrdpBGMtwrFz?si=e7248d73197a4201&amp;nd=1&amp;dlsi=38bbe795d5f149da\" data-vars-ga-ux-element=\"Hyperlink\" data-vars-ga-call-to-action=\"Por el principio\" data-node-id=\"4.3\" class=\"body-link css-177bzfx emevuu60\">Por el principio<\/a>&#8216;, donde ha hablado con orgullo y ternura de sus ra\u00edces y, en especial, de la figura de su padre, un empresario valenciano del que habla orgullosa. \u00ab<strong data-node-id=\"4.5\">E<\/strong><strong data-node-id=\"4.6\">n aquella \u00e9poca fue muy famosa y visti\u00f3 incluso a las infantas do\u00f1a Cristina y do\u00f1a Elena<\/strong>\u00ab, recuerda Ana Duato con una sonrisa en la voz al recordar a su padre como un hombre vitalista, cari\u00f1oso y, profundamente familiar: \u00abHa sido un padrazo de sus hijos. Muy cari\u00f1oso, muy extrovertido a la hora de transmitirte las ganas de vivir, de disfrutar, de aprender de la vida\u00bb, explic\u00f3. \u00abVen\u00eda de una familia muy religiosa, pero desarroll\u00f3 una gran curiosidad por el mundo, una necesidad de ver y experimentar\u00bb.<\/p>\n<p data-journey-content=\"true\" data-node-id=\"8\" class=\"css-6wxqfj emevuu60\">Su esp\u00edritu inquieto lo llev\u00f3 a viajar por toda Europa en busca de tendencias y tejidos, en una \u00e9poca que viajar era un lujo al alcance de muy pocos. \u00abIba a ferias de moda de Par\u00eds y Londres en una \u00e9poca en la que no est\u00e1bamos acostumbrados a viajar y nos llevaba con \u00e9l. <strong data-node-id=\"8.1\">Pas\u00e1bamos los veranos en una casita de Londres para aprender ingl\u00e9s&#8230;<\/strong> aunque con cuatro hermanos, poco ingl\u00e9s aprendimos\u00bb, brome\u00f3 la actriz.<\/p>\n<p data-journey-content=\"true\" data-node-id=\"10\" class=\"css-6wxqfj emevuu60\">De aquellos veranos en Inglaterra, Ana recuerda que alquilaban \u00abuna casa tan peque\u00f1a que te ten\u00edas que agachar para entrar, y para tener luz y gas ten\u00edas que meter monedas. En la casa de al lado ten\u00edan una plantaci\u00f3n de frambuesas, y nosotros nos pon\u00edamos las botas merendando frutos rojos sin que los due\u00f1os lo supieran\u00bb.<\/p>\n<p>La familia de Ana Duato lleg\u00f3 a tener un papel muy importante en la sociedad despu\u00e9s de la Guerra Civil<img draggable=\"true\" alt=\"ana duato en la presentacion del ultimo capitulo de cuentame como paso\" title=\"ana duato\" loading=\"lazy\" width=\"6048\" height=\"4024\" decoding=\"async\" data-nimg=\"1\" style=\"color:transparent;width:100%;height:auto;\"   src=\"https:\/\/www.europesays.com\/es\/wp-content\/uploads\/2025\/10\/ana-duato-podcast-68ecea583a267.jpg\" class=\"css-0 e1g79fud0\"\/><\/p>\n<p>Jose Ignacio Viseras<\/p>\n<p data-journey-content=\"true\" data-node-id=\"16\" class=\"css-6wxqfj emevuu60\">La familia Duato siempre estuvo marcada por la vocaci\u00f3n de servicio. El abuelo paterno de Ana, <strong data-node-id=\"16.1\">Jos\u00e9 Duato Chapa<\/strong>, fue cofundador de Derecha Regional Valenciana y lleg\u00f3 a ser <strong data-node-id=\"16.3\">teniente de alcalde de Valencia tras la Guerra Civil<\/strong>. Profundamente religioso y mon\u00e1rquico, dimiti\u00f3 en 1940 por convicciones democr\u00e1ticas. Tambi\u00e9n fue empresario y dirigi\u00f3 una f\u00e1brica familiar de seda, lo que, en cierto modo, anticip\u00f3 la vena textil de la siguiente generaci\u00f3n.<\/p>\n<p data-journey-content=\"true\" data-node-id=\"18\" class=\"css-6wxqfj emevuu60\">Por el lado materno, tambi\u00e9n tiene a figuras destacadas. \u00ab<strong data-node-id=\"18.1\">Mi abuela fue la segunda farmac\u00e9utica de Espa\u00f1a<\/strong>, una mujer inteligent\u00edsima que estudi\u00f3 en Madrid en 1920, cuando eso era impensable. No lleg\u00f3 a ejercer porque se cas\u00f3 con mi abuelo, que era pediatra\u00bb, relata. Ana Duato reconoce que creci\u00f3 en un entorno que mezclaba la tradici\u00f3n con la sensibilidad art\u00edstica. \u00abMi abuela paterna era muy religiosa, pero tambi\u00e9n muy especial. Un poco exc\u00e9ntrica, con una parte art\u00edstica y creativa. Una familia que parece que ha influido mucho en el car\u00e1cter y en la sensibilidad que la actriz ha demostrado en toda su carrera, ya en el pasado despu\u00e9s de que el <strong data-node-id=\"18.3\">caso Nummaria<\/strong> para ella ha quedado s\u00f3lo en un mal sue\u00f1o desde que<a href=\"https:\/\/www.diezminutos.es\/famosos-corazon\/famosos-espanoles\/a65311986\/ana-duato-absuelta-fraude-fiscal-caso-nummaria-imanol-arias-condena\/\" target=\"_blank\" data-vars-ga-outbound-link=\"https:\/\/www.diezminutos.es\/famosos-corazon\/famosos-espanoles\/a65311986\/ana-duato-absuelta-fraude-fiscal-caso-nummaria-imanol-arias-condena\/\" data-vars-ga-ux-element=\"Hyperlink\" data-vars-ga-call-to-action=\" el pasado julio conociera que el juez le hab\u00eda absuelto de todos los delitos de los que se le acusaban\" data-node-id=\"18.5\" data-mrf-link=\"https:\/\/www.diezminutos.es\/famosos-corazon\/famosos-espanoles\/a65311986\/ana-duato-absuelta-fraude-fiscal-caso-nummaria-imanol-arias-condena\/\" data-mrf-recirculation-id=\"[Article] In Text Link_0\" class=\"body-link css-177bzfx emevuu60\" rel=\"nofollow noopener\"> el pasado julio conociera que el juez le hab\u00eda <strong data-node-id=\"18.5.1\">absuelto de todos los delitos<\/strong> de los que se le acusaban<\/a> por <strong data-node-id=\"18.7\">fraude fiscal<\/strong>.. \u00abMi hermana y yo llevamos en los genes ser supervivientes de la felicidad, pase lo que pase le vemos la parte positiva\u00bb.<br data-node-id=\"18.9\"\/><\/p>\n<p><img src=\"https:\/\/www.europesays.com\/es\/wp-content\/uploads\/2025\/10\/1760437389_109_04c0b0af-4dfe-409a-8e0c-876f8f325877_1664867977.file\" alt=\"Headshot of Ignacio Herruzo Mart\u00ednez\" title=\"Headshot of Ignacio Herruzo Mart\u00ednez\" width=\"100%\" height=\"100%\" decoding=\"async\" loading=\"lazy\" class=\"css-o0wq4v ev8dhu53\"\/><\/p>\n<p>Ignacio es experto en cultura, pero desde hace m\u00e1s de 10 a\u00f1os se ha especializado en cine y series, tanto las que se estrenan en la gran pantalla como en las plataformas de streaming. Lo mismo te habla de los estrenos de Netflix, HBO Max o Amazon Prime Video, como que te cuenta la \u00faltima hora de \u2018Masterchef\u2019 o de cualquier otro programa de televisi\u00f3n. \u00a0\u00a0<\/p>\n<p>Con ya una larga experiencia como cr\u00edtico, conoce las mejores series y pel\u00edculas y le encanta verlas antes que t\u00fa para poder decirte si merecen la pena o no. Conoce todos los estrenos de la semana y le encanta recomendar series y pel\u00edculas a sus amigos, familiares y a los lectores, algo que ha ido haciendo en diferentes blogs personales y a trav\u00e9s de las redes sociales. Le gusta todo: sigue a grandes directores como Martin Scorsese, Quentin Tarantino o Steven Spielberg, y se sabe de memoria todo el universo de Marvel, Star Wars, El se\u00f1or de los anillos y el mundo Disney. \u00a0\u00a0\u00a0<\/p>\n<p>La cultura es su principal hobby y aunque se considera un cin\u00e9filo, tambi\u00e9n le encanta la m\u00fasica, sobre todo internacional, y los videojuegos, a los que dedica todo el tiempo que le deja el cine y las series, claro. El deporte es su otra pasi\u00f3n, que desarroll\u00f3 en sus inicios en el diario deportivo MARCA. \u00a0\u00a0Ignacio Herruzo es Graduado en Periodismo por la Universidad Rey Juan Carlos en 2012. Desde entonces no ha parado de escribir desde que comenz\u00f3 en 2013 en el grupo Hearst, donde ha ejercido de redactor en diferentes webs y revistas como Teleprograma, Supertele y Diez Minutos. \u00a0<\/p>\n","protected":false},"excerpt":{"rendered":"La actriz Ana Duato ha repasado su historia familiar m\u00e1s \u00edntima en el p\u00f3dcast &#8216;Por el principio&#8216;, donde&hellip;\n","protected":false},"author":2,"featured_media":175945,"comment_status":"","ping_status":"","sticky":false,"template":"","format":"standard","meta":{"footnotes":""},"categories":[174],"tags":[255,253,146,147,25,24,256,23],"class_list":{"0":"post-175944","1":"post","2":"type-post","3":"status-publish","4":"format-standard","5":"has-post-thumbnail","7":"category-famosos","8":"tag-celebrities","9":"tag-discover","10":"tag-entertainment","11":"tag-entretenimiento","12":"tag-es","13":"tag-espana","14":"tag-famosos","15":"tag-spain"},"share_on_mastodon":{"url":"","error":""},"_links":{"self":[{"href":"https:\/\/www.europesays.com\/es\/wp-json\/wp\/v2\/posts\/175944","targetHints":{"allow":["GET"]}}],"collection":[{"href":"https:\/\/www.europesays.com\/es\/wp-json\/wp\/v2\/posts"}],"about":[{"href":"https:\/\/www.europesays.com\/es\/wp-json\/wp\/v2\/types\/post"}],"author":[{"embeddable":true,"href":"https:\/\/www.europesays.com\/es\/wp-json\/wp\/v2\/users\/2"}],"replies":[{"embeddable":true,"href":"https:\/\/www.europesays.com\/es\/wp-json\/wp\/v2\/comments?post=175944"}],"version-history":[{"count":0,"href":"https:\/\/www.europesays.com\/es\/wp-json\/wp\/v2\/posts\/175944\/revisions"}],"wp:featuredmedia":[{"embeddable":true,"href":"https:\/\/www.europesays.com\/es\/wp-json\/wp\/v2\/media\/175945"}],"wp:attachment":[{"href":"https:\/\/www.europesays.com\/es\/wp-json\/wp\/v2\/media?parent=175944"}],"wp:term":[{"taxonomy":"category","embeddable":true,"href":"https:\/\/www.europesays.com\/es\/wp-json\/wp\/v2\/categories?post=175944"},{"taxonomy":"post_tag","embeddable":true,"href":"https:\/\/www.europesays.com\/es\/wp-json\/wp\/v2\/tags?post=175944"}],"curies":[{"name":"wp","href":"https:\/\/api.w.org\/{rel}","templated":true}]}}