{"id":175962,"date":"2025-10-14T10:34:10","date_gmt":"2025-10-14T10:34:10","guid":{"rendered":"https:\/\/www.europesays.com\/es\/175962\/"},"modified":"2025-10-14T10:34:10","modified_gmt":"2025-10-14T10:34:10","slug":"la-represion-de-hamas-en-gaza-deja-decenas-de-muertos-en-medio-de-una-lucha-por-el-poder","status":"publish","type":"post","link":"https:\/\/www.europesays.com\/es\/175962\/","title":{"rendered":"La represi\u00f3n de Ham\u00e1s en Gaza deja decenas de muertos en medio de una lucha por el poder"},"content":{"rendered":"<p>  Por&amp;nbsp<a href=\"https:\/\/es.euronews.com\/perfiles\/2310\" rel=\"nofollow noopener\" target=\"_blank\">Aleksandar Brezar<\/a><\/p>\n<p>\n                    Publicado                 13\/10\/2025 &#8211; 18:59 CEST<br \/>\n                \u2022Ultima actualizaci\u00f3n<br \/>\n                                     14\/10\/2025 &#8211; 8:13 CEST\n                                        <\/p>\n<p>          <img decoding=\"async\" class=\"c-ad__placeholder__logo\" src=\"https:\/\/static.euronews.com\/website\/images\/logos\/logo-euronews-stacked-outlined-72x72-grey-9.svg\" width=\"72\" height=\"72\" alt=\"\" loading=\"lazy\"\/><br \/>\n          PUBLICIDAD<\/p>\n<p>Al menos 32 personas han muerto en Ciudad de Gaza este fin de semana de duraci\u00f3n tras los ataques de Ham\u00e1s contra varios objetivos rivales dentro de la Franja, pocos d\u00edas despu\u00e9s de que <a href=\"https:\/\/es.euronews.com\/2025\/10\/13\/israel-comienza-a-recibir-a-los-primeros-rehenes-a-cambio-de-miles-de-presos-palestinos\" rel=\"nofollow noopener\" target=\"_blank\">haya entrado en vigor el alto el fuego entre Israel y los paramilitares<\/a>.<\/p>\n<p>Aunque Ham\u00e1s no ha confirmado cu\u00e1l era su objetivo, varios medios de comunicaci\u00f3n afirman que su brazo militar habr\u00eda desplegado <strong>hasta 2.000 de sus combatientes contra el clan Doghmush<\/strong>, uno de sus principales rivales en la Franja. Ham\u00e1s habr\u00eda perdido a seis de sus combatientes en las operaciones, aunque &#8216;Euronews&#8217; no ha podido confirmar de forma independiente estas cifras. <\/p>\n<p>El Ministerio del Interior dirigido por Ham\u00e1s ha desplegado sus unidades -seg\u00fan algunas estimaciones, unos <strong>7.000 efectivos<\/strong>&#8211; por toda Gaza en lo que, seg\u00fan ha asegurado, es un intento de \u00abevitar la anarqu\u00eda y un vac\u00edo de poder\u00bb. M\u00faltiples informaciones y fuentes sobre el terreno con las que ha hablado &#8216;Euronews&#8217; han afirmado que Ham\u00e1s, <a href=\"https:\/\/es.euronews.com\/2025\/10\/13\/el-plan-de-paz-para-gaza-de-trump-ya-esta-en-marcha-y-ahora-que\" rel=\"nofollow noopener\" target=\"_blank\">a quien Israel quiere ver desarmado y disuelto en las fases posteriores del acuerdo de alto el fuego<\/a>, busca una forma de mantenerse en el poder.<\/p>\n<p>El 4 de octubre, el grupo envi\u00f3 a sus fuerzas de \u00e9lite Nukhba a Jan Yunis para, supuestamente, <strong>atacar a la familia Al Majayda<\/strong> y acabar con uno de sus miembros. Otros reportajes procedentes del terreno afirman que la <strong>Unidad Sahm o Flecha<\/strong>, acusada por varios palestinos y organizaciones internacionales de <strong>perseguir a los cr\u00edticos de Ham\u00e1s mediante ejecuciones extrajudiciales<\/strong>, tambi\u00e9n se despleg\u00f3 en la operaci\u00f3n.<\/p>\n<p>La facci\u00f3n de Yasser Abu Shabab, creada y financiada por Israel, en el punto de mira de Ham\u00e1s<\/p>\n<p>Seg\u00fan los medios, ambas partes sufrieron bajas en los enfrentamientos desarrollados, que concluyeron con miembros de Al Majayda repeliendo el ataque. Adem\u00e1s, el grupo contin\u00faa tratando de encontrar al <strong>l\u00edder de las denominadas Fuerzas Populares, Yasser Abu Shabab<\/strong>, quien admiti\u00f3 en una entrevista con un peri\u00f3dico israel\u00ed que mantiene contacto y colabora con la inteligencia israel\u00ed.<\/p>\n<p><strong>La localidad sure\u00f1a de Rafah<\/strong>, donde se encuentran las Fuerzas Populares de Abu Shabab, sigue bajo control militar israel\u00ed. Este Ej\u00e9rcito le ha proporcionado armas y material al grupo, <a href=\"https:\/\/es.euronews.com\/2025\/07\/10\/exclusiva-surge-una-nueva-milicia-en-gaza-para-desafiar-el-control-de-hamas\" rel=\"nofollow noopener\" target=\"_blank\">seg\u00fan inform\u00f3 en exclusiva &#8216;Euronews&#8217; en julio.<\/a> Ir\u00f3nicamente, varios miembros del Ejecutivo israel\u00edhan admitido desde 1981 <strong>la participaci\u00f3n de Israel en la creaci\u00f3n y financiaci\u00f3n de Ham\u00e1s<\/strong> para desestabilizar a la Franja y boicotear la creaci\u00f3n de un Estado por parte de la Autoridad Palestina con sede en Ramala, Cisjordania.<\/p>\n<p>Ham\u00e1s ha asesinado a varios miembros de las Fuerzas Populares, haciendo una demostraci\u00f3n de fuerza contra posibles organizaciones rivales a pesar de los dos a\u00f1os de la invasi\u00f3n militar israel\u00ed. \u00abHam\u00e1s ha asesinado <strong>a m\u00e1s de 50 de nuestros voluntarios<\/strong>, incluidos miembros de la familia del comandante Yasser, mientras vigil\u00e1bamos convoyes de ayuda\u00bb, declar\u00f3 entonces a &#8216;Euronews&#8217; el portavoz de las Fuerzas Populares.<\/p>\n<p>Muchas cuestiones siguen sin respuesta en el plan de paz de 20 puntos del presidente estadounidense Donald Trump, incluida el posible abandono de armas por parte de los paramilitares. <strong>Ham\u00e1s se niega a ello y quiere asegurarse de que Israel retire completamente sus tropas de Gaza<\/strong>. Hasta ahora, el Ej\u00e9rcito israel\u00ed se ha retirado de gran parte de Ciudad de Gaza, de la localidad meridional de Jan Yunis y de otras zonas. <\/p>\n<p>El futuro Gobierno de Gaza tampoco est\u00e1 claro. Seg\u00fan el plan estadounidense, un organismo internacional gobernar\u00e1 el territorio bajo la supervisi\u00f3n de \u00abtecn\u00f3cratas\u00bb, sin que est\u00e9 contemplada <strong>la posibilidad de elecci\u00f3n directa por parte de los civiles palestinos<\/strong>. El plan tambi\u00e9n prev\u00e9 la presencia en Gaza de una <strong>fuerza de seguridad internacional dirigida por \u00e1rabes<\/strong>, junto con polic\u00edas palestinos entrenados por Egipto y Jordania. Seg\u00fan el plan, los israel\u00edes abandonar\u00edan la zona a medida que se desplegara este nuevo Ej\u00e9rcito. Unos 200 soldados estadounidenses se encuentran actualmente en Israel para supervisar el alto el fuego.<\/p>\n<p>Fuentes adicionales<strong> \u2022 AP<\/strong><\/p>\n","protected":false},"excerpt":{"rendered":"Por&amp;nbspAleksandar Brezar Publicado 13\/10\/2025 &#8211; 18:59 CEST \u2022Ultima actualizaci\u00f3n 14\/10\/2025 &#8211; 8:13 CEST PUBLICIDAD Al menos 32 personas&hellip;\n","protected":false},"author":2,"featured_media":175963,"comment_status":"","ping_status":"","sticky":false,"template":"","format":"standard","meta":{"footnotes":""},"categories":[42],"tags":[17,18,13,14,1256,1258,75,11,61,62,63,64,50491,19,20,9,10,15,16,50490,12,21,22,65,66,67],"class_list":{"0":"post-175962","1":"post","2":"type-post","3":"status-publish","4":"format-standard","5":"has-post-thumbnail","7":"category-internacional","8":"tag-breaking-news","9":"tag-breakingnews","10":"tag-featured-news","11":"tag-featurednews","12":"tag-franja-de-gaza","13":"tag-guerra-israel-hamas","14":"tag-hamas","15":"tag-headlines","16":"tag-internacional","17":"tag-international","18":"tag-international-news","19":"tag-internationalnews","20":"tag-khan-yunis","21":"tag-latest-news","22":"tag-latestnews","23":"tag-news","24":"tag-noticias","25":"tag-noticias-destacadas","26":"tag-noticiasdestacadas","27":"tag-paramilitar","28":"tag-titulares","29":"tag-ultimas-noticias","30":"tag-ultimasnoticias","31":"tag-world","32":"tag-world-news","33":"tag-worldnews"},"share_on_mastodon":{"url":"","error":""},"_links":{"self":[{"href":"https:\/\/www.europesays.com\/es\/wp-json\/wp\/v2\/posts\/175962","targetHints":{"allow":["GET"]}}],"collection":[{"href":"https:\/\/www.europesays.com\/es\/wp-json\/wp\/v2\/posts"}],"about":[{"href":"https:\/\/www.europesays.com\/es\/wp-json\/wp\/v2\/types\/post"}],"author":[{"embeddable":true,"href":"https:\/\/www.europesays.com\/es\/wp-json\/wp\/v2\/users\/2"}],"replies":[{"embeddable":true,"href":"https:\/\/www.europesays.com\/es\/wp-json\/wp\/v2\/comments?post=175962"}],"version-history":[{"count":0,"href":"https:\/\/www.europesays.com\/es\/wp-json\/wp\/v2\/posts\/175962\/revisions"}],"wp:featuredmedia":[{"embeddable":true,"href":"https:\/\/www.europesays.com\/es\/wp-json\/wp\/v2\/media\/175963"}],"wp:attachment":[{"href":"https:\/\/www.europesays.com\/es\/wp-json\/wp\/v2\/media?parent=175962"}],"wp:term":[{"taxonomy":"category","embeddable":true,"href":"https:\/\/www.europesays.com\/es\/wp-json\/wp\/v2\/categories?post=175962"},{"taxonomy":"post_tag","embeddable":true,"href":"https:\/\/www.europesays.com\/es\/wp-json\/wp\/v2\/tags?post=175962"}],"curies":[{"name":"wp","href":"https:\/\/api.w.org\/{rel}","templated":true}]}}