{"id":175988,"date":"2025-10-14T10:51:13","date_gmt":"2025-10-14T10:51:13","guid":{"rendered":"https:\/\/www.europesays.com\/es\/175988\/"},"modified":"2025-10-14T10:51:13","modified_gmt":"2025-10-14T10:51:13","slug":"el-secreto-detras-del-regreso-de-vin-diesel-su-entrenamiento-para-volver-como-riddick-a-los-58-anos","status":"publish","type":"post","link":"https:\/\/www.europesays.com\/es\/175988\/","title":{"rendered":"El secreto detr\u00e1s del regreso de Vin Diesel: su entrenamiento para volver como Riddick a los 58 a\u00f1os"},"content":{"rendered":"<p>El actor sorprende con un f\u00edsico imponente a los 58 a\u00f1os en su publicaci\u00f3n de Instagram (Instagram\/@vindiesel)<\/p>\n<p class=\"paragraph\"><a href=\"https:\/\/www.infobae.com\/entretenimiento\/2025\/03\/24\/de-portero-de-boliches-a-estrella-de-hollywood-la-historia-poco-conocida-de-vin-diesel\/\" target=\"_blank\" rel=\"noreferrer nofollow noopener\" title=\"https:\/\/www.infobae.com\/entretenimiento\/2025\/03\/24\/de-portero-de-boliches-a-estrella-de-hollywood-la-historia-poco-conocida-de-vin-diesel\/\"><b>Vin Diesel<\/b><\/a> provoc\u00f3 un aut\u00e9ntico revuelo en la comunidad cin\u00e9fila al confirmar su esperado regreso como <a href=\"https:\/\/www.infobae.com\/tag\/las-cronicas-de-riddick\/\" target=\"_blank\" rel=\"noreferrer nofollow noopener\" title=\"https:\/\/www.infobae.com\/tag\/las-cronicas-de-riddick\/\"><b>Riddick<\/b><\/a>, el legendario antih\u00e9roe de ciencia ficci\u00f3n. <\/p>\n<p class=\"paragraph\">El reconocido actor estadounidense sorprendi\u00f3 a sus seguidores tras publicar en Instagram un video en blanco y negro, donde luce una camiseta t\u00e1ctica sin mangas y guanteletes con p\u00faas, mostrando unos <b>b\u00edceps <\/b>que despiertan comentarios por su fuerza y vigencia a los 58 a\u00f1os. <\/p>\n<p class=\"paragraph\">El escueto mensaje \u201cFuryan..\u201d acompa\u00f1\u00f3 la publicaci\u00f3n y sirvi\u00f3 como confirmaci\u00f3n oficial de su retorno en la pr\u00f3xima entrega de la saga, <b>Riddick: Furya<\/b>, seg\u00fan destac\u00f3 Men\u2019s Fitness.<\/p>\n<p><img alt=\"Vin Diesel confirma su regreso\" class=\"global-image\" decoding=\"async\" fetchpriority=\"low\" height=\"1280\" loading=\"lazy\" src=\"https:\/\/www.europesays.com\/es\/wp-content\/uploads\/2025\/10\/5ZQFQFN6BNAH5B4VDTK5GONEF4.jpg\" width=\"1920\"\/>Vin Diesel confirma su regreso como Riddick y desata furor en redes sociales (Andrej ISAKOVIC\/AFP)<\/p>\n<p class=\"paragraph\">El impacto de la imagen se reflej\u00f3 de inmediato en redes sociales. La cuenta de Diesel se llen\u00f3 de <b>GIFs alusivos a Riddick, emojis de fuego y mensajes de admiraci\u00f3n<\/b>, en una reacci\u00f3n colectiva que demostr\u00f3 el peso que a\u00fan tiene el personaje entre la audiencia. <\/p>\n<p class=\"paragraph\">Los comentarios celebraron tanto el f\u00edsico de Diesel como la noticia de su regreso al papel que lo catapult\u00f3 como figura destacada del cine de acci\u00f3n y ciencia ficci\u00f3n.<\/p>\n<p class=\"paragraph\">Medios especializados como Men\u2019s Fitness resaltaron la respuesta de la comunidad: los seguidores de Riddick mantuvieron la expectaci\u00f3n viva durante a\u00f1os, aguardando cualquier novedad sobre el futuro de la franquicia. <\/p>\n<p><img alt=\"La saga Riddick inicia una\" class=\"global-image\" decoding=\"async\" fetchpriority=\"low\" height=\"570\" loading=\"lazy\" src=\"https:\/\/www.europesays.com\/es\/wp-content\/uploads\/2025\/10\/JIYPWHHVAZH5XANZO2SMMZWEBM.jpeg\" width=\"1140\"\/>La saga Riddick inicia una nueva etapa con la producci\u00f3n de &#8216;Riddick: Furya&#8217; tras a\u00f1os de rumores (Universal Pictures)<\/p>\n<p class=\"paragraph\">Muchas personas que comentaron en la red social contaron c\u00f3mo siguieron de cerca cada rumor desde el estreno de la \u00faltima pel\u00edcula en 2013, se\u00f1alando el valor nost\u00e1lgico y simb\u00f3lico de esta saga.<\/p>\n<p class=\"paragraph\">La franquicia Riddick atraves\u00f3 varios periodos de incertidumbre y rumores. <b>Riddick: Furya<\/b> fue anunciado inicialmente en abril de 2016, pero el proyecto experiment\u00f3 un largo silencio que aliment\u00f3 la ansiedad de los fan\u00e1ticos. <\/p>\n<p class=\"paragraph\">No fue hasta 2023 cuando el director David Twohy y Diesel confirmaron que el guion de la cuarta cinta estaba finalizado, seg\u00fan lo inform\u00f3 Men\u2019s Fitness. La producci\u00f3n finalmente arranc\u00f3 en agosto de 2024, elevando las expectativas entre los seguidores del g\u00e9nero.<\/p>\n<p><img alt=\"La comunidad cin\u00e9fila celebra el\" class=\"global-image\" decoding=\"async\" fetchpriority=\"low\" height=\"812\" loading=\"lazy\" src=\"https:\/\/www.europesays.com\/es\/wp-content\/uploads\/2025\/10\/NBAYPHFB45FI5CXDMAETKTJWLU.jpeg\" width=\"1200\"\/>La comunidad cin\u00e9fila celebra el retorno del antih\u00e9roe y la vigencia de la franquicia de ciencia ficci\u00f3n (Universal Pictures)<\/p>\n<p class=\"paragraph\">Esta confirmaci\u00f3n signific\u00f3 el inicio de una nueva etapa para la saga. Durante m\u00e1s de una d\u00e9cada, la comunidad de seguidores se mantuvo activa y fiel, apoyando la expansi\u00f3n de un universo cinematogr\u00e1fico que destac\u00f3 por la complejidad de su protagonista. <b>La lealtad del p\u00fablico es una de las claves que explican la longevidad de Riddick en la industria<\/b>.<\/p>\n<p class=\"paragraph\">M\u00e1s all\u00e1 del fen\u00f3meno en redes, Diesel mantuvo una presencia constante en el mundo del cine y en eventos p\u00fablicos. <\/p>\n<p class=\"paragraph\">En marzo de 2025, particip\u00f3 en la 25\u00b0 edici\u00f3n de los Texas Film Awards, celebrados en Austin, Texas, donde su figura volvi\u00f3 a ser <b>centro de atenci\u00f3n y reconocimiento<\/b>. Este tipo de apariciones refuerzan la imagen de un actor que, m\u00e1s all\u00e1 del personaje, conserva un v\u00ednculo cercano con la audiencia y la industria.<\/p>\n<p><img alt=\"Vin Diesel mantiene su estatus\" class=\"global-image\" decoding=\"async\" fetchpriority=\"low\" height=\"5326\" loading=\"lazy\" src=\"https:\/\/www.europesays.com\/es\/wp-content\/uploads\/2025\/10\/45DKAZOX7QFRRBCCRK32R4JAQU.jpg\" width=\"3613\"\/>Vin Diesel mantiene su estatus como \u00edcono del cine de acci\u00f3n y ciencia ficci\u00f3n dentro y fuera de la pantalla (REUTERS\/Danny Moloshok)<\/p>\n<p class=\"paragraph\">Su participaci\u00f3n en eventos y galas confirma su intenci\u00f3n de seguir liderando el g\u00e9nero de acci\u00f3n, recordando a los fans el compromiso con los personajes emblem\u00e1ticos de su carrera.<\/p>\n<p class=\"paragraph\">El retorno de Vin Diesel como Riddick <b>reactiv\u00f3 el inter\u00e9s y gener\u00f3 una oleada de entusiasmo en plataformas digitales<\/b>. Su publicaci\u00f3n se transform\u00f3 en un punto de encuentro para miles de seguidores, quienes manifestaron su deseo de volver a verlo en la gran pantalla interpretando al ic\u00f3nico antih\u00e9roe. <b>La comunidad aguarda con expectativas renovadas y emociones a flor de piel<\/b>.<\/p>\n<p class=\"paragraph\">La saga prepara un nuevo cap\u00edtulo impulsado por la energ\u00eda de sus fan\u00e1ticos y la vigencia de Diesel, consolidando a la franquicia como un referente que resiste el paso del tiempo y sigue conquistando nuevas generaciones. <b>Esta nueva entrega promete superar las expectativas del p\u00fablico internacional.<\/b><\/p>\n","protected":false},"excerpt":{"rendered":"El actor sorprende con un f\u00edsico imponente a los 58 a\u00f1os en su publicaci\u00f3n de Instagram (Instagram\/@vindiesel) Vin&hellip;\n","protected":false},"author":2,"featured_media":175989,"comment_status":"","ping_status":"","sticky":false,"template":"","format":"standard","meta":{"footnotes":""},"categories":[169],"tags":[20270,177,146,147,25,24,176,408,175,23],"class_list":{"0":"post-175988","1":"post","2":"type-post","3":"status-publish","4":"format-standard","5":"has-post-thumbnail","7":"category-cine","8":"tag-auto-prix","9":"tag-cine","10":"tag-entertainment","11":"tag-entretenimiento","12":"tag-es","13":"tag-espana","14":"tag-film","15":"tag-horizontal","16":"tag-movies","17":"tag-spain"},"share_on_mastodon":{"url":"","error":""},"_links":{"self":[{"href":"https:\/\/www.europesays.com\/es\/wp-json\/wp\/v2\/posts\/175988","targetHints":{"allow":["GET"]}}],"collection":[{"href":"https:\/\/www.europesays.com\/es\/wp-json\/wp\/v2\/posts"}],"about":[{"href":"https:\/\/www.europesays.com\/es\/wp-json\/wp\/v2\/types\/post"}],"author":[{"embeddable":true,"href":"https:\/\/www.europesays.com\/es\/wp-json\/wp\/v2\/users\/2"}],"replies":[{"embeddable":true,"href":"https:\/\/www.europesays.com\/es\/wp-json\/wp\/v2\/comments?post=175988"}],"version-history":[{"count":0,"href":"https:\/\/www.europesays.com\/es\/wp-json\/wp\/v2\/posts\/175988\/revisions"}],"wp:featuredmedia":[{"embeddable":true,"href":"https:\/\/www.europesays.com\/es\/wp-json\/wp\/v2\/media\/175989"}],"wp:attachment":[{"href":"https:\/\/www.europesays.com\/es\/wp-json\/wp\/v2\/media?parent=175988"}],"wp:term":[{"taxonomy":"category","embeddable":true,"href":"https:\/\/www.europesays.com\/es\/wp-json\/wp\/v2\/categories?post=175988"},{"taxonomy":"post_tag","embeddable":true,"href":"https:\/\/www.europesays.com\/es\/wp-json\/wp\/v2\/tags?post=175988"}],"curies":[{"name":"wp","href":"https:\/\/api.w.org\/{rel}","templated":true}]}}