{"id":176000,"date":"2025-10-14T10:57:12","date_gmt":"2025-10-14T10:57:12","guid":{"rendered":"https:\/\/www.europesays.com\/es\/176000\/"},"modified":"2025-10-14T10:57:12","modified_gmt":"2025-10-14T10:57:12","slug":"el-planeta-alcanza-el-primer-punto-critico-climatico-con-la-muerte-de-los-arrecifes-de-coral-el-salto","status":"publish","type":"post","link":"https:\/\/www.europesays.com\/es\/176000\/","title":{"rendered":"El planeta alcanza el primer punto cr\u00edtico clim\u00e1tico con la muerte de los arrecifes de coral &#8211; El Salto"},"content":{"rendered":"<ol>\n<li><a href=\"https:\/\/news.google.com\/rss\/articles\/CBMitwFBVV95cUxNMVhvbXExWm50cVVqdmpLR1NCZnM5RTYzYXZwNENxNjIwYzhjbUEwZGxQcEVxMjY2NlNmSDRUY0pTdFF6MXlHY0kwOXQta1NRN0FKSmdzeEx4U2Y4ZWV4ODBLcnhyaHpIckZ1dmxxcmJtb3lIemkwMTRBZ2FZTG1hNVRqWnFYVkFFc1phMnNxT0JYOXl4a0pUQXhEcllOdU1CTzRIMWFSRDR6dHh3N2pFRGlNTlVlYVE?oc=5\" target=\"_blank\" rel=\"nofollow noopener\">El planeta alcanza el primer punto cr\u00edtico clim\u00e1tico con la muerte de los arrecifes de coral<\/a>&nbsp;&nbsp;El Salto<\/li>\n<li><a href=\"https:\/\/news.google.com\/rss\/articles\/CBMiqwFBVV95cUxPY2MwdkJEdllra0dLMFB6Qk5tYWh4TGVMNHVOVEF0dnlGc0g2cDVjdW1hT2FYWjhOeFFOcHBGcmxrcG1DYm5pMTRITllXV180c19fWkdfdFRvNWdEUUQwU0VWam12cFBLdWFtWk5SVjAwWjdQVmJPTlpRUlBaMU5fZG81dkFnSFJsdFJwc0hlODVtak9wS0pPZzJZNzN3Z29UTUJMenZCYVZONFk?oc=5\" target=\"_blank\" rel=\"nofollow noopener\">El mundo alcanza el primer punto de inflexi\u00f3n clim\u00e1tico: la mortalidad de los corales no tiene vuelta atr\u00e1s<\/a>&nbsp;&nbsp;ABC<\/li>\n<li><a href=\"https:\/\/news.google.com\/rss\/articles\/CBMi3wFBVV95cUxQSUJwZ3ZtdjFkZXpaR3dxY0JpTDFldnpBWUpwTWJUY1FOMktxVUlJWUcya1Y4Y0FUNnpGQzZ6ZFlrSkhJbHprdVNZMFRVTG56NFZscFBiTlhtSmpvMC1qWE1fVnhITXhzTHBaaFdXcW1GSUMwcjJjcU1qWGMwNWlJaWg4RnpCdllNcXNNamF1c3pjNUU5aEgzRHdWcnNXRU12UjRMMC1rWmU5cWFDMXYzQW43YVlHMklEcjEzRm5LUW5mWW42NmF1X1lERHluZHp0Mk9NWE1QVThaTE5jYmtF?oc=5\" target=\"_blank\" rel=\"nofollow noopener\">El calentamiento global lleva a los arrecifes de coral tropicales al punto de no retorno<\/a>&nbsp;&nbsp;EL PA\u00cdS<\/li>\n<li><a href=\"https:\/\/news.google.com\/rss\/articles\/CBMikAFBVV95cUxPNm5rbzc2Q0VmazBZTFQzS3M1MGZmc0h0MHBpNzBfVjlXWW5penVFNWFiU1hDOERkQnpCanQwTHFMTDlWUWJSWlNmYld4b2hxRkhoTjJRZnloN3JCZVFUd0wwU0ZsRGxpemVOLVpTXzVoYlVMTEZsZXhBMTVGOXRwdDAzMjh3emlUUFlFempIVmTSAZABQVVfeXFMTWIzZERCUHFSMmtyYjhfbVloOEs4TzRoWEhzT1Z5M3JIY3c1c3ZWdjhLbU9Jb0hTa2VJa0ZQbUZXUGJPWkRLOTJBVjNjREM2TmJLWGRVUFZDOFZiMVlJaFlFWkx1RFpCeWh0R1htRGhTMmMxbDhfUXJKTldSRS1pbkRSR2JGeWtNYzdSS1hvTzFW?oc=5\" target=\"_blank\" rel=\"nofollow noopener\">La muerte de corales en aguas templadas puede precipitar un efecto en cascada sobre el clima: \u00abEs un escenario catastr\u00f3fico para la humanidad\u00bb<\/a>&nbsp;&nbsp;El Mundo<\/li>\n<li><a href=\"https:\/\/news.google.com\/rss\/articles\/CBMi7gFBVV95cUxPUl9BNlpVTWQtWDI4R2tUdFgtMVlvZ2ZENENxU1FUMVBXbTJCM3FPYzFUZ0R2VHNfX3RXQk9FQjU2Q3VSeDRiV0g5R1VIemdxcE5uRUF2M083OHFNeU9PZTRFdURRNmw0SDBGcnRrRGptQkVCZ1JJSnRWTlhYMDB2MlNLdjZld0ZIRkwtQXQydTNLU0E3WnB3Y3BDU3FqMGtSTGZ4eVR4RG9Sa0ItNXpObXBGdnFNSkVfRlM1aGlYM1dNVnNGQndyUmlYUlJFdE51Q1JVQ3R5ZGNzS05TaDFzT0prcVhzY2ZiNkRmcU5R0gGKAkFVX3lxTFBxS2hfVkFjSUJMS3FtVVpDSk9VT1FjeG1Rd01KUldsWmlRTi1vUkJEMzFlWE83bDk0cGFLWFFHQmplazVlQVpkcjRkSjRiYWFJN1RJZzR1V1YtbmdEZFd0V1JBOHBPelZkTUlibER5V1BUdzJZYkdmbkhwRmFTaGFsX3p5Y0NBczZkbVNTZnZuT2ZKRkJMRkpXZGtGTFdjZ2pSZWRER2lsdm93eHotTFZDdnRIdHFXVGZkLTUzbm9YSXAzOWc2ZDc1S0dnTFo5dnlPMUhXa2RFUGpXTlJEOFlUMDNCQ0M0R1FjaE0zNjlJSk8wbldqMXluQUhuVE00UUxkamZMS3dPdjFB?oc=5\" target=\"_blank\" rel=\"nofollow noopener\">Los arrecifes de coral han cruzado un punto de inflexi\u00f3n clim\u00e1tico, seg\u00fan un informe mundial<\/a>&nbsp;&nbsp;La Voz de Galicia<\/li>\n<\/ol>\n","protected":false},"excerpt":{"rendered":"El planeta alcanza el primer punto cr\u00edtico clim\u00e1tico con la muerte de los arrecifes de coral&nbsp;&nbsp;El Salto El&hellip;\n","protected":false},"author":2,"featured_media":176001,"comment_status":"","ping_status":"","sticky":false,"template":"","format":"standard","meta":{"footnotes":""},"categories":[42],"tags":[17,18,13,14,4975,11,61,62,63,64,19,20,9,10,15,16,12,21,22,65,66,67],"class_list":{"0":"post-176000","1":"post","2":"type-post","3":"status-publish","4":"format-standard","5":"has-post-thumbnail","7":"category-internacional","8":"tag-breaking-news","9":"tag-breakingnews","10":"tag-featured-news","11":"tag-featurednews","12":"tag-global","13":"tag-headlines","14":"tag-internacional","15":"tag-international","16":"tag-international-news","17":"tag-internationalnews","18":"tag-latest-news","19":"tag-latestnews","20":"tag-news","21":"tag-noticias","22":"tag-noticias-destacadas","23":"tag-noticiasdestacadas","24":"tag-titulares","25":"tag-ultimas-noticias","26":"tag-ultimasnoticias","27":"tag-world","28":"tag-world-news","29":"tag-worldnews"},"share_on_mastodon":{"url":"","error":""},"_links":{"self":[{"href":"https:\/\/www.europesays.com\/es\/wp-json\/wp\/v2\/posts\/176000","targetHints":{"allow":["GET"]}}],"collection":[{"href":"https:\/\/www.europesays.com\/es\/wp-json\/wp\/v2\/posts"}],"about":[{"href":"https:\/\/www.europesays.com\/es\/wp-json\/wp\/v2\/types\/post"}],"author":[{"embeddable":true,"href":"https:\/\/www.europesays.com\/es\/wp-json\/wp\/v2\/users\/2"}],"replies":[{"embeddable":true,"href":"https:\/\/www.europesays.com\/es\/wp-json\/wp\/v2\/comments?post=176000"}],"version-history":[{"count":0,"href":"https:\/\/www.europesays.com\/es\/wp-json\/wp\/v2\/posts\/176000\/revisions"}],"wp:featuredmedia":[{"embeddable":true,"href":"https:\/\/www.europesays.com\/es\/wp-json\/wp\/v2\/media\/176001"}],"wp:attachment":[{"href":"https:\/\/www.europesays.com\/es\/wp-json\/wp\/v2\/media?parent=176000"}],"wp:term":[{"taxonomy":"category","embeddable":true,"href":"https:\/\/www.europesays.com\/es\/wp-json\/wp\/v2\/categories?post=176000"},{"taxonomy":"post_tag","embeddable":true,"href":"https:\/\/www.europesays.com\/es\/wp-json\/wp\/v2\/tags?post=176000"}],"curies":[{"name":"wp","href":"https:\/\/api.w.org\/{rel}","templated":true}]}}