{"id":176006,"date":"2025-10-14T11:00:09","date_gmt":"2025-10-14T11:00:09","guid":{"rendered":"https:\/\/www.europesays.com\/es\/176006\/"},"modified":"2025-10-14T11:00:09","modified_gmt":"2025-10-14T11:00:09","slug":"inclusport-castilla-y-leon-estara-con-la-seleccion-espanola-en-portimao","status":"publish","type":"post","link":"https:\/\/www.europesays.com\/es\/176006\/","title":{"rendered":"Inclusport Castilla y Le\u00f3n estar\u00e1 con la selecci\u00f3n espa\u00f1ola en Portimao"},"content":{"rendered":"<p>Inclusport Castilla y Le\u00f3n volver\u00e1 a estar representada en la selecci\u00f3n espa\u00f1ola de balonmano en silla de ruedas. En esta ocasi\u00f3n, una jugadora y dos miembros del cuerpo t\u00e9cnico acudir\u00e1n con los Hispanos sobre ruedas al VII Torneo Internacional Cadeira de Rodas, que tendr\u00e1 lugar del 17 al 19 de octubre en Portimao (Portugal).<\/p>\n<p>Luc\u00eda Mart\u00edn es una de las diez elegidas por el seleccionador, Ricardo Alonso, para esta cita en la que el combinado nacional preparar\u00e1 el Campeonato EHF de silla de ruedas 4 contra 4, que se celebrar\u00e1 en Vilna, Lituania, del 26 al 30 de noviembre de 2025.<\/p>\n<p>Adem\u00e1s del regreso de Luc\u00eda a la selecci\u00f3n, en el staff t\u00e9cnico aparecen otros dos miembros de Inclusport Serban, el entrenador \u00d3scar Perales y el delegado Manuel Belver.<\/p>\n<p>El equipo nacional en silla de ruedas ha sido citado el 17 de octubre, a las 9:00 horas, en el Polideportivo Infanta Juana, de la localidad vallisoletana de Zarat\u00e1n, donde iniciar\u00e1 su viaje hacia Alporchinhos, localidad en la que se alojar\u00e1 durante los dos d\u00edas que dura la competici\u00f3n. Una vez all\u00ed, los partidos se disputar\u00e1n en el Pabell\u00f3n Municipal Boavista, en Portim\u00e3o, y el 19 de octubre de 2025 regresar\u00e1n una vez finalizada la actividad.<\/p>\n<p>Calendario de partidos<\/p>\n<p>S\u00e1bado, 18 de octubre de 2025 \u2013 09:30h. | Espa\u00f1a : Lyon Metropole<\/p>\n<p>S\u00e1bado, 18 de octubre de 2025 \u2013 18:30h. | Espa\u00f1a : CPSB Messines<\/p>\n<p>Domingo, 19 de octubre de 2025 \u2013 11:30h. | Portugal : Espa\u00f1a<\/p>\n","protected":false},"excerpt":{"rendered":"Inclusport Castilla y Le\u00f3n volver\u00e1 a estar representada en la selecci\u00f3n espa\u00f1ola de balonmano en silla de ruedas.&hellip;\n","protected":false},"author":2,"featured_media":176007,"comment_status":"","ping_status":"","sticky":false,"template":"","format":"standard","meta":{"footnotes":""},"categories":[278],"tags":[376,3590,168,25,24,375,50496,14551,1462,5388,23,167,50497],"class_list":{"0":"post-176006","1":"post","2":"type-post","3":"status-publish","4":"format-standard","5":"has-post-thumbnail","7":"category-balonmano","8":"tag-balonmano","9":"tag-castilla-y-leon","10":"tag-deportes","11":"tag-es","12":"tag-espana","13":"tag-handball","14":"tag-inclusport-castilla-y-leon","15":"tag-lituania","16":"tag-portugal","17":"tag-seleccion-espanola-de-balonmano","18":"tag-spain","19":"tag-sports","20":"tag-zaratan"},"share_on_mastodon":{"url":"","error":""},"_links":{"self":[{"href":"https:\/\/www.europesays.com\/es\/wp-json\/wp\/v2\/posts\/176006","targetHints":{"allow":["GET"]}}],"collection":[{"href":"https:\/\/www.europesays.com\/es\/wp-json\/wp\/v2\/posts"}],"about":[{"href":"https:\/\/www.europesays.com\/es\/wp-json\/wp\/v2\/types\/post"}],"author":[{"embeddable":true,"href":"https:\/\/www.europesays.com\/es\/wp-json\/wp\/v2\/users\/2"}],"replies":[{"embeddable":true,"href":"https:\/\/www.europesays.com\/es\/wp-json\/wp\/v2\/comments?post=176006"}],"version-history":[{"count":0,"href":"https:\/\/www.europesays.com\/es\/wp-json\/wp\/v2\/posts\/176006\/revisions"}],"wp:featuredmedia":[{"embeddable":true,"href":"https:\/\/www.europesays.com\/es\/wp-json\/wp\/v2\/media\/176007"}],"wp:attachment":[{"href":"https:\/\/www.europesays.com\/es\/wp-json\/wp\/v2\/media?parent=176006"}],"wp:term":[{"taxonomy":"category","embeddable":true,"href":"https:\/\/www.europesays.com\/es\/wp-json\/wp\/v2\/categories?post=176006"},{"taxonomy":"post_tag","embeddable":true,"href":"https:\/\/www.europesays.com\/es\/wp-json\/wp\/v2\/tags?post=176006"}],"curies":[{"name":"wp","href":"https:\/\/api.w.org\/{rel}","templated":true}]}}