{"id":176020,"date":"2025-10-14T11:09:13","date_gmt":"2025-10-14T11:09:13","guid":{"rendered":"https:\/\/www.europesays.com\/es\/176020\/"},"modified":"2025-10-14T11:09:13","modified_gmt":"2025-10-14T11:09:13","slug":"jose-eduardo-derbez-y-paola-dalay-presumen-vistazos-de-su-escapada-por-europa-junto-a-su-hija-tessa","status":"publish","type":"post","link":"https:\/\/www.europesays.com\/es\/176020\/","title":{"rendered":"Jos\u00e9 Eduardo Derbez y Paola Dalay presumen vistazos de su escapada por Europa junto a su hija, Tessa"},"content":{"rendered":"<p id=\"evqSTmVLPj\" data-wc=\"87\">La felicidad es inmensa en los corazones de <strong>Jos\u00e9 Eduardo Derbez<\/strong> y de su pareja, <strong>Paola Dalay<\/strong>, quienes viven plenos esta etapa tras dar la bienvenida a <a class=\"hm-link ho-link\" href=\"https:\/\/www.hola.com\/us-es\/celebrities\/20250701841489\/tessa-jose-eduardo-derbez-hija-detalles-fiesta-primer-anio\/\" data-mrf-recirculation=\"article-body-link\" rel=\"nofollow noopener\" target=\"_blank\">su hija Tessa, de un a\u00f1o<\/a>. Inmersos en esta fascinante din\u00e1mica, aprovechan cada instante para disfrutar de su tiempo en familia, dispuestos a <a class=\"hm-link ho-link\" href=\"https:\/\/www.hola.com\/us-es\/celebrities\/20250806848756\/jose-eduardo-derbez-hija-tessa-granja-animales-fotos\/\" data-mrf-recirculation=\"article-body-link\" rel=\"nofollow noopener\" target=\"_blank\">escribir nuevas memorias<\/a> de la mano de su peque\u00f1a. Por tal motivo, emprendieron un viaje por Europa recientemente, destino desde donde compartieron entra\u00f1ables postales de esa escapada, orgullosos de este periodo de constantes aprendizajes en la paternidad.<\/p>\n<p> <img src=\"https:\/\/www.europesays.com\/es\/wp-content\/uploads\/2025\/10\/923fcd061d0d-image-2178994.jpg\"   width=\"806\" height=\"1024\" loading=\"lazy\" decoding=\"async\" alt=\"Jos\u00e9 Eduardo Derbez y Paola Dalay en Europa\" fetchpriority=\"auto\" class=\"image ho-image\"\/>\u00a9 @paodalay_2203Jos\u00e9 Eduardo Derbez y Paola Dalay en Europa<br \/>\nLas nuevas fotos del viaje familiar<\/p>\n<p id=\"eUuu3T1Ubbh\" data-wc=\"75\">Tal como acostumbra, Paola revel\u00f3 algunas fotos de su fascinante traves\u00eda junto a Jos\u00e9 Eduardo. Una de sus escalas, seg\u00fan dej\u00f3 ver, fue la ciudad de Bilbao, desde donde ella y el pap\u00e1 de su hija posaron muy enamorados y felices. En una imagen, se les puede ver a ambos unidos y c\u00f3mplices mientras disfrutan en uno de los restaurantes bar m\u00e1s conocidos de la localidad, dispuestos tambi\u00e9n a deleitarse con la gastronom\u00eda del lugar.<\/p>\n<p> <img src=\"https:\/\/www.europesays.com\/es\/wp-content\/uploads\/2025\/10\/cce7d8e66d1b-image-5689603.jpg\"   width=\"806\" height=\"1024\" loading=\"lazy\" decoding=\"async\" alt=\"Tessa fue parte de este fascinante viaje por Europa con sus pap\u00e1s\" fetchpriority=\"auto\" class=\"image ho-image\"\/>\u00a9 @paodalay_2203Tessa fue parte de este fascinante viaje por Europa con sus pap\u00e1s<\/p>\n<p id=\"ekUVdtKiAh\" data-wc=\"34\">\u00a0Para hacer m\u00e1s especial este viaje, decidieron volar con la peque\u00f1a Tessa, quien disfrut\u00f3 de algunos paseos en el equipaje rodante para ni\u00f1os que llevaron los pap\u00e1s, siempre dispuestos a consentir a su peque\u00f1a.<\/p>\n<p> <img src=\"https:\/\/www.europesays.com\/es\/wp-content\/uploads\/2025\/10\/0c53af169efa-image-3560923.jpg\"   width=\"809\" height=\"1024\" loading=\"lazy\" decoding=\"async\" alt=\"Paola Dalay y su hija, Tessa\" fetchpriority=\"auto\" class=\"image ho-image\"\/>\u00a9 @paodalay_2203Paola Dalay y su hija, Tessa<\/p>\n<p id=\"e7i2rug3163\" data-wc=\"116\">Seg\u00fan comparti\u00f3 Paola, ella y Jos\u00e9 Eduardo procuraron tener todo un plan listo para este viaje. Sin embargo, las cosas no resultaron como lo hab\u00edan estimado. \u201cUn poco de nuestros locos y cansados d\u00edas. \u00a1Nada sali\u00f3 como lo plane\u00e1bamos, pero las risas no faltaron!\u201d, escribi\u00f3 la influencer al pie del \u00e1lbum de fotos que dio a conocer en sus redes sociales, espacio en el que suele dar vistazos de su vida familiar junto al joven actor y su primog\u00e9nita, quien ya se ha ganado el aprecio de sus seguidores. Por supuesto, Jos\u00e9 Eduardo respondi\u00f3 a lo publicado por Paola, reiterando que la espontaneidad prevaleci\u00f3 en todo momento durante su traves\u00eda: \u201cDe locos pero con todo\u201d, dijo.<\/p>\n<p> <img src=\"https:\/\/www.europesays.com\/es\/wp-content\/uploads\/2025\/10\/39480a17e549-img4904.jpg\"   width=\"1024\" height=\"787\" loading=\"lazy\" decoding=\"async\" alt=\"Jos\u00e9 Eduardo y Paola Dalay en Bilbao\" fetchpriority=\"auto\" class=\"image ho-image\"\/>\u00a9 @paodalay_2203Jos\u00e9 Eduardo y Paola Dalay en Bilbao<br \/>\nJos\u00e9 Eduardo, un pap\u00e1 presente<\/p>\n<p id=\"e8gacr66pF8\" data-wc=\"82\">Viajar y celebrar cada fecha importante en el calendario familiar ha sido imprescindible para Jos\u00e9 Eduardo. Por tal motivo, estas recientes vacaciones toman gran relevancia para \u00e9l y su pareja. De hecho, el tambi\u00e9n hijo de Eugenio Derbez dej\u00f3 claro anteriormente lo importante que es para \u00e9l pasar tiempo de calidad con su hija, pues m\u00e1s all\u00e1 de sus compromisos profesionales desea ser, ante todo, un padre presente, tarea que ha logrado cumplir hasta el d\u00eda de hoy, seg\u00fan ha dejado saber.<\/p>\n<p> <img src=\"https:\/\/www.europesays.com\/es\/wp-content\/uploads\/2025\/10\/c3139b940a62-image-5571889.jpg\"   width=\"806\" height=\"1024\" loading=\"lazy\" decoding=\"async\" alt=\"Jos\u00e9 Eduardo Derbez y Paola Dalay con su hija Tessa\" fetchpriority=\"auto\" class=\"image ho-image\"\/>\u00a9 @paodalay_2203Jos\u00e9 Eduardo Derbez y Paola Dalay con su hija Tessa<\/p>\n<p id=\"e85FmqOPH0J\" data-wc=\"103\">En d\u00edas pasados, Jos\u00e9 Eduardo convers\u00f3 en el podcast de su hermana, Aislinn Derbez, en donde fue cuestionado sobre si ha evitado con su hija repetir algunos patrones con los que \u00e9l creci\u00f3 de peque\u00f1o. Tras la pregunta, respondi\u00f3 de manera directa: \u201cSer un pap\u00e1 presente, que sea ella como lo primero que est\u00e1 en mi vida, no tanto el trabajo, sino no perderme cosas importantes, la toxicidad que de repente hay entre pap\u00e1s e hijos, todo eso que lo sabes antes, pero te da igual. Ahorita s\u00ed hay muchas cosas que digo: \u2018No pienso repetir esto, no pienso hacer lo otro\u2019\u2026\u201d, explic\u00f3.<\/p>\n","protected":false},"excerpt":{"rendered":"La felicidad es inmensa en los corazones de Jos\u00e9 Eduardo Derbez y de su pareja, Paola Dalay, quienes&hellip;\n","protected":false},"author":2,"featured_media":176021,"comment_status":"","ping_status":"","sticky":false,"template":"","format":"standard","meta":{"footnotes":""},"categories":[174],"tags":[517,255,146,147,25,24,256,50499,23],"class_list":{"0":"post-176020","1":"post","2":"type-post","3":"status-publish","4":"format-standard","5":"has-post-thumbnail","7":"category-famosos","8":"tag-actualidad","9":"tag-celebrities","10":"tag-entertainment","11":"tag-entretenimiento","12":"tag-es","13":"tag-espana","14":"tag-famosos","15":"tag-jose-eduardo-derbez","16":"tag-spain"},"share_on_mastodon":{"url":"","error":""},"_links":{"self":[{"href":"https:\/\/www.europesays.com\/es\/wp-json\/wp\/v2\/posts\/176020","targetHints":{"allow":["GET"]}}],"collection":[{"href":"https:\/\/www.europesays.com\/es\/wp-json\/wp\/v2\/posts"}],"about":[{"href":"https:\/\/www.europesays.com\/es\/wp-json\/wp\/v2\/types\/post"}],"author":[{"embeddable":true,"href":"https:\/\/www.europesays.com\/es\/wp-json\/wp\/v2\/users\/2"}],"replies":[{"embeddable":true,"href":"https:\/\/www.europesays.com\/es\/wp-json\/wp\/v2\/comments?post=176020"}],"version-history":[{"count":0,"href":"https:\/\/www.europesays.com\/es\/wp-json\/wp\/v2\/posts\/176020\/revisions"}],"wp:featuredmedia":[{"embeddable":true,"href":"https:\/\/www.europesays.com\/es\/wp-json\/wp\/v2\/media\/176021"}],"wp:attachment":[{"href":"https:\/\/www.europesays.com\/es\/wp-json\/wp\/v2\/media?parent=176020"}],"wp:term":[{"taxonomy":"category","embeddable":true,"href":"https:\/\/www.europesays.com\/es\/wp-json\/wp\/v2\/categories?post=176020"},{"taxonomy":"post_tag","embeddable":true,"href":"https:\/\/www.europesays.com\/es\/wp-json\/wp\/v2\/tags?post=176020"}],"curies":[{"name":"wp","href":"https:\/\/api.w.org\/{rel}","templated":true}]}}