{"id":176030,"date":"2025-10-14T11:16:13","date_gmt":"2025-10-14T11:16:13","guid":{"rendered":"https:\/\/www.europesays.com\/es\/176030\/"},"modified":"2025-10-14T11:16:13","modified_gmt":"2025-10-14T11:16:13","slug":"un-estudio-asocia-el-consumo-de-refrescos-tanto-light-como-azucarados-con-un-mayor-riesgo-de-enfermedad-hepatica","status":"publish","type":"post","link":"https:\/\/www.europesays.com\/es\/176030\/","title":{"rendered":"Un estudio asocia el consumo de refrescos, tanto light como azucarados, con un mayor riesgo de enfermedad hep\u00e1tica"},"content":{"rendered":"<p class=\"c-paragraph\">Desde hace tiempo, se sabe que el <a href=\"https:\/\/www.20minutos.es\/salud\/nutricion\/efectos-corazon-tomar-bebidas-azucaradas-diario-5668895\/\" rel=\"nofollow noopener\" target=\"_blank\">consumo elevado de az\u00facar<\/a> se asocia con un mayor riesgo de padecer varias enfermedades graves y cr\u00f3nicas, y los expertos han se\u00f1alado a los refrescos azucarados como una fuente importante. Con todo, persisten las dudas sobre hasta qu\u00e9 punto las alternativas light, con endulzantes artificiales, son una <b>alternativa m\u00e1s saludable<\/b> para las personas sin patolog\u00edas espec\u00edficas de base.\u00a0<\/p>\n<p class=\"c-paragraph\">En este sentido, un nuevo estudio ha encontrado que tanto los refrescos azucarados como los light se asocian con un mayor riesgo de padecer esteatosis hep\u00e1tica metab\u00f3lica, una enfermedad del h\u00edgado que consiste en <b>una acumulaci\u00f3n anormal de grasa en el h\u00edgado<\/b> que no es resultado de un consumo excesivo de alcohol.<\/p>\n<p>Relaci\u00f3n entre refrescos light y esteatosis hep\u00e1tica<\/p>\n<p class=\"c-paragraph\">Tal y como explica la investigaci\u00f3n, que ser\u00e1 presentada en el congreso anual de la asociaci\u00f3n United European Gastroenterology UEG Week 2025 y de cuyos resultados se ha hecho eco el portal de noticias sobre medicina <a href=\"https:\/\/www.medicalnewstoday.com\/articles\/diet-and-regular-sodas-are-linked-to-liver-disease#Drinking-more-than-1-can-of-any-soda-daily-linked-to-liver-problems\" rel=\"nofollow noreferrer noopener\" target=\"_blank\">Medical News Today<\/a>, esta conclusi\u00f3n se desprende de un an\u00e1lisis de datos de m\u00e1s de 103.000 participantes recogidos en la base de datos UK Biobank, a los que se realiz\u00f3 <b>un seguimiento medio de m\u00e1s de diez a\u00f1os.<\/b><\/p>\n<p class=\"c-paragraph\">Durante ese tiempo, dentro de la muestra, 949 participantes desarrollaron <b>esteatosis hep\u00e1tica metab\u00f3lica<\/b> y 103 fallecieron por enfermedades del h\u00edgado.\u00a0<\/p>\n<p class=\"c-paragraph\">As\u00ed, los investigadores quisieron indagar en la relaci\u00f3n entre el <b>consumo de refrescos <\/b>y el riesgo de desarrollar esteatosis hep\u00e1tica metab\u00f3lica, el contenido en grasa de los tejidos hep\u00e1ticos y la mortalidad hep\u00e1tica.\u00a0<\/p>\n<p>Hasta un 60% m\u00e1s de riesgo<\/p>\n<p class=\"c-paragraph\">De este modo, encontraron que el consumo de <b>m\u00e1s de 330g (una lata)<\/b> al d\u00eda de cualquiera de los dos tipos de refresco (azucarado o sin az\u00facar) incrementaba el riesgo de desarrollar esteatosis hep\u00e1tica metab\u00f3lica. En el caso de las azucaradas, el aumento era de hasta un 50%; en el de las light, llegaba a alcanzar el 60%.\u00a0<\/p>\n<p class=\"c-paragraph\">Al mismo tiempo, mientras que el consumo de refrescos bajos en az\u00facar o sin az\u00facar<b> incrementaba la mortalidad hep\u00e1tica<\/b>, los refrescos con az\u00facar no parec\u00edan tener este efecto. Los autores resaltan adem\u00e1s que la relaci\u00f3n entre los refrescos bajos en az\u00facar o sin az\u00facar y la mortalidad hep\u00e1tica era dependiente de la dosis; cuanto mayor era el consumo, mayor era el incremento en el riesgo de fallecer por esta causa.\u00a0<\/p>\n<p class=\"c-paragraph\">Otra cuesti\u00f3n interesante es que el trabajo encontr\u00f3 que el cambio de cualquiera de estas bebidas por agua disminu\u00eda el <b>riesgo de padecer esteatosis hep\u00e1tica metab\u00f3lica<\/b>, siendo la relaci\u00f3n ligeramente m\u00e1s robusta en el caso de las bebidas azucaradas. Por el contrario, cambiar un tipo de bebida por otra no afectaba al riesgo de sufrir la patolog\u00eda.<\/p>\n<p>Alternativas no exentas de riesgos<\/p>\n<p class=\"c-paragraph\">Los autores de la investigaci\u00f3n explican que los refrescos sin az\u00facar o con contenido bajo en az\u00facar, muchas veces vistas como &#8216;alternativas m\u00e1s sanas&#8217;, <b>podr\u00edan no estar completamente libres de riesgos<\/b>. A\u00fan as\u00ed, hay que tener en cuenta que por su dise\u00f1o este estudio no puede establecer relaciones de causalidad, y habr\u00e1 que esperar a la publicaci\u00f3n del estudio en una revista acad\u00e9mica para poder saber qu\u00e9 posibles variables se tuvieron en cuenta en el an\u00e1lisis.<\/p>\n<p class=\"c-paragraph\">A ello hay que sumar las <b>limitaciones de la propia base de datos<\/b> utilizada (UK Biobank), que por ejemplo incluye principalmente poblaci\u00f3n de etnia blanca con lo que los resultados podr\u00edan no ser inmediatamente trasladables a poblaciones de otras caracter\u00edsticas raciales.<\/p>\n<p class=\"c-paragraph\">Sea como sea, la investigaci\u00f3n suma a las evidencias que indican que los refrescos con edulcorantes artificiales<b> siguen teniendo riesgos para la salud<\/b> y que aconsejan optar por alternativas que realmente sean m\u00e1s saludables, siendo el agua la m\u00e1s recomendable.<\/p>\n<p>Referencias<\/p>\n<p class=\"c-paragraph\">Jessica Freeborn.\u00a0Both diet and regular sodas are linked to liver disease, new study finds. Medical News Today (2025). Consultado online en\u00a0<a href=\"https:\/\/www.medicalnewstoday.com\/articles\/diet-and-regular-sodas-are-linked-to-liver-disease\" rel=\"nofollow noreferrer noopener\" target=\"_blank\">https:\/\/www.medicalnewstoday.com\/articles\/diet-and-regular-sodas-are-linked-to-liver-disease<\/a> el 14 de octubre de 2025.<\/p>\n<p class=\"c-paragraph\"><a href=\"https:\/\/www.20minutos.es\/salud\/quieres-recibir-mejores-contenidos-cuidar-salud-sentirte-bien-apuntate-gratis-nuestra-nueva-newsletter-5119746\/\" rel=\"nofollow noopener\" target=\"_blank\">\u00bfQuieres recibir los mejores contenidos para cuidar tu salud y sentirte bien? Ap\u00fantate gratis a nuestra newsletter.\u00a0<\/a><\/p>\n<p>   <img loading=\"lazy\" decoding=\"async\" width=\"50\" height=\"50\" src=\"https:\/\/www.europesays.com\/es\/wp-content\/uploads\/2025\/10\/whatsapp-logo.png\" alt=\"Doble Check\"\/>  <\/p>\n<p><b>\u00a1Ya estamos en WhatsApp! <\/b>Si quieres recibir en tu m\u00f3vil toda la actualidad y las noticias m\u00e1s importantes del d\u00eda, <a class=\"enlace-whatsapp\" href=\"https:\/\/www.whatsapp.com\/channel\/0029VaBpla3G8l5CbpH86t3n\" target=\"_blank\" rel=\"nofollow noopener\"><b>pincha aqu\u00ed y \u00fanete a nuestro canal.<\/b><\/a> Es un sistema gratuito, c\u00f3modo y seguro.<\/p>\n<p><img loading=\"lazy\" decoding=\"async\" width=\"102\" height=\"20\" src=\"https:\/\/www.20minutos.es\/images\/logo-horizontal-20m.svg\" class=\"logo-20minutos\" alt=\"Logo de 20minutos\"\/> <\/p>\n","protected":false},"excerpt":{"rendered":"Desde hace tiempo, se sabe que el consumo elevado de az\u00facar se asocia con un mayor riesgo de&hellip;\n","protected":false},"author":2,"featured_media":176031,"comment_status":"","ping_status":"","sticky":false,"template":"","format":"standard","meta":{"footnotes":""},"categories":[92],"tags":[6766,3213,25,24,1292,165,50501,166,23,16743],"class_list":{"0":"post-176030","1":"post","2":"type-post","3":"status-publish","4":"format-standard","5":"has-post-thumbnail","7":"category-salud","8":"tag-asocia","9":"tag-consumo","10":"tag-es","11":"tag-espana","12":"tag-estudio","13":"tag-health","14":"tag-refrescos","15":"tag-salud","16":"tag-spain","17":"tag-un"},"share_on_mastodon":{"url":"","error":""},"_links":{"self":[{"href":"https:\/\/www.europesays.com\/es\/wp-json\/wp\/v2\/posts\/176030","targetHints":{"allow":["GET"]}}],"collection":[{"href":"https:\/\/www.europesays.com\/es\/wp-json\/wp\/v2\/posts"}],"about":[{"href":"https:\/\/www.europesays.com\/es\/wp-json\/wp\/v2\/types\/post"}],"author":[{"embeddable":true,"href":"https:\/\/www.europesays.com\/es\/wp-json\/wp\/v2\/users\/2"}],"replies":[{"embeddable":true,"href":"https:\/\/www.europesays.com\/es\/wp-json\/wp\/v2\/comments?post=176030"}],"version-history":[{"count":0,"href":"https:\/\/www.europesays.com\/es\/wp-json\/wp\/v2\/posts\/176030\/revisions"}],"wp:featuredmedia":[{"embeddable":true,"href":"https:\/\/www.europesays.com\/es\/wp-json\/wp\/v2\/media\/176031"}],"wp:attachment":[{"href":"https:\/\/www.europesays.com\/es\/wp-json\/wp\/v2\/media?parent=176030"}],"wp:term":[{"taxonomy":"category","embeddable":true,"href":"https:\/\/www.europesays.com\/es\/wp-json\/wp\/v2\/categories?post=176030"},{"taxonomy":"post_tag","embeddable":true,"href":"https:\/\/www.europesays.com\/es\/wp-json\/wp\/v2\/tags?post=176030"}],"curies":[{"name":"wp","href":"https:\/\/api.w.org\/{rel}","templated":true}]}}