{"id":176036,"date":"2025-10-14T11:19:09","date_gmt":"2025-10-14T11:19:09","guid":{"rendered":"https:\/\/www.europesays.com\/es\/176036\/"},"modified":"2025-10-14T11:19:09","modified_gmt":"2025-10-14T11:19:09","slug":"amancio-ortega-se-convierte-en-casero-de-amazon-en-liverpool-economia","status":"publish","type":"post","link":"https:\/\/www.europesays.com\/es\/176036\/","title":{"rendered":"Amancio Ortega se convierte en casero de Amazon en Liverpool | Econom\u00eda"},"content":{"rendered":"<p class=\"\">Amancio Ortega ha cerrado su segunda compra en apenas unos d\u00edas. El m\u00e1ximo accionista de Inditex se ha hecho con una plataforma log\u00edstica en las inmediaciones de Liverpool (Reino Unido), donde ser\u00e1 casero de Amazon, confirman fuentes conocedoras de la operaci\u00f3n a <b>Cinco D\u00edas<\/b>. Hace unos d\u00edas, se supo que el fundador de Zara hab\u00eda adquirido la sede del <a href=\"https:\/\/elpais.com\/economia\/2025-10-09\/amancio-ortega-adquiere-las-oficinas-del-banco-sabadell-en-miami-por-236-millones.html\" target=\"_self\" rel=\"nofollow noopener\" title=\"https:\/\/elpais.com\/economia\/2025-10-09\/amancio-ortega-adquiere-las-oficinas-del-banco-sabadell-en-miami-por-236-millones.html\">banco Sabadell en Miami<\/a> (Estados Unidos), en una operaci\u00f3n por la que pag\u00f3 a KKR y Parkway 274 millones de d\u00f3lares, alrededor de 236 millones de euros al cambio actual. <\/p>\n<p class=\"\">Con la compra en Reino Unido, Ortega vuelve a uno de sus mercados inmobiliarios favoritos y contin\u00faa con su estrategia de diversificaci\u00f3n en activos log\u00edsticos, pero siempre con inquilinos de m\u00e1xima fiabilidad y con rentas a largo plazo, como es el caso de Amazon.<\/p>\n<p class=\"\"><a href=\"https:\/\/cincodias.elpais.com\/companias\/2025-09-08\/la-inmobiliaria-de-amancio-ortega-compra-un-hotel-de-cuatro-estrellas-en-amsterdam-y-un-centro-logistico.html\" target=\"_self\" rel=\"nofollow noopener\" title=\"https:\/\/cincodias.elpais.com\/companias\/2025-09-08\/la-inmobiliaria-de-amancio-ortega-compra-un-hotel-de-cuatro-estrellas-en-amsterdam-y-un-centro-logistico.html\">Pontegadea compra<\/a> este activo a PLP, un promotor log\u00edstico brit\u00e1nico, informa el medio local North West Place. PLP es una inmobiliaria que tiene a grandes inversores como Macquarie e Ivanho\u00e9 Cambridge entre sus inversores. El almac\u00e9n adquirido fue concluido en 2022 y tiene una superficie cercana a los 80.000 metros cuadrados. Este activo se encuentra ubicado al norte de Liverpool, a unos 15 kil\u00f3metros del puerto de la ciudad, y est\u00e1 conectado por carretera con Manchester en menos de una hora.<\/p>\n<p class=\"\">La principal transacci\u00f3n de la historia de Pontegadea se produjo en log\u00edstica en EE UU. En septiembre de 2022 desembols\u00f3 905 millones por nueve almacenes, adquiridos a la inmobiliaria <a href=\"https:\/\/eur01.safelinks.protection.outlook.com\/?url=https%3A%2F%2Ft.newsletter.elpais.com%2Fr%2F%3Fid%3Dhda22c906%2Cce75202%2C51cdc3a%26e%3DcDE9ZWNvbm9taWF5ZW1wcmVzYXNfMjAyNS4xMC4xM2EmcDI9ZWNvbm9taWF5ZW1wcmVzYXNfMjAyNS4xMC4xM2E%26s%3DErl9YImCv3Z26n9xf2vo61588eJPiLPxzTARahmUwMY&amp;data=05%7C02%7Casimon%40cincodias.es%7C4915348c66de4cff660808de0a2ea232%7Cc4fd49f3e15a44d882e2c909735d2e45%7C0%7C0%7C638959392567399620%7CUnknown%7CTWFpbGZsb3d8eyJFbXB0eU1hcGkiOnRydWUsIlYiOiIwLjAuMDAwMCIsIlAiOiJXaW4zMiIsIkFOIjoiTWFpbCIsIldUIjoyfQ%3D%3D%7C0%7C%7C%7C&amp;sdata=nOhAJ1pkl4FleY7QNFdQLVT2mU5VqX%2B%2BOTgpoQrH9i8%3D&amp;reserved=0\" rel=\"nofollow noopener\" target=\"_blank\">Realty Income y operadas por empresas de primera fila como Amazon, Fedex TJX, Home Depot y Nestl\u00e9<\/a>. Daba as\u00ed el primer gran paso para entrar en la log\u00edstica, en unas operaciones que desde entonces ha ido repitiendo en Am\u00e9rica y Europa. <\/p>\n<p class=\"\">La relaci\u00f3n inmobiliaria de Ortega con la empresa del tambi\u00e9n multimillonario Jeff Bezzos viene de lejos. En 2018, se hizo con uno de los complejos <a href=\"https:\/\/cincodias.elpais.com\/cincodias\/2018\/11\/19\/companias\/1542636006_926968.html\" target=\"_self\" rel=\"nofollow noopener\" title=\"https:\/\/cincodias.elpais.com\/cincodias\/2018\/11\/19\/companias\/1542636006_926968.html\">donde Amazon tiene<\/a> su sede central en Seattle (EE UU), valorados entonces en 655 millones. Hace dos a\u00f1os, adquiri\u00f3 la mayor plataforma log\u00edstica del gigante del <a href=\"https:\/\/cincodias.elpais.com\/companias\/2023-12-01\/amancio-ortega-compra-el-mayor-centro-logistico-de-amazon-en-irlanda-por-unos-225-millones.html\" target=\"_self\" rel=\"nofollow noopener\" title=\"https:\/\/cincodias.elpais.com\/companias\/2023-12-01\/amancio-ortega-compra-el-mayor-centro-logistico-de-amazon-en-irlanda-por-unos-225-millones.html\">comercio online en Irlanda<\/a> por 225 millones. Tambi\u00e9n es casero de Amazon en Madrid, donde la multinacional americana tiene <a href=\"https:\/\/cincodias.elpais.com\/cincodias\/2019\/07\/18\/companias\/1563448256_335711.html\" target=\"_self\" rel=\"nofollow noopener\" title=\"https:\/\/cincodias.elpais.com\/cincodias\/2019\/07\/18\/companias\/1563448256_335711.html\">siete plantas de la Torre Foster<\/a> alquiladas para sus oficinas.<\/p>\n<p class=\"\">Aunque Ortega tradicionalmente ha invertido los dividendos procedentes de Inditex en segmentos m\u00e1s tradicionales como oficinas, tiendas y hoteles, \u00faltimamente tambi\u00e9n ha entrado en log\u00edstica a los dos lados del Atl\u00e1ntico para diversificar sus inversiones, igualmente que lo ha hecho en vivienda en alquiler destinado a rentas altas.<\/p>\n<p class=\"\">Siguiendo la estela de los \u00faltimos a\u00f1os, a finales de 2024 se hizo con dos <a href=\"https:\/\/eur01.safelinks.protection.outlook.com\/?url=https%3A%2F%2Ft.newsletter.elpais.com%2Fr%2F%3Fid%3Dhda22c906%2Cce75202%2C51cdc3b%26e%3DcDE9ZWNvbm9taWF5ZW1wcmVzYXNfMjAyNS4xMC4xM2EmcDI9ZWNvbm9taWF5ZW1wcmVzYXNfMjAyNS4xMC4xM2E%26s%3DQkWjfxi4YLA4v_6OIT0hrmbWT3KRbFEySMJwIHefz6I&amp;data=05%7C02%7Casimon%40cincodias.es%7C4915348c66de4cff660808de0a2ea232%7Cc4fd49f3e15a44d882e2c909735d2e45%7C0%7C0%7C638959392567422188%7CUnknown%7CTWFpbGZsb3d8eyJFbXB0eU1hcGkiOnRydWUsIlYiOiIwLjAuMDAwMCIsIlAiOiJXaW4zMiIsIkFOIjoiTWFpbCIsIldUIjoyfQ%3D%3D%7C0%7C%7C%7C&amp;sdata=X1JwiS8MVJQO5DnG3xhp262AwT5gblMwGbSCJ6rQsFw%3D&amp;reserved=0\" rel=\"nofollow noopener\" target=\"_blank\">naves log\u00edsticas en Alemania<\/a> por m\u00e1s de 150 millones. Sus \u00faltimas adquisiciones en el mercado estadounidense han consistido en naves log\u00edsticas en Miami y en California (<a href=\"https:\/\/eur01.safelinks.protection.outlook.com\/?url=https%3A%2F%2Ft.newsletter.elpais.com%2Fr%2F%3Fid%3Dhda22c906%2Cce75202%2C51cdc3d%26e%3DcDE9ZWNvbm9taWF5ZW1wcmVzYXNfMjAyNS4xMC4xM2EmcDI9ZWNvbm9taWF5ZW1wcmVzYXNfMjAyNS4xMC4xM2E%26s%3D2n8S4a75FQv3SDKxi8SIXZL8SShHvwcUyjGgiA9JYv4&amp;data=05%7C02%7Casimon%40cincodias.es%7C4915348c66de4cff660808de0a2ea232%7Cc4fd49f3e15a44d882e2c909735d2e45%7C0%7C0%7C638959392567460862%7CUnknown%7CTWFpbGZsb3d8eyJFbXB0eU1hcGkiOnRydWUsIlYiOiIwLjAuMDAwMCIsIlAiOiJXaW4zMiIsIkFOIjoiTWFpbCIsIldUIjoyfQ%3D%3D%7C0%7C%7C%7C&amp;sdata=0Orwv%2Fvynp%2FmgviVj8KrogYvBuIOGibUl2kgM8WmBAA%3D&amp;reserved=0\" rel=\"nofollow noopener\" target=\"_blank\">en este caso para Walmart<\/a>). <\/p>\n<p class=\"\">Entre sus \u00faltimas compras destaca un <a href=\"https:\/\/eur01.safelinks.protection.outlook.com\/?url=https%3A%2F%2Ft.newsletter.elpais.com%2Fr%2F%3Fid%3Dhda22c906%2Cce75202%2C51cdc37%26e%3DcDE9ZWNvbm9taWF5ZW1wcmVzYXNfMjAyNS4xMC4xM2EmcDI9ZWNvbm9taWF5ZW1wcmVzYXNfMjAyNS4xMC4xM2E%26s%3D8q-FOdcyNTl_WSMyV9xRfVPYAsLGkMCkmc6HbQQb_tc&amp;data=05%7C02%7Casimon%40cincodias.es%7C4915348c66de4cff660808de0a2ea232%7Cc4fd49f3e15a44d882e2c909735d2e45%7C0%7C0%7C638959392567323487%7CUnknown%7CTWFpbGZsb3d8eyJFbXB0eU1hcGkiOnRydWUsIlYiOiIwLjAuMDAwMCIsIlAiOiJXaW4zMiIsIkFOIjoiTWFpbCIsIldUIjoyfQ%3D%3D%7C0%7C%7C%7C&amp;sdata=9EPnUKVVOAY1laiwUiK3krcL6pvlDfH9XchVCDUzXPI%3D&amp;reserved=0\" rel=\"nofollow noopener\" target=\"_blank\">hotel y un centro log\u00edstico en Pa\u00edses Bajos<\/a> por 230 millones. Tambi\u00e9n el hotel Banke en el centro de Par\u00eds por 97 millones, as\u00ed como<a href=\"https:\/\/eur01.safelinks.protection.outlook.com\/?url=https%3A%2F%2Ft.newsletter.elpais.com%2Fr%2F%3Fid%3Dhda22c906%2Cce75202%2C51cdc38%26e%3DcDE9ZWNvbm9taWF5ZW1wcmVzYXNfMjAyNS4xMC4xM2EmcDI9ZWNvbm9taWF5ZW1wcmVzYXNfMjAyNS4xMC4xM2E%26s%3D4D4fISDNicT6NaJh5XiCPljlLGkBTJHgd_3uBd7W1Vo&amp;data=05%7C02%7Casimon%40cincodias.es%7C4915348c66de4cff660808de0a2ea232%7Cc4fd49f3e15a44d882e2c909735d2e45%7C0%7C0%7C638959392567350132%7CUnknown%7CTWFpbGZsb3d8eyJFbXB0eU1hcGkiOnRydWUsIlYiOiIwLjAuMDAwMCIsIlAiOiJXaW4zMiIsIkFOIjoiTWFpbCIsIldUIjoyfQ%3D%3D%7C0%7C%7C%7C&amp;sdata=whdQhqYkGoF1m%2Fj4nfRjc4UT%2FnwfACOKuUZoN0NmpbQ%3D&amp;reserved=0\" rel=\"nofollow noopener\" target=\"_blank\"> un edificio de oficinas<\/a> a escasos metros de la \u00d3pera parisina por 200 millones o un edificio de oficinas en los <a href=\"https:\/\/eur01.safelinks.protection.outlook.com\/?url=https%3A%2F%2Ft.newsletter.elpais.com%2Fr%2F%3Fid%3Dhda22c906%2Cce75202%2C51cdc39%26e%3DcDE9ZWNvbm9taWF5ZW1wcmVzYXNfMjAyNS4xMC4xM2EmcDI9ZWNvbm9taWF5ZW1wcmVzYXNfMjAyNS4xMC4xM2E%26s%3D0GoEqEJO2T6qvmhNJXQncd-wIYwXlylnSbQOv0IxKkA&amp;data=05%7C02%7Casimon%40cincodias.es%7C4915348c66de4cff660808de0a2ea232%7Cc4fd49f3e15a44d882e2c909735d2e45%7C0%7C0%7C638959392567375295%7CUnknown%7CTWFpbGZsb3d8eyJFbXB0eU1hcGkiOnRydWUsIlYiOiIwLjAuMDAwMCIsIlAiOiJXaW4zMiIsIkFOIjoiTWFpbCIsIldUIjoyfQ%3D%3D%7C0%7C%7C%7C&amp;sdata=OPi5jBUok3h2bZiIRceL7XdMSjDD352uxLKQwTTHHPQ%3D&amp;reserved=0\" rel=\"nofollow noopener\" target=\"_blank\">muelles de Dubl\u00edn<\/a> por 70 millones.<\/p>\n<p class=\"\">Ortega, que dispone de una fortuna valorada en 123.900 millones de d\u00f3lares (106.635 millones de euros, a cambio actual), ha vuelto tambi\u00e9n al mercado espa\u00f1ol en los \u00faltimos meses con la <a href=\"https:\/\/cincodias.elpais.com\/companias\/2025-05-30\/amancio-ortega-cierra-la-compra-de-la-sede-de-planeta-en-barcelona-por-250-millones.html?sma=economiayempresas_2025.10.13a&amp;utm_medium=email&amp;utm_source=newsletter&amp;utm_campaign=economiayempresas_2025.10.13a\" target=\"_self\" rel=\"nofollow noopener\" title=\"https:\/\/cincodias.elpais.com\/companias\/2025-05-30\/amancio-ortega-cierra-la-compra-de-la-sede-de-planeta-en-barcelona-por-250-millones.html?sma=economiayempresas_2025.10.13a&amp;utm_medium=email&amp;utm_source=newsletter&amp;utm_campaign=economiayempresas_2025.10.13a\">adquisici\u00f3n de la sede de Planeta<\/a> en Barcelona por 250 millones.<\/p>\n<p class=\"\">Con la adquisici\u00f3n en Liverpool, Pontegadea vuelve a uno de sus mercados favoritos, junto a EE UU. En 2023 se hizo, tambi\u00e9n en Reino Unido, con otra propiedad <a href=\"https:\/\/eur01.safelinks.protection.outlook.com\/?url=https%3A%2F%2Fcincodias.elpais.com%2Fcompanias%2F2023-04-19%2Famancio-ortega-se-hace-con-una-antigua-sede-de-la-bbc-en-londres.html&amp;data=05%7C02%7CJGarciaR%40elpais.es%7C5ff8bfc51be549e982e208dd234b66cc%7Cc4fd49f3e15a44d882e2c909735d2e45%7C0%7C0%7C638705528921429135%7CUnknown%7CTWFpbGZsb3d8eyJFbXB0eU1hcGkiOnRydWUsIlYiOiIwLjAuMDAwMCIsIlAiOiJXaW4zMiIsIkFOIjoiTWFpbCIsIldUIjoyfQ%3D%3D%7C0%7C%7C%7C&amp;sdata=S0EhgzLZ53BGmGW2ObKlxcixx%2F2nEF%2BpfJfBZ1JKmC8%3D&amp;reserved=0\" rel=\"nofollow noopener\" target=\"_blank\">inmobiliaria en el centro de Londres, una de las ciudades fetiche del multimillonario. Igualmente, adquiri\u00f3 al fondo Abrdn unas antiguas oficinas de la BBC<\/a> en el c\u00e9ntrico y caro barrio de Fitzrovia por 82 millones de libras (alrededor de 93 millones de euros, al cambio de entonces). <\/p>\n<p class=\"\">No obstante, la gran compra del fundador de Zara en la capital brit\u00e1nica fue The Post Building en 2019, por alrededor de 700 millones. Tambi\u00e9n all\u00ed ha adquirido, entre otras propiedades, dos inmuebles en Oxford Street; el n\u00famero 21 de St. James; la sede de la minera R\u00edo Tinto tambi\u00e9n en St. James Square; Almack House, y Devonshire House, un gigantesco edificio en Picadilly, entre otros.<\/p>\n","protected":false},"excerpt":{"rendered":"Amancio Ortega ha cerrado su segunda compra en apenas unos d\u00edas. El m\u00e1ximo accionista de Inditex se ha&hellip;\n","protected":false},"author":2,"featured_media":176037,"comment_status":"","ping_status":"","sticky":false,"template":"","format":"standard","meta":{"footnotes":""},"categories":[80],"tags":[18247,912,82,95,94,2308,25,24,3906,2639,3634,24721,31801,23],"class_list":{"0":"post-176036","1":"post","2":"type-post","3":"status-publish","4":"format-standard","5":"has-post-thumbnail","7":"category-economia","8":"tag-amancio-ortega","9":"tag-amazon","10":"tag-business","11":"tag-economia","12":"tag-economy","13":"tag-empresas","14":"tag-es","15":"tag-espana","16":"tag-inditex","17":"tag-logistica","18":"tag-mercado-inmobiliario","19":"tag-oficinas","20":"tag-pontegadea-inmobiliaria","21":"tag-spain"},"share_on_mastodon":{"url":"","error":""},"_links":{"self":[{"href":"https:\/\/www.europesays.com\/es\/wp-json\/wp\/v2\/posts\/176036","targetHints":{"allow":["GET"]}}],"collection":[{"href":"https:\/\/www.europesays.com\/es\/wp-json\/wp\/v2\/posts"}],"about":[{"href":"https:\/\/www.europesays.com\/es\/wp-json\/wp\/v2\/types\/post"}],"author":[{"embeddable":true,"href":"https:\/\/www.europesays.com\/es\/wp-json\/wp\/v2\/users\/2"}],"replies":[{"embeddable":true,"href":"https:\/\/www.europesays.com\/es\/wp-json\/wp\/v2\/comments?post=176036"}],"version-history":[{"count":0,"href":"https:\/\/www.europesays.com\/es\/wp-json\/wp\/v2\/posts\/176036\/revisions"}],"wp:featuredmedia":[{"embeddable":true,"href":"https:\/\/www.europesays.com\/es\/wp-json\/wp\/v2\/media\/176037"}],"wp:attachment":[{"href":"https:\/\/www.europesays.com\/es\/wp-json\/wp\/v2\/media?parent=176036"}],"wp:term":[{"taxonomy":"category","embeddable":true,"href":"https:\/\/www.europesays.com\/es\/wp-json\/wp\/v2\/categories?post=176036"},{"taxonomy":"post_tag","embeddable":true,"href":"https:\/\/www.europesays.com\/es\/wp-json\/wp\/v2\/tags?post=176036"}],"curies":[{"name":"wp","href":"https:\/\/api.w.org\/{rel}","templated":true}]}}