{"id":176051,"date":"2025-10-14T11:29:20","date_gmt":"2025-10-14T11:29:20","guid":{"rendered":"https:\/\/www.europesays.com\/es\/176051\/"},"modified":"2025-10-14T11:29:20","modified_gmt":"2025-10-14T11:29:20","slug":"piastri-suena-como-reemplazo-de-hamilton-en-ferrari","status":"publish","type":"post","link":"https:\/\/www.europesays.com\/es\/176051\/","title":{"rendered":"Piastri suena como reemplazo de Hamilton en Ferrari"},"content":{"rendered":"<p class=\"Paragraph-module-scss-module__YTaiWG__paragraph\">Si eres aficionado a la <strong>F\u00f3rmula 1<\/strong>, ya sabr\u00e1s que el mercado de pilotos de cara a 2026 est\u00e1 ya bastante definido en su mayor parte. Apenas falta conocer si Franco Colapinto o Paul Aaron acompa\u00f1ar\u00e1n a Pierre Gasly en Alpine, o qu\u00e9 ocurrir\u00e1 con la vacante que muy presumiblemente dejar\u00e1 Yuki Tsunoda en Red Bull. Y tampoco hay mucho misterio, ya que lo m\u00e1s probable es que esta sea para Isack Hadjar, as\u00ed como que la del franc\u00e9s en Racing Bulls la ocupe Arvid Lindblad.<\/p>\n<p class=\"Paragraph-module-scss-module__YTaiWG__paragraph\">Ahora bien, de cara a <strong>2027<\/strong> la cosa cambia, y mucho. Todos los equipos han querido tener al menos a uno de sus dos pilotos actuales atados para el a\u00f1o que viene con la intenci\u00f3n de mantener la estabilidad de cara a la llegada del nuevo reglamento t\u00e9cnico, que rompe con todo. De esa forma, se elimina una variable de la ecuaci\u00f3n.<\/p>\n<p class=\"Paragraph-module-scss-module__YTaiWG__paragraph Paragraph-module-scss-module__YTaiWG__paragraph--highlighted\">Puede crear un caos similar al que ya se produjo durante las dos m\u00edticas rivalidades Senna-Prost y Alonso-Hamilton<\/p>\n<p class=\"Paragraph-module-scss-module__YTaiWG__paragraph\">\nPor esa raz\u00f3n, muchos pilotos ser\u00e1n agentes libres de cara a 2027, y ah\u00ed<br \/>\n es donde se producir\u00e1 la verdadera batalla por conseguir al mejor<br \/>\npiloto posible. Una guerra en la que, adem\u00e1s de <strong>McLaren<\/strong>, Ferrari, Mercedes y Red Bull, entrar\u00e1n equipos con grandes aspiraciones \u2014y atractivo\u2014 como Aston Martin o Audi.<\/p>\n<p>Pilotos veteranos que dicen adi\u00f3s<\/p>\n<p class=\"Paragraph-module-scss-module__YTaiWG__paragraph\">No hay nada confirmado, pero entra dentro de la l\u00f3gica que pilotos veteranos como <strong>Fernando Alonso<\/strong> y Lewis Hamilton digan adi\u00f3s a la F\u00f3rmula 1 al t\u00e9rmino de la temporada que viene. Eso dejar\u00eda dos vacantes muy apetecibles, y los rumores iniciados por la publicaci\u00f3n suiza Blick se\u00f1alan en direcci\u00f3n a Oscar Piastri como reemplazo del heptacampe\u00f3n del mundo.<\/p>\n<p class=\"Paragraph-module-scss-module__YTaiWG__paragraph\">Mientras Mercedes y Aston Martin ocupan posiciones de cara a una futura puja por <strong>Max Verstappen<\/strong>, la mencionada publicaci\u00f3n apunta que Piastri est\u00e1 empezando a sondear opciones de cara a una futura salida de McLaren. \u00bfLa raz\u00f3n? Que la gesti\u00f3n de su rivalidad por el campeonato con Lando Norris no est\u00e1 siendo gestionada al gusto del australiano.<\/p>\n<p><img figcaption=\"Lando Norris ataca a Oscar Piastri en Singapur\" alt=\"\" loading=\"lazy\" width=\"1280\" height=\"720\" decoding=\"async\" data-nimg=\"1\" class=\"Image-module-scss-module__gObqBW__img\" style=\"color:transparent\"   src=\"https:\/\/www.europesays.com\/es\/wp-content\/uploads\/2025\/10\/piastri-reemplazo-hamilton-ferrari-2025110489-1760348985_2.jpg\"\/>Lando Norris ataca a Oscar Piastri en Singapur<\/p>\n<p class=\"Paragraph-module-scss-module__YTaiWG__paragraph\">Sucesos como la <a class=\"Button-module-scss-module__pf66aq__link Button-module-scss-module__pf66aq__link--content NewsContent-module-scss-module__6_SHrq__news-content__link\" href=\"https:\/\/www.motor.es\/formula-1\/cronica-gp-italia-2025109967.html\" rel=\"nofollow noopener\" target=\"_blank\">orden de equipo de Monza<\/a> que oblig\u00f3 a Piastri a ceder la posici\u00f3n a <strong>Norris<\/strong> para compensar una parada lenta del ingl\u00e9s, o el agresivo pilotaje de este en Singapur sin que el equipo tomara partido, han propiciado que el piloto de 24 a\u00f1os pierda confianza en McLaren, pasando a explorar otras opciones para 2027.<\/p>\n<p>\u00bfEs factible ver a Piastri vestido de rojo?<\/p>\n<p class=\"Paragraph-module-scss-module__YTaiWG__paragraph\">Al comienzo de esta misma temporada, <strong>McLaren<\/strong> anunci\u00f3 la <a class=\"Button-module-scss-module__pf66aq__link Button-module-scss-module__pf66aq__link--content NewsContent-module-scss-module__6_SHrq__news-content__link\" href=\"https:\/\/www.motor.es\/formula-1\/mclaren-renueva-oscar-piastri-confirma-proyecto-largo-plazo-2025107122.html\" rel=\"nofollow noopener\" target=\"_blank\">renovaci\u00f3n de Oscar Piastri<\/a> mediante un contrato \u00abplurianual\u00bb. Esto quiere decir que, como m\u00ednimo, el australiano tiene un acuerdo con el equipo de Woking hasta finales de 2027.<\/p>\n<p class=\"Paragraph-module-scss-module__YTaiWG__paragraph\">Por su parte, <strong>Lewis Hamilton<\/strong> realiz\u00f3 el mismo movimiento con Ferrari, por lo que sobre el papel el fichaje es inviable. Ahora bien, la continuidad del ingl\u00e9s est\u00e1 en entredicho por su bajo rendimiento y, en el caso de que la situaci\u00f3n sea la misma con los nuevos monoplazas, el propio piloto \u2014que en enero cumplir\u00e1 41 a\u00f1os\u2014 podr\u00eda decidir retirarse.<\/p>\n<p class=\"Paragraph-module-scss-module__YTaiWG__paragraph\">Por otro lado, McLaren no querr\u00e1 tener un piloto que no desea continuar en el equipo y que, por tanto, puede crear un caos similar al que ya se produjo durante las dos m\u00edticas rivalidades Senna-Prost y Alonso-Hamilton. Pero, \u00bfquerr\u00eda <strong>Oscar Piastri<\/strong> marcharse de un equipo que actualmente domina en la F\u00f3rmula 1 y con un compa\u00f1ero al que ha demostrado que es perfectamente capaz de vencer?<\/p>\n<p class=\"Paragraph-module-scss-module__YTaiWG__paragraph\">De momento, parece poco probable, pero la parrilla se reordenar\u00e1 en 2026 y, si la competitividad de unos y otros equipos cambia, tambi\u00e9n lo har\u00e1n las preferencias de muchos pilotos. Toca esperar\u2026<\/p>\n","protected":false},"excerpt":{"rendered":"Si eres aficionado a la F\u00f3rmula 1, ya sabr\u00e1s que el mercado de pilotos de cara a 2026&hellip;\n","protected":false},"author":2,"featured_media":176052,"comment_status":"","ping_status":"","sticky":false,"template":"","format":"standard","meta":{"footnotes":""},"categories":[270],"tags":[168,25,24,306,271,272,23,167],"class_list":{"0":"post-176051","1":"post","2":"type-post","3":"status-publish","4":"format-standard","5":"has-post-thumbnail","7":"category-formula-1","8":"tag-deportes","9":"tag-es","10":"tag-espana","11":"tag-f1","12":"tag-formula-1","13":"tag-formula1","14":"tag-spain","15":"tag-sports"},"share_on_mastodon":{"url":"","error":""},"_links":{"self":[{"href":"https:\/\/www.europesays.com\/es\/wp-json\/wp\/v2\/posts\/176051","targetHints":{"allow":["GET"]}}],"collection":[{"href":"https:\/\/www.europesays.com\/es\/wp-json\/wp\/v2\/posts"}],"about":[{"href":"https:\/\/www.europesays.com\/es\/wp-json\/wp\/v2\/types\/post"}],"author":[{"embeddable":true,"href":"https:\/\/www.europesays.com\/es\/wp-json\/wp\/v2\/users\/2"}],"replies":[{"embeddable":true,"href":"https:\/\/www.europesays.com\/es\/wp-json\/wp\/v2\/comments?post=176051"}],"version-history":[{"count":0,"href":"https:\/\/www.europesays.com\/es\/wp-json\/wp\/v2\/posts\/176051\/revisions"}],"wp:featuredmedia":[{"embeddable":true,"href":"https:\/\/www.europesays.com\/es\/wp-json\/wp\/v2\/media\/176052"}],"wp:attachment":[{"href":"https:\/\/www.europesays.com\/es\/wp-json\/wp\/v2\/media?parent=176051"}],"wp:term":[{"taxonomy":"category","embeddable":true,"href":"https:\/\/www.europesays.com\/es\/wp-json\/wp\/v2\/categories?post=176051"},{"taxonomy":"post_tag","embeddable":true,"href":"https:\/\/www.europesays.com\/es\/wp-json\/wp\/v2\/tags?post=176051"}],"curies":[{"name":"wp","href":"https:\/\/api.w.org\/{rel}","templated":true}]}}